{"id":99,"date":"2011-02-15T12:52:38","date_gmt":"2011-02-15T12:52:38","guid":{"rendered":"https:\/\/www.preservons-la-nature.fr\/blog\/?p=99"},"modified":"2011-02-15T12:52:38","modified_gmt":"2011-02-15T12:52:38","slug":"premieres-violettes-odorantes-sur-le-bord-de-loire","status":"publish","type":"post","link":"https:\/\/preservons-la-nature.fr\/blog\/?p=99","title":{"rendered":"Premi\u00e8res violettes odorantes sur le bord de Loire"},"content":{"rendered":"<p>Le printemps pointe d\u00e9j\u00e0 le bout de son nez. Apr\u00e8s les perce-neiges, voici les premi\u00e8res violettes odorantes (<em>Viola odorata<\/em>), accompagn\u00e9es par les premi\u00e8res v\u00e9roniques \u00e0 feuilles de lierres (<em>Veronica hederifolia<\/em>). Les premi\u00e8res ficaires (<em>Ranunculus ficaria<\/em>) aux p\u00e9tales si jaunes ne tarderont pas non plus \u00e0 s&rsquo;ouvrir d&rsquo;ici une semaine.<\/p>\n<div id=\"attachment_100\" style=\"width: 624px\" class=\"wp-caption aligncenter\"><a href=\"https:\/\/www.preservons-la-nature.fr\/blog\/wp-content\/uploads\/2011\/02\/DSC2522.jpg\"><img loading=\"lazy\" decoding=\"async\" aria-describedby=\"caption-attachment-100\" class=\"size-full wp-image-100 \" title=\"Viola odorata\" src=\"https:\/\/www.preservons-la-nature.fr\/blog\/wp-content\/uploads\/2011\/02\/DSC2522.jpg\" alt=\"Viola odorata\" width=\"614\" height=\"410\" srcset=\"https:\/\/preservons-la-nature.fr\/blog\/wp-content\/uploads\/2011\/02\/DSC2522.jpg 1024w, https:\/\/preservons-la-nature.fr\/blog\/wp-content\/uploads\/2011\/02\/DSC2522-300x200.jpg 300w\" sizes=\"auto, (max-width: 614px) 100vw, 614px\" \/><\/a><p id=\"caption-attachment-100\" class=\"wp-caption-text\">Viola odorata<\/p><\/div>\n<div id=\"attachment_101\" style=\"width: 624px\" class=\"wp-caption aligncenter\"><a href=\"https:\/\/www.preservons-la-nature.fr\/blog\/wp-content\/uploads\/2011\/02\/DSC2476.jpg\"><img loading=\"lazy\" decoding=\"async\" aria-describedby=\"caption-attachment-101\" class=\"size-full wp-image-101 \" title=\"Veronica hederifolia\" src=\"https:\/\/www.preservons-la-nature.fr\/blog\/wp-content\/uploads\/2011\/02\/DSC2476.jpg\" alt=\"Veronica hederifolia\" width=\"614\" height=\"410\" srcset=\"https:\/\/preservons-la-nature.fr\/blog\/wp-content\/uploads\/2011\/02\/DSC2476.jpg 1024w, https:\/\/preservons-la-nature.fr\/blog\/wp-content\/uploads\/2011\/02\/DSC2476-300x200.jpg 300w\" sizes=\"auto, (max-width: 614px) 100vw, 614px\" \/><\/a><p id=\"caption-attachment-101\" class=\"wp-caption-text\">Veronica hederifolia<\/p><\/div>\n","protected":false},"excerpt":{"rendered":"<p>Le printemps pointe d\u00e9j\u00e0 le bout de son nez. Apr\u00e8s les perce-neiges, voici les premi\u00e8res violettes odorantes (Viola odorata), accompagn\u00e9es par les premi\u00e8res v\u00e9roniques \u00e0 feuilles de lierres (Veronica hederifolia). Les premi\u00e8res ficaires (Ranunculus ficaria) aux p\u00e9tales si jaunes ne &hellip; <a href=\"https:\/\/preservons-la-nature.fr\/blog\/?p=99\">Continuer la lecture <span class=\"meta-nav\">&rarr;<\/span><\/a><\/p>\n","protected":false},"author":1,"featured_media":0,"comment_status":"open","ping_status":"open","sticky":false,"template":"","format":"standard","meta":{"footnotes":""},"categories":[3],"tags":[7],"class_list":["post-99","post","type-post","status-publish","format-standard","hentry","category-laloire","tag-loire"],"_links":{"self":[{"href":"https:\/\/preservons-la-nature.fr\/blog\/index.php?rest_route=\/wp\/v2\/posts\/99","targetHints":{"allow":["GET"]}}],"collection":[{"href":"https:\/\/preservons-la-nature.fr\/blog\/index.php?rest_route=\/wp\/v2\/posts"}],"about":[{"href":"https:\/\/preservons-la-nature.fr\/blog\/index.php?rest_route=\/wp\/v2\/types\/post"}],"author":[{"embeddable":true,"href":"https:\/\/preservons-la-nature.fr\/blog\/index.php?rest_route=\/wp\/v2\/users\/1"}],"replies":[{"embeddable":true,"href":"https:\/\/preservons-la-nature.fr\/blog\/index.php?rest_route=%2Fwp%2Fv2%2Fcomments&post=99"}],"version-history":[{"count":1,"href":"https:\/\/preservons-la-nature.fr\/blog\/index.php?rest_route=\/wp\/v2\/posts\/99\/revisions"}],"predecessor-version":[{"id":102,"href":"https:\/\/preservons-la-nature.fr\/blog\/index.php?rest_route=\/wp\/v2\/posts\/99\/revisions\/102"}],"wp:attachment":[{"href":"https:\/\/preservons-la-nature.fr\/blog\/index.php?rest_route=%2Fwp%2Fv2%2Fmedia&parent=99"}],"wp:term":[{"taxonomy":"category","embeddable":true,"href":"https:\/\/preservons-la-nature.fr\/blog\/index.php?rest_route=%2Fwp%2Fv2%2Fcategories&post=99"},{"taxonomy":"post_tag","embeddable":true,"href":"https:\/\/preservons-la-nature.fr\/blog\/index.php?rest_route=%2Fwp%2Fv2%2Ftags&post=99"}],"curies":[{"name":"wp","href":"https:\/\/api.w.org\/{rel}","templated":true}]}}