{"id":969,"date":"2012-04-01T13:17:38","date_gmt":"2012-04-01T13:17:38","guid":{"rendered":"https:\/\/www.preservons-la-nature.fr\/blog\/?p=969"},"modified":"2014-02-27T13:48:09","modified_gmt":"2014-02-27T12:48:09","slug":"eaux-usees-en-loire-la-revue-de-presse","status":"publish","type":"post","link":"https:\/\/preservons-la-nature.fr\/blog\/?p=969","title":{"rendered":"Eaux us\u00e9es en Loire : la revue de presse"},"content":{"rendered":"<p>Diff\u00e9rents journaux viennent d&rsquo;informer la population de l&rsquo;agglom\u00e9ration orl\u00e9anaise du d\u00e9sastre \u00e9cologique en Loire \u00e0 cause de rejets d&rsquo;eaux us\u00e9es dans le fleuve. La journaliste <strong>Christine BERKOVICIUS<\/strong> f\u00fbt la premi\u00e8re \u00e0 r\u00e9v\u00e9ler ce drame dans les colonnes de l&rsquo;hebdomadaire de <strong>l&rsquo;Express<\/strong> en Octobre 2011 :<\/p>\n<div id=\"attachment_970\" style=\"width: 506px\" class=\"wp-caption aligncenter\"><a href=\"https:\/\/www.preservons-la-nature.fr\/blog\/?attachment_id=970\" rel=\"attachment wp-att-970\"><img loading=\"lazy\" decoding=\"async\" aria-describedby=\"caption-attachment-970\" class=\"size-full wp-image-970 \" title=\"La Loire un fleuve pas si clair que \u00e7a : Christine BERKOVICIUS, L'Express 2011\" alt=\"La Loire un fleuve pas si clair que \u00e7a : Christine BERKOVICIUS, L'Express 2011\" src=\"https:\/\/www.preservons-la-nature.fr\/blog\/wp-content\/uploads\/2012\/04\/expressoctobre2011.jpg\" width=\"496\" height=\"448\" srcset=\"https:\/\/preservons-la-nature.fr\/blog\/wp-content\/uploads\/2012\/04\/expressoctobre2011.jpg 826w, https:\/\/preservons-la-nature.fr\/blog\/wp-content\/uploads\/2012\/04\/expressoctobre2011-300x271.jpg 300w\" sizes=\"auto, (max-width: 496px) 100vw, 496px\" \/><\/a><p id=\"caption-attachment-970\" class=\"wp-caption-text\">La Loire un fleuve pas si clair que \u00e7a : Christine BERKOVICIUS, L&rsquo;Express 2011<\/p><\/div>\n<p>Apr\u00e8s l&rsquo;envoi d&rsquo;une lettre ouverte aux \u00e9lus d\u00e9but mars 2012, la journaliste <strong>Marion BONNET<\/strong> du journal <strong>La R\u00e9publique du Centre<\/strong> menait \u00e0 nouveau une enqu\u00eate, o\u00f9 chaque \u00e9lu a \u00e9t\u00e9 contact\u00e9. On retiendra que pour les \u00e9lus, <span style=\"color: #ff0000;\"><strong><em>\u00ab\u00a0c&rsquo;est compliqu\u00e9\u00a0\u00bb<\/em><\/strong><\/span> ou encore pour monsieur LEMAIGNEN pr\u00e9sident de l&rsquo;Agglo <em><span style=\"color: #ff0000;\"><strong>\u00ab\u00a0On fait en fonction de nos priorit\u00e9s et de nos moyens\u00a0\u00bb<\/strong><\/span><\/em>. On apprend donc que les probl\u00e8mes ne sont pas pr\u00eats d&rsquo;\u00eatre r\u00e9solus!<\/p>\n<div id=\"attachment_971\" style=\"width: 449px\" class=\"wp-caption aligncenter\"><a href=\"https:\/\/www.preservons-la-nature.fr\/blog\/?attachment_id=971\" rel=\"attachment wp-att-971\"><img loading=\"lazy\" decoding=\"async\" aria-describedby=\"caption-attachment-971\" class=\"size-full wp-image-971 \" title=\"Ces lingettes dans le lit de la Loire, Marion BONNET et Blondine LAMORISSE, La r\u00e9publique du Centre Mars 2012\" alt=\"Ces lingettes dans le lit de la Loire, Marion BONNET et Blondine LAMORISSE, La r\u00e9publique du Centre Mars 2012\" src=\"https:\/\/www.preservons-la-nature.fr\/blog\/wp-content\/uploads\/2012\/04\/LaRepubliqueMars2012.jpg\" width=\"439\" height=\"551\" srcset=\"https:\/\/preservons-la-nature.fr\/blog\/wp-content\/uploads\/2012\/04\/LaRepubliqueMars2012.jpg 731w, https:\/\/preservons-la-nature.fr\/blog\/wp-content\/uploads\/2012\/04\/LaRepubliqueMars2012-238x300.jpg 238w\" sizes=\"auto, (max-width: 439px) 100vw, 439px\" \/><\/a><p id=\"caption-attachment-971\" class=\"wp-caption-text\">Ces lingettes dans le lit de la Loire, Marion BONNET et Blondine LAMORISSE, La r\u00e9publique du Centre Mars 2012<\/p><\/div>\n<p>Derni\u00e8re publication en date, celle de <strong>la Tribune d&rsquo;Orl\u00e9ans<\/strong>, o\u00f9 la journaliste <strong>Michelle COLOMBEL<\/strong> signe un article \u00e0 partir des donn\u00e9es de ce blog et des interviews de diff\u00e9rents \u00e9lus.<\/p>\n<div id=\"attachment_972\" style=\"width: 392px\" class=\"wp-caption aligncenter\"><a href=\"https:\/\/www.preservons-la-nature.fr\/blog\/?attachment_id=972\" rel=\"attachment wp-att-972\"><img loading=\"lazy\" decoding=\"async\" aria-describedby=\"caption-attachment-972\" class=\"size-full wp-image-972 \" title=\"Pollution en Loire, encore des points noirs : Michelle COLOMBEL, La tribune d'orl\u00e9ans, Mars 2012\" alt=\"Pollution en Loire, encore des points noirs : Michelle COLOMBEL, La tribune d'orl\u00e9ans, Mars 2012\" src=\"https:\/\/www.preservons-la-nature.fr\/blog\/wp-content\/uploads\/2012\/04\/LaTribuneMars2012.jpg\" width=\"382\" height=\"494\" srcset=\"https:\/\/preservons-la-nature.fr\/blog\/wp-content\/uploads\/2012\/04\/LaTribuneMars2012.jpg 637w, https:\/\/preservons-la-nature.fr\/blog\/wp-content\/uploads\/2012\/04\/LaTribuneMars2012-232x300.jpg 232w\" sizes=\"auto, (max-width: 382px) 100vw, 382px\" \/><\/a><p id=\"caption-attachment-972\" class=\"wp-caption-text\">Pollution en Loire, encore des points noirs : Michelle COLOMBEL, La tribune d&rsquo;orl\u00e9ans, Mars 2012<\/p><\/div>\n","protected":false},"excerpt":{"rendered":"<p>Diff\u00e9rents journaux viennent d&rsquo;informer la population de l&rsquo;agglom\u00e9ration orl\u00e9anaise du d\u00e9sastre \u00e9cologique en Loire \u00e0 cause de rejets d&rsquo;eaux us\u00e9es dans le fleuve. La journaliste Christine BERKOVICIUS f\u00fbt la premi\u00e8re \u00e0 r\u00e9v\u00e9ler ce drame dans les colonnes de l&rsquo;hebdomadaire de &hellip; <a href=\"https:\/\/preservons-la-nature.fr\/blog\/?p=969\">Continuer la lecture <span class=\"meta-nav\">&rarr;<\/span><\/a><\/p>\n","protected":false},"author":1,"featured_media":0,"comment_status":"open","ping_status":"open","sticky":false,"template":"","format":"standard","meta":{"footnotes":""},"categories":[93,3],"tags":[40,24,13,39],"class_list":["post-969","post","type-post","status-publish","format-standard","hentry","category-dossier-eaux-usees-a-orleans","category-laloire","tag-chapelle-saint-mesmin","tag-orleans","tag-pollution","tag-saint-jean-de-la-ruelle"],"_links":{"self":[{"href":"https:\/\/preservons-la-nature.fr\/blog\/index.php?rest_route=\/wp\/v2\/posts\/969","targetHints":{"allow":["GET"]}}],"collection":[{"href":"https:\/\/preservons-la-nature.fr\/blog\/index.php?rest_route=\/wp\/v2\/posts"}],"about":[{"href":"https:\/\/preservons-la-nature.fr\/blog\/index.php?rest_route=\/wp\/v2\/types\/post"}],"author":[{"embeddable":true,"href":"https:\/\/preservons-la-nature.fr\/blog\/index.php?rest_route=\/wp\/v2\/users\/1"}],"replies":[{"embeddable":true,"href":"https:\/\/preservons-la-nature.fr\/blog\/index.php?rest_route=%2Fwp%2Fv2%2Fcomments&post=969"}],"version-history":[{"count":9,"href":"https:\/\/preservons-la-nature.fr\/blog\/index.php?rest_route=\/wp\/v2\/posts\/969\/revisions"}],"predecessor-version":[{"id":2531,"href":"https:\/\/preservons-la-nature.fr\/blog\/index.php?rest_route=\/wp\/v2\/posts\/969\/revisions\/2531"}],"wp:attachment":[{"href":"https:\/\/preservons-la-nature.fr\/blog\/index.php?rest_route=%2Fwp%2Fv2%2Fmedia&parent=969"}],"wp:term":[{"taxonomy":"category","embeddable":true,"href":"https:\/\/preservons-la-nature.fr\/blog\/index.php?rest_route=%2Fwp%2Fv2%2Fcategories&post=969"},{"taxonomy":"post_tag","embeddable":true,"href":"https:\/\/preservons-la-nature.fr\/blog\/index.php?rest_route=%2Fwp%2Fv2%2Ftags&post=969"}],"curies":[{"name":"wp","href":"https:\/\/api.w.org\/{rel}","templated":true}]}}