{"id":956,"date":"2012-03-03T06:48:45","date_gmt":"2012-03-03T06:48:45","guid":{"rendered":"https:\/\/www.preservons-la-nature.fr\/blog\/?p=956"},"modified":"2014-02-27T13:48:09","modified_gmt":"2014-02-27T12:48:09","slug":"pollution-en-loire-lettre-ouverte-adressee-aux-elus","status":"publish","type":"post","link":"https:\/\/preservons-la-nature.fr\/blog\/?p=956","title":{"rendered":"Pollution en Loire : Lettre ouverte adress\u00e9e aux \u00e9lus"},"content":{"rendered":"<p>Lettre ouverte adress\u00e9e \u00e0 <strong>Monsieur Grouard, Monsieur Carr\u00e9, Monsieur Chaillou, Madame Rossler, Monsieur Grand et Monsieur Lemaignen<\/strong><\/p>\n<p>Monsieur le D\u00e9put\u00e9 et maire d&rsquo;Orl\u00e9ans, monsieur le d\u00e9put\u00e9 et conseiller municipal d&rsquo;Orl\u00e9ans, monsieur le maire de Saint-Jean de la Ruelle, madame la conseill\u00e8re r\u00e9gionale en charge de la biodiversit\u00e9, monsieur le conseiller r\u00e9gional et conseiller municipal d&rsquo;Orl\u00e9ans, monsieur le pr\u00e9sident de l&rsquo;Agglo, conseiller r\u00e9gional et conseiller municipal d&rsquo;Orl\u00e9ans,<\/p>\n<p>Je vous ai adress\u00e9 en 2011 des courriers ou des courriels pour demander votre intervention afin de <strong>r\u00e9soudre le probl\u00e8me de la pollution en Loire due \u00e0 des eaux us\u00e9es d\u00e9vers\u00e9es sur les communes d&rsquo;Orl\u00e9ans, de Saint-Jean de la Ruelle et de la Chapelle-Saint-Mesmin<\/strong>. Soit je n&rsquo;ai obtenu aucune r\u00e9ponse, soit on m&rsquo;a redirig\u00e9 vers l&rsquo;Agglo, soit on attendait que je perce dans les m\u00e9dias pour me soutenir&#8230;<\/p>\n<p>Si les arr\u00eat\u00e9s pr\u00e9fectoraux 2011075-0002, 2011273-0004, 2011273-0009 et 2011312-0003 font \u00e9tat des modalit\u00e9s de rejet en sortie des diff\u00e9rentes stations d&rsquo;\u00e9purations, ils ne mentionnent pas\u00a0 d\u2019autorisations de rejets en amont des stations d&rsquo;\u00e9purations. En clair, <strong>les rejets d&rsquo;eaux us\u00e9es en Loire avant que les eaux ne parviennent en stations ne sont pas autoris\u00e9s<\/strong>. Notez bien que quand la R\u00e9gion ou les communes m&rsquo;ont indiqu\u00e9 que l&rsquo;Agglo \u00e9tait responsable, elles n&rsquo;ont pas tout \u00e0 fait raison car les articles 4 ou 5 montrent bien que <strong>les communes sont aussi responsables de la bonne ex\u00e9cution des arr\u00eat\u00e9s pr\u00e9fectoraux et du respect du code de l&rsquo;environnement sur leur commune<\/strong>. Outre ces arr\u00eat\u00e9s pr\u00e9fectoraux, il convient de se pencher sur l&rsquo;arr\u00eat\u00e9 minist\u00e9riel du 22 juin 2007&#8230; Je n\u2019\u00e9voque m\u00eame pas les Directives europ\u00e9ennes qui sont encore plus exigeantes.<\/p>\n<p>La situation est aujourd&rsquo;hui extr\u00eamement critique. Contrairement aux affirmations des uns ou des autres, les eaux us\u00e9es ne sont pas d\u00e9vers\u00e9es en Loire une trentaine de jours par an lors de grands \u00e9pisodes de pluie, mais plus de 200 jours par an et aussi par beau temps ! <strong>Nos propres excr\u00e9ments se retrouvent donc en Loire plus de 200 jours par an<\/strong>, avant m\u00eame de parvenir dans nos superbes stations d\u2019\u00e9puration ! <strong>Comme au Moyen-\u00e2ge<\/strong>, mais avec des cons\u00e9quences bien plus importantes !<\/p>\n<p>Le d\u00e9versement de ces eaux us\u00e9es modifie l&rsquo;\u00e9quilibre naturel. Des esp\u00e8ces envahissantes ont fait leur apparition. Elles profitent de la surcharge organique pour prolif\u00e9rer et r\u00e9duisent donc la biodiversit\u00e9. <strong>Un nombre consid\u00e9rable de lingettes non biod\u00e9gradables et comportant des produits toxiques est d\u00e9vers\u00e9 en Loire<\/strong>. Il est inutile de vous pr\u00e9ciser que la Loire est prot\u00e9g\u00e9e. Les communes sont donc en situation d&rsquo;infraction par rapport \u00e0 la l\u00e9gislation. Et ayez bien en t\u00eate que la pollution ne s\u2019arr\u00eate pas aux fronti\u00e8res de la commune mais a un impact sur le bouchon vaseux de l\u2019estuaire, puis sur l\u2019oc\u00e9an. <strong>Quel est l\u2019impact pour la sant\u00e9, de la consommation de poissons de Loire p\u00each\u00e9s dans l\u2019agglom\u00e9ration orl\u00e9anaise ?<\/strong><\/p>\n<p>J&rsquo;attire votre attention sur le fait que le bac \u00e0 sable du quai Madeleine n&rsquo;est pas le seul \u00e9quipement d\u00e9faillant, contrairement \u00e0 ce qui a pu \u00eatre \u00e9voqu\u00e9 dans des comptes-rendus municipaux et d\u2019Agglo! <strong>Une analyse approfondie doit \u00eatre effectu\u00e9e sur tout le r\u00e9seau reliant Orl\u00e9ans \u00e0 la station d&rsquo;\u00e9puration de la Chapelle-Saint-Mesmin<\/strong>. En effet, il est fort probable que ce r\u00e9seau soit sous-dimensionn\u00e9 et qu&rsquo;il subisse des infiltrations des nappes superficielles. Il faut comprendre que <strong>ce r\u00e9seau de 6 kms se trouve sous la nappe en diff\u00e9rents endroits<\/strong>. En effet, les r\u00e9centes crues de fin d\u00e9cembre \u00e0 d\u00e9but janvier, loin d&rsquo;\u00eatre exceptionnelles, pla\u00e7aient le niveau de la Loire au dessus des canalisations! Sachez \u00e9galement que <strong>les r\u00e9cents am\u00e9nagements du bassin d&rsquo;orage de la Chilesse ne sont pas suffisamment efficaces pour emp\u00eacher d&rsquo;\u00e9normes rejets en Loire<\/strong>. J&rsquo;ai de belles photos en contrebas du bassin o\u00f9 la v\u00e9g\u00e9tation de la rive a \u00e9t\u00e9 couch\u00e9e par des torrents de lingettes sur plusieurs dizaines de m\u00e8tres!! Quant \u00e0 la rive sud de la Loire, des rejets d&rsquo;eaux us\u00e9es ont \u00e9galement lieu entre le Pont Royal et le Pont de l&rsquo;Europe. Vous l&rsquo;aurez compris, <strong>les travaux n\u00e9cessaires demanderont un investissement de plusieurs millions d&rsquo;euros<\/strong>.<\/p>\n<p>Le temps n&rsquo;est plus \u00e0 chercher les responsables de ce d\u00e9sastre (pr\u00e9c\u00e9dente ou actuelle majorit\u00e9), <strong>il faut proposer d\u00e8s maintenant des solutions<\/strong>. Et que celles-ci soient durables! Nous ne devons pas refaire le m\u00eame constat dans 5 ans. On ne peut pas reporter \u00e0 demain les travaux comme on le fait depuis au moins 2008, et m\u00eame bien avant !<\/p>\n<p><strong>En cette ann\u00e9e, o\u00f9 plusieurs d&rsquo;entre vous se proposent de repr\u00e9senter les citoyens \u00e0 l&rsquo;Assembl\u00e9e, il serait opportun de s&rsquo;engager d\u00e8s maintenant sur ce chantier<\/strong>. Que vous fassiez partie de la majorit\u00e9 ou de l\u2019opposition dans la municipalit\u00e9, dans le conseil d\u2019Agglo ou \u00e0 la R\u00e9gion, j\u2019esp\u00e8re que vous saurez vous monopoliser ensemble pour cette noble cause.<\/p>\n<p>En 2011, comptant sur votre intervention (vous repr\u00e9sentez les citoyens), je n&rsquo;ai pas souhait\u00e9 manifester lors d&rsquo;\u00e9v\u00e9nements tr\u00e8s importants pour l&rsquo;image des communes et de la R\u00e9gion, en particulier, <strong>la Loire \u00e0 v\u00e9lo, le Festival de Loire<\/strong>.<\/p>\n<p>Si cela s&rsquo;av\u00e8re n\u00e9cessaire, tr\u00e8s rapidement, <strong>si aucun engagement rapide n&rsquo;est pris, j\u2019appellerai \u00e0 la mobilisation citoyenne<\/strong> car cette situation dure, vous en conviendrez, depuis bien trop longtemps. Pensez \u00e0 l&rsquo;image, que vous pouvez donner d&rsquo;Orl\u00e9ans, de son agglom\u00e9ration, de la R\u00e9gion Centre, gr\u00e2ce \u00e0 vos actes, lors d&rsquo;\u00e9v\u00e9nements tels que les journ\u00e9es du d\u00e9veloppement durable, la Loire \u00e0 v\u00e9lo, le Festival de Loire! <strong>Imaginez<\/strong> dans la presse des titres comme \u00ab\u00a0<strong>Pollution en Loire : les \u00e9lus locaux, la R\u00e9gion se mobilise pour sauver ce patrimoine exceptionnel!<\/strong>\u00a0\u00bb ou \u00ab\u00a0<strong>La Loire ne sera plus un \u00e9gout mais un r\u00e9servoir de biodiversit\u00e9 gr\u00e2ce aux \u00e9lus locaux et \u00e0 la R\u00e9gion<\/strong>\u00ab\u00a0. Soyez certains que ma d\u00e9termination sera totale\u00a0 pour d\u00e9fendre ce magnifique fleuve. <strong>J\u2019esp\u00e8re de tout c\u0153ur que vous mobiliserez toute votre \u00e9nergie pour que les excr\u00e9ments des Orl\u00e9anais et les produits toxiques ne finissent plus en Loire<\/strong>.<\/p>\n<p>Veuillez agr\u00e9er, Mesdames et Messieurs, l\u2019expression de ma consid\u00e9ration distingu\u00e9e.<\/p>\n<p>Jean Charles<\/p>\n","protected":false},"excerpt":{"rendered":"<p>Lettre ouverte adress\u00e9e \u00e0 Monsieur Grouard, Monsieur Carr\u00e9, Monsieur Chaillou, Madame Rossler, Monsieur Grand et Monsieur Lemaignen Monsieur le D\u00e9put\u00e9 et maire d&rsquo;Orl\u00e9ans, monsieur le d\u00e9put\u00e9 et conseiller municipal d&rsquo;Orl\u00e9ans, monsieur le maire de Saint-Jean de la Ruelle, madame la &hellip; <a href=\"https:\/\/preservons-la-nature.fr\/blog\/?p=956\">Continuer la lecture <span class=\"meta-nav\">&rarr;<\/span><\/a><\/p>\n","protected":false},"author":1,"featured_media":0,"comment_status":"open","ping_status":"open","sticky":false,"template":"","format":"standard","meta":{"footnotes":""},"categories":[93,3],"tags":[40,24,13,39],"class_list":["post-956","post","type-post","status-publish","format-standard","hentry","category-dossier-eaux-usees-a-orleans","category-laloire","tag-chapelle-saint-mesmin","tag-orleans","tag-pollution","tag-saint-jean-de-la-ruelle"],"_links":{"self":[{"href":"https:\/\/preservons-la-nature.fr\/blog\/index.php?rest_route=\/wp\/v2\/posts\/956","targetHints":{"allow":["GET"]}}],"collection":[{"href":"https:\/\/preservons-la-nature.fr\/blog\/index.php?rest_route=\/wp\/v2\/posts"}],"about":[{"href":"https:\/\/preservons-la-nature.fr\/blog\/index.php?rest_route=\/wp\/v2\/types\/post"}],"author":[{"embeddable":true,"href":"https:\/\/preservons-la-nature.fr\/blog\/index.php?rest_route=\/wp\/v2\/users\/1"}],"replies":[{"embeddable":true,"href":"https:\/\/preservons-la-nature.fr\/blog\/index.php?rest_route=%2Fwp%2Fv2%2Fcomments&post=956"}],"version-history":[{"count":5,"href":"https:\/\/preservons-la-nature.fr\/blog\/index.php?rest_route=\/wp\/v2\/posts\/956\/revisions"}],"predecessor-version":[{"id":958,"href":"https:\/\/preservons-la-nature.fr\/blog\/index.php?rest_route=\/wp\/v2\/posts\/956\/revisions\/958"}],"wp:attachment":[{"href":"https:\/\/preservons-la-nature.fr\/blog\/index.php?rest_route=%2Fwp%2Fv2%2Fmedia&parent=956"}],"wp:term":[{"taxonomy":"category","embeddable":true,"href":"https:\/\/preservons-la-nature.fr\/blog\/index.php?rest_route=%2Fwp%2Fv2%2Fcategories&post=956"},{"taxonomy":"post_tag","embeddable":true,"href":"https:\/\/preservons-la-nature.fr\/blog\/index.php?rest_route=%2Fwp%2Fv2%2Ftags&post=956"}],"curies":[{"name":"wp","href":"https:\/\/api.w.org\/{rel}","templated":true}]}}