{"id":941,"date":"2013-12-18T10:58:16","date_gmt":"2013-12-18T09:58:16","guid":{"rendered":"https:\/\/www.preservons-la-nature.fr\/blog\/?p=941"},"modified":"2014-06-09T07:23:03","modified_gmt":"2014-06-09T06:23:03","slug":"le-senecon-leucophylle-jacobaea-leucophylla-dc-pelser","status":"publish","type":"post","link":"https:\/\/preservons-la-nature.fr\/blog\/?p=941","title":{"rendered":"Jacobaea leucophylla (DC.) Pelser ( S\u00e9ne\u00e7on leucophylle )"},"content":{"rendered":"<p><STRONG>Une fiche plus r&eacute;cente existe, vous pouvez la consulter <a href=\"https:\/\/www.preservons-la-nature.fr\/flore\/taxon\/4401.html\">ICI<\/a><\/STRONG><strong>Le s\u00e9ne\u00e7on leucophylle\u00a0 (<em>Jacobaea leucophylla (DC.) Pelser<\/em><\/strong><strong><em> <\/em><\/strong><strong>)<\/strong> fait partie de<strong> la famille des Ast\u00e9rac\u00e9es (<em>Asteraceae<\/em>)<\/strong>. Sa p\u00e9riode de floraison s&rsquo;\u00e9tale de Juillet \u00e0 Septembre. Elle porte d&rsquo;autres noms tels que le S\u00e9ne\u00e7on argent\u00e9, le S\u00e9ne\u00e7on \u00e0 feuilles blanches, l&rsquo;Herbe du M\u00e9zenc. Elle a \u00e9t\u00e9 d\u00e9couverte par le botaniste De Candolle en 1812 sur le Mont M\u00e9zenc.<\/p>\n<div id=\"attachment_944\" style=\"width: 500px\" class=\"wp-caption aligncenter\"><a href=\"https:\/\/www.preservons-la-nature.fr\/blog\/wp-content\/uploads\/2012\/02\/DSC3073.jpg\"><img loading=\"lazy\" decoding=\"async\" aria-describedby=\"caption-attachment-944\" class=\"size-full wp-image-944 \" title=\"Le s\u00e9ne\u00e7on leucophylle (Jacobaea leucophylla (DC.) Pelser)\" alt=\"Le s\u00e9ne\u00e7on leucophylle (Jacobaea leucophylla (DC.) Pelser)\" src=\"https:\/\/www.preservons-la-nature.fr\/blog\/wp-content\/uploads\/2012\/02\/DSC3073.jpg\" width=\"490\" height=\"327\" srcset=\"https:\/\/preservons-la-nature.fr\/blog\/wp-content\/uploads\/2012\/02\/DSC3073.jpg 700w, https:\/\/preservons-la-nature.fr\/blog\/wp-content\/uploads\/2012\/02\/DSC3073-300x200.jpg 300w\" sizes=\"auto, (max-width: 490px) 100vw, 490px\" \/><\/a><p id=\"caption-attachment-944\" class=\"wp-caption-text\">Le s\u00e9ne\u00e7on leucophylle (Jacobaea leucophylla (DC.) Pelser)<\/p><\/div>\n<p><span style=\"text-decoration: underline;\">R\u00e9partition fran\u00e7aise :<\/span><br \/>\nL&rsquo;esp\u00e8ce est pr\u00e9sente dans tr\u00e8s peu de d\u00e9partements fran\u00e7ais. Elle est pr\u00e9sente \u00e0 la limite de la Haute-Loire et de l&rsquo;Ard\u00e8che, en particulier sur le Mont M\u00e9zenc. Dans le d\u00e9partement des Pyr\u00e9n\u00e9es-orientales, elle se situe \u00e0 l&rsquo;\u00e9tage subalpin et alpin. Nous avons pu l&rsquo;observer en haut de la vall\u00e9e de l&rsquo;Eyne \u00e0 quelques centaines de m\u00e8tres de la fronti\u00e8re espagnole. Elle \u00e9tait \u00e9galement not\u00e9e en Ari\u00e8ge o\u00f9 elle n&rsquo;a pas \u00e9t\u00e9 revue r\u00e9cemment.<\/p>\n<div id=\"attachment_3537\" style=\"width: 610px\" class=\"wp-caption aligncenter\"><a href=\"https:\/\/www.preservons-la-nature.fr\/blog\/?attachment_id=3537\" rel=\"attachment wp-att-3537\"><img loading=\"lazy\" decoding=\"async\" aria-describedby=\"caption-attachment-3537\" class=\"size-full wp-image-3537\" alt=\"R\u00e9partition de Jacobaea leucophylla (DC.) Pelser ( S\u00e9ne\u00e7on leucophylle )\" src=\"https:\/\/www.preservons-la-nature.fr\/blog\/wp-content\/uploads\/2013\/12\/carte.jpg\" width=\"600\" height=\"600\" srcset=\"https:\/\/preservons-la-nature.fr\/blog\/wp-content\/uploads\/2013\/12\/carte.jpg 600w, https:\/\/preservons-la-nature.fr\/blog\/wp-content\/uploads\/2013\/12\/carte-150x150.jpg 150w, https:\/\/preservons-la-nature.fr\/blog\/wp-content\/uploads\/2013\/12\/carte-300x300.jpg 300w\" sizes=\"auto, (max-width: 600px) 100vw, 600px\" \/><\/a><p id=\"caption-attachment-3537\" class=\"wp-caption-text\">R\u00e9partition de Jacobaea leucophylla (DC.) Pelser ( S\u00e9ne\u00e7on leucophylle )<\/p><\/div>\n<p><span style=\"text-decoration: underline;\">Protection :<\/span><br \/>\nL&rsquo;esp\u00e8ce est prot\u00e9g\u00e9e en r\u00e9gion Auvergne, Rh\u00f4nes-Alpes et Midi-Pyr\u00e9n\u00e9es.<\/p>\n<p><span style=\"text-decoration: underline;\">Ecologie :<\/span><br \/>\nLe S\u00e9ne\u00e7on leucophylle est un orophyte (adapt\u00e9 au milieu montagnard). Cette esp\u00e8ce affectionnent plus particuli\u00e8rement des endroits rocailleux non calcaires, les \u00e9boulis plus ou moins mobiles (Phytosociologie : <strong>71.0.6.0.2 <em>Senecionon leucophylli<\/em><\/strong> &#8211; Communaut\u00e9s des \u00e9boulis des Alpes, des Pyr\u00e9n\u00e9es et de la Corse). L&rsquo;esp\u00e8ce a une pr\u00e9f\u00e9rence pour les substrats siliceux ou d\u00e9carbonat\u00e9s.<\/p>\n<div id=\"attachment_945\" style=\"width: 384px\" class=\"wp-caption aligncenter\"><a href=\"https:\/\/www.preservons-la-nature.fr\/blog\/wp-content\/uploads\/2012\/02\/DSC3050.jpg\"><img loading=\"lazy\" decoding=\"async\" aria-describedby=\"caption-attachment-945\" class=\" wp-image-945  \" title=\"Le s\u00e9ne\u00e7on leucophylle (Jacobaea leucophylla (DC.) Pelser)\" alt=\"Le s\u00e9ne\u00e7on leucophylle (Jacobaea leucophylla (DC.) Pelser)\" src=\"https:\/\/www.preservons-la-nature.fr\/blog\/wp-content\/uploads\/2012\/02\/DSC3050.jpg\" width=\"374\" height=\"560\" srcset=\"https:\/\/preservons-la-nature.fr\/blog\/wp-content\/uploads\/2012\/02\/DSC3050.jpg 467w, https:\/\/preservons-la-nature.fr\/blog\/wp-content\/uploads\/2012\/02\/DSC3050-200x300.jpg 200w\" sizes=\"auto, (max-width: 374px) 100vw, 374px\" \/><\/a><p id=\"caption-attachment-945\" class=\"wp-caption-text\">Le s\u00e9ne\u00e7on leucophylle (Jacobaea leucophylla (DC.) Pelser)<\/p><\/div>\n<p><span style=\"text-decoration: underline;\">Description :<\/span><br \/>\nLa plante mesure entre 10 et 20 cm de hauteur. La tige est couverte de poils cotonneux. Les feuilles sont de forme ovale. Elles sont profond\u00e9ment d\u00e9coup\u00e9es. Elles sont blanch\u00e2tres et ont un aspect soyeux. L&rsquo;inflorescence est constitu\u00e9e de plusieurs capitules avec des fleurs de couleur jaune.<\/p>\n<p><span style=\"text-decoration: underline;\">Taxonomie :<\/span><strong><\/strong><em><strong><br \/>\nJacobaea leucophylla (DC.) Pelser<\/strong><\/em><strong><em> <\/em><\/strong> a pour synonymes (Informations issues de la BDTFX Version 1.1, <a href=\"http:\/\/www.tela-botanica.org\/\" target=\"_blank\">Tela Botanica<\/a>) :<\/p>\n<p><em>&#8211; Senecio incanus Lapeyr.<br \/>\n&#8211; Senecio leucophyllus DC.<br \/>\n&#8211; Senecio palmatus Lapeyr.<\/em><\/p>\n","protected":false},"excerpt":{"rendered":"<p>Une fiche plus r&eacute;cente existe, vous pouvez la consulter ICILe s\u00e9ne\u00e7on leucophylle\u00a0 (Jacobaea leucophylla (DC.) Pelser ) fait partie de la famille des Ast\u00e9rac\u00e9es (Asteraceae). Sa p\u00e9riode de floraison s&rsquo;\u00e9tale de Juillet \u00e0 Septembre. Elle porte d&rsquo;autres noms tels que &hellip; <a href=\"https:\/\/preservons-la-nature.fr\/blog\/?p=941\">Continuer la lecture <span class=\"meta-nav\">&rarr;<\/span><\/a><\/p>\n","protected":false},"author":1,"featured_media":0,"comment_status":"open","ping_status":"open","sticky":false,"template":"","format":"standard","meta":{"footnotes":""},"categories":[87],"tags":[48],"class_list":["post-941","post","type-post","status-publish","format-standard","hentry","category-ficheplante","tag-asteracees"],"_links":{"self":[{"href":"https:\/\/preservons-la-nature.fr\/blog\/index.php?rest_route=\/wp\/v2\/posts\/941","targetHints":{"allow":["GET"]}}],"collection":[{"href":"https:\/\/preservons-la-nature.fr\/blog\/index.php?rest_route=\/wp\/v2\/posts"}],"about":[{"href":"https:\/\/preservons-la-nature.fr\/blog\/index.php?rest_route=\/wp\/v2\/types\/post"}],"author":[{"embeddable":true,"href":"https:\/\/preservons-la-nature.fr\/blog\/index.php?rest_route=\/wp\/v2\/users\/1"}],"replies":[{"embeddable":true,"href":"https:\/\/preservons-la-nature.fr\/blog\/index.php?rest_route=%2Fwp%2Fv2%2Fcomments&post=941"}],"version-history":[{"count":16,"href":"https:\/\/preservons-la-nature.fr\/blog\/index.php?rest_route=\/wp\/v2\/posts\/941\/revisions"}],"predecessor-version":[{"id":3538,"href":"https:\/\/preservons-la-nature.fr\/blog\/index.php?rest_route=\/wp\/v2\/posts\/941\/revisions\/3538"}],"wp:attachment":[{"href":"https:\/\/preservons-la-nature.fr\/blog\/index.php?rest_route=%2Fwp%2Fv2%2Fmedia&parent=941"}],"wp:term":[{"taxonomy":"category","embeddable":true,"href":"https:\/\/preservons-la-nature.fr\/blog\/index.php?rest_route=%2Fwp%2Fv2%2Fcategories&post=941"},{"taxonomy":"post_tag","embeddable":true,"href":"https:\/\/preservons-la-nature.fr\/blog\/index.php?rest_route=%2Fwp%2Fv2%2Ftags&post=941"}],"curies":[{"name":"wp","href":"https:\/\/api.w.org\/{rel}","templated":true}]}}