{"id":927,"date":"2013-09-26T04:40:01","date_gmt":"2013-09-26T04:40:01","guid":{"rendered":"https:\/\/www.preservons-la-nature.fr\/blog\/?p=927"},"modified":"2013-11-10T18:10:56","modified_gmt":"2013-11-10T17:10:56","slug":"la-veronique-dallioni-veronica-allionii-vill","status":"publish","type":"post","link":"https:\/\/preservons-la-nature.fr\/blog\/?p=927","title":{"rendered":"Veronica allionii Vill. ( V\u00e9ronique d&rsquo;Allioni )"},"content":{"rendered":"<p><strong>La V\u00e9ronique d&rsquo;Allioni \u00a0 (<em>Veronica allionii Vill.<\/em><\/strong><strong>)<\/strong> fait partie de<strong> la famille des Plantaginac\u00e9es (<em>Plantaginaceae<\/em>)<\/strong>. Sa p\u00e9riode de floraison s&rsquo;\u00e9tale de Juin \u00e0 Ao\u00fbt.<\/p>\n<div id=\"attachment_932\" style=\"width: 500px\" class=\"wp-caption aligncenter\"><a href=\"https:\/\/www.preservons-la-nature.fr\/blog\/wp-content\/uploads\/2012\/02\/DSC2221.jpg\"><img loading=\"lazy\" decoding=\"async\" aria-describedby=\"caption-attachment-932\" class=\"size-full wp-image-932  \" title=\"La V\u00e9ronique d'Allioni (Veronica allionii Vill.)\" alt=\"La V\u00e9ronique d'Allioni (Veronica allionii Vill.)\" src=\"https:\/\/www.preservons-la-nature.fr\/blog\/wp-content\/uploads\/2012\/02\/DSC2221.jpg\" width=\"490\" height=\"327\" srcset=\"https:\/\/preservons-la-nature.fr\/blog\/wp-content\/uploads\/2012\/02\/DSC2221.jpg 700w, https:\/\/preservons-la-nature.fr\/blog\/wp-content\/uploads\/2012\/02\/DSC2221-300x200.jpg 300w\" sizes=\"auto, (max-width: 490px) 100vw, 490px\" \/><\/a><p id=\"caption-attachment-932\" class=\"wp-caption-text\">La V\u00e9ronique d&rsquo;Allioni (Veronica allionii Vill.)<\/p><\/div>\n<p><span style=\"text-decoration: underline;\">R\u00e9partition fran\u00e7aise :<\/span><br \/>\nIl s&rsquo;agit d&rsquo;une esp\u00e8ce end\u00e9mique des Alpes occidentales du Sud. On la retrouve en Savoie, dans les Alpes-Maritimes, les Alpes de Haute-Provence, les Hautes-Alpes et l&rsquo;Is\u00e8re.<br \/>\nDans les d\u00e9partements des Alpes-Maritimes, elle est pr\u00e9sente dans les hauts massifs du Mercantour, dans le Haut Var, en Haute-Tin\u00e9e, dans les vall\u00e9es de la Roya et de la V\u00e9subie.<\/p>\n<p><span style=\"text-decoration: underline;\">Ecologie :<\/span><br \/>\nLa V\u00e9ronique d&rsquo;Allioni est une orophyte (adapt\u00e9 au milieu montagnard). Cette esp\u00e8ce appr\u00e9cie les milieux secs (C&rsquo;est une esp\u00e8ce x\u00e9rophile) tels que les pelouses ou les zones rocailleuses (Phytosociologie : <strong>15.0.1.0.1 <em>Festucion variae<\/em><\/strong> &#8211; Communaut\u00e9s thermophiles des Alpes). L&rsquo;esp\u00e8ce a une pr\u00e9f\u00e9rence pour les substrats siliceux ou d\u00e9carbonat\u00e9s. On peut la trouver entre 1500 et 2700 m\u00e8tres d&rsquo;altitude.<\/p>\n<p><span style=\"text-decoration: underline;\">Protection :<\/span><br \/>\nL&rsquo;esp\u00e8ce est prot\u00e9g\u00e9e dans les Alpes-de-Haute-Provence.<\/p>\n<div id=\"attachment_933\" style=\"width: 384px\" class=\"wp-caption aligncenter\"><a href=\"https:\/\/www.preservons-la-nature.fr\/blog\/wp-content\/uploads\/2012\/02\/DSC1438.jpg\"><img loading=\"lazy\" decoding=\"async\" aria-describedby=\"caption-attachment-933\" class=\" wp-image-933  \" title=\"La V\u00e9ronique d'Allioni (Veronica allionii Vill.)\" alt=\"La V\u00e9ronique d'Allioni (Veronica allionii Vill.)\" src=\"https:\/\/www.preservons-la-nature.fr\/blog\/wp-content\/uploads\/2012\/02\/DSC1438.jpg\" width=\"374\" height=\"560\" srcset=\"https:\/\/preservons-la-nature.fr\/blog\/wp-content\/uploads\/2012\/02\/DSC1438.jpg 467w, https:\/\/preservons-la-nature.fr\/blog\/wp-content\/uploads\/2012\/02\/DSC1438-200x300.jpg 200w\" sizes=\"auto, (max-width: 374px) 100vw, 374px\" \/><\/a><p id=\"caption-attachment-933\" class=\"wp-caption-text\">La V\u00e9ronique d&rsquo;Allioni (Veronica allionii Vill.)<\/p><\/div>\n<p><span style=\"text-decoration: underline;\">Description :<\/span><br \/>\nLa plante mesure entre 3 et 20 cm de hauteur. La tige est g\u00e9n\u00e9ralement rampante. Les feuilles sont de forme ovale et sont cr\u00e9nel\u00e9es. Elles sont oppos\u00e9es. Les fleurs comportent 4 p\u00e9tales de couleur bleu-violet. L&rsquo;inflorescence est en \u00e9pi.<\/p>\n<p><span style=\"text-decoration: underline;\">Usages \/ Autres particularit\u00e9s :<\/span><br \/>\nAu d\u00e9but du si\u00e8cle dernier, on en faisait encore des infusions. On l&rsquo;appelait le th\u00e9 des Alpes.<\/p>\n<p><span style=\"text-decoration: underline;\">Taxonomie :<strong><em><br \/>\n<\/em><\/strong><\/span><strong><em>Veronica Allionii Vill.<\/em><\/strong> a pour synonymes (Informations issues de la BDTFX Version 1.1, <a href=\"http:\/\/www.tela-botanica.org\/\" target=\"_blank\">Tela Botanica<\/a>) :<\/p>\n<p><em>&#8211; Veronica pyrenaica All.<\/em><\/p>\n","protected":false},"excerpt":{"rendered":"<p>La V\u00e9ronique d&rsquo;Allioni \u00a0 (Veronica allionii Vill.) fait partie de la famille des Plantaginac\u00e9es (Plantaginaceae). Sa p\u00e9riode de floraison s&rsquo;\u00e9tale de Juin \u00e0 Ao\u00fbt. R\u00e9partition fran\u00e7aise : Il s&rsquo;agit d&rsquo;une esp\u00e8ce end\u00e9mique des Alpes occidentales du Sud. On la retrouve &hellip; <a href=\"https:\/\/preservons-la-nature.fr\/blog\/?p=927\">Continuer la lecture <span class=\"meta-nav\">&rarr;<\/span><\/a><\/p>\n","protected":false},"author":1,"featured_media":0,"comment_status":"open","ping_status":"open","sticky":false,"template":"","format":"standard","meta":{"footnotes":""},"categories":[87],"tags":[78],"class_list":["post-927","post","type-post","status-publish","format-standard","hentry","category-ficheplante","tag-plantaginacees"],"_links":{"self":[{"href":"https:\/\/preservons-la-nature.fr\/blog\/index.php?rest_route=\/wp\/v2\/posts\/927","targetHints":{"allow":["GET"]}}],"collection":[{"href":"https:\/\/preservons-la-nature.fr\/blog\/index.php?rest_route=\/wp\/v2\/posts"}],"about":[{"href":"https:\/\/preservons-la-nature.fr\/blog\/index.php?rest_route=\/wp\/v2\/types\/post"}],"author":[{"embeddable":true,"href":"https:\/\/preservons-la-nature.fr\/blog\/index.php?rest_route=\/wp\/v2\/users\/1"}],"replies":[{"embeddable":true,"href":"https:\/\/preservons-la-nature.fr\/blog\/index.php?rest_route=%2Fwp%2Fv2%2Fcomments&post=927"}],"version-history":[{"count":11,"href":"https:\/\/preservons-la-nature.fr\/blog\/index.php?rest_route=\/wp\/v2\/posts\/927\/revisions"}],"predecessor-version":[{"id":1936,"href":"https:\/\/preservons-la-nature.fr\/blog\/index.php?rest_route=\/wp\/v2\/posts\/927\/revisions\/1936"}],"wp:attachment":[{"href":"https:\/\/preservons-la-nature.fr\/blog\/index.php?rest_route=%2Fwp%2Fv2%2Fmedia&parent=927"}],"wp:term":[{"taxonomy":"category","embeddable":true,"href":"https:\/\/preservons-la-nature.fr\/blog\/index.php?rest_route=%2Fwp%2Fv2%2Fcategories&post=927"},{"taxonomy":"post_tag","embeddable":true,"href":"https:\/\/preservons-la-nature.fr\/blog\/index.php?rest_route=%2Fwp%2Fv2%2Ftags&post=927"}],"curies":[{"name":"wp","href":"https:\/\/api.w.org\/{rel}","templated":true}]}}