{"id":917,"date":"2013-12-16T05:00:23","date_gmt":"2013-12-16T04:00:23","guid":{"rendered":"https:\/\/www.preservons-la-nature.fr\/blog\/?p=917"},"modified":"2013-12-16T11:15:11","modified_gmt":"2013-12-16T10:15:11","slug":"la-germandree-luisante-teucrium-lucidum-l","status":"publish","type":"post","link":"https:\/\/preservons-la-nature.fr\/blog\/?p=917","title":{"rendered":"Teucrium lucidum L. ( Germandr\u00e9e luisante )"},"content":{"rendered":"<p><strong>La Germandr\u00e9e luisante (<em> <\/em><em>Teucrium lucidum L.<\/em><\/strong><strong>)<\/strong> fait partie de<strong> la famille des Lamiac\u00e9es (<em>Lamiaceae<\/em>)<\/strong>. Sa p\u00e9riode de floraison s&rsquo;\u00e9tale de Juillet \u00e0 Septembre.<\/p>\n<div id=\"attachment_920\" style=\"width: 384px\" class=\"wp-caption aligncenter\"><a href=\"https:\/\/www.preservons-la-nature.fr\/blog\/wp-content\/uploads\/2012\/02\/DSC2611.jpg\"><img loading=\"lazy\" decoding=\"async\" aria-describedby=\"caption-attachment-920\" class=\" wp-image-920  \" title=\"La Germandr\u00e9e luisante (Teucrium lucidum L.)\" alt=\"La Germandr\u00e9e luisante (Teucrium lucidum L.)\" src=\"https:\/\/www.preservons-la-nature.fr\/blog\/wp-content\/uploads\/2012\/02\/DSC2611.jpg\" width=\"374\" height=\"560\" srcset=\"https:\/\/preservons-la-nature.fr\/blog\/wp-content\/uploads\/2012\/02\/DSC2611.jpg 467w, https:\/\/preservons-la-nature.fr\/blog\/wp-content\/uploads\/2012\/02\/DSC2611-200x300.jpg 200w\" sizes=\"auto, (max-width: 374px) 100vw, 374px\" \/><\/a><p id=\"caption-attachment-920\" class=\"wp-caption-text\">La Germandr\u00e9e luisante (Teucrium lucidum L.)<\/p><\/div>\n<p><span style=\"text-decoration: underline;\">R\u00e9partition fran\u00e7aise :<\/span><br \/>\nIl s&rsquo;agit d&rsquo;une esp\u00e8ce end\u00e9mique des Pr\u00e9alpes proven\u00e7ales des alpes du Sud-Ouest. On la trouve \u00e9galement en Italie. On la retrouve en France, dans les Alpes-Maritimes, le Var, les Alpes de Haute-Provence. <a href=\"http:\/\/inpn.mnhn.fr\/espece\/cd_nom\/126002\">Le site internet de l&rsquo;INPN<\/a> la signale dans le Jura mais il s&rsquo;agit sans doute d&rsquo;une confusion car <strong>Jean-Fran\u00e7ois Prost<\/strong> dans le <em>Catalogue raisonn\u00e9e des plantes vasculaires de la cha\u00eene jurassienne<\/em> ne la mentionne pas.<\/p>\n<p><span style=\"text-decoration: underline;\">Ecologie :<\/span><br \/>\nDans le d\u00e9partement des Alpes-Maritimes, elle est relativement bien repr\u00e9sent\u00e9e \u00e0 toutes les altitudes (de 200m \u00e0 2100m), mais elle est absente dans les zones de v\u00e9g\u00e9tations d&rsquo;influence tr\u00e8s m\u00e9diterran\u00e9enne ainsi que sur les hauts sommets.<br \/>\nElle est pr\u00e9sente dans de nombreux milieux. Elle s\u2019accommode aussi bien des pelouses s\u00e8ches bien ensoleill\u00e9es en altitude que des h\u00eatraies ombrag\u00e9es de basse altitude.<br \/>\nBien qu&rsquo;end\u00e9mique, elle ne b\u00e9n\u00e9ficie d&rsquo;aucune protection du fait de son abondance.<\/p>\n<div id=\"attachment_921\" style=\"width: 384px\" class=\"wp-caption aligncenter\"><a href=\"https:\/\/www.preservons-la-nature.fr\/blog\/wp-content\/uploads\/2012\/02\/DSC2326.jpg\"><img loading=\"lazy\" decoding=\"async\" aria-describedby=\"caption-attachment-921\" class=\" wp-image-921  \" title=\"La Germandr\u00e9e luisante (Teucrium lucidum L.)\" alt=\"La Germandr\u00e9e luisante (Teucrium lucidum L.)\" src=\"https:\/\/www.preservons-la-nature.fr\/blog\/wp-content\/uploads\/2012\/02\/DSC2326.jpg\" width=\"374\" height=\"560\" srcset=\"https:\/\/preservons-la-nature.fr\/blog\/wp-content\/uploads\/2012\/02\/DSC2326.jpg 467w, https:\/\/preservons-la-nature.fr\/blog\/wp-content\/uploads\/2012\/02\/DSC2326-200x300.jpg 200w\" sizes=\"auto, (max-width: 374px) 100vw, 374px\" \/><\/a><p id=\"caption-attachment-921\" class=\"wp-caption-text\">La Germandr\u00e9e luisante (Teucrium lucidum L.)<\/p><\/div>\n<p><span style=\"text-decoration: underline;\">Description :<\/span><br \/>\nLa plante mesure entre 20 \u00e0 60 cm de hauteur. La tige glabre est dress\u00e9e et comporte de nombreuses feuilles \u00e9galement glabres. Elle est anguleuse et rouge\u00e2tre. Les feuilles sont tr\u00e8s luisantes, d&rsquo;o\u00f9 son nom. Le p\u00e9tiole est plut\u00f4t long. Les feuilles sont toutes dent\u00e9es. Plus on se rapproche de la base, plus elles ont une forme de c\u0153ur. Les fleurs sont de couleur rose-pourpre et comme toutes les germandr\u00e9es ne comportent pas de l\u00e8vre sup\u00e9rieure.<br \/>\nElle peut \u00eatre confondue avec <em>Teucrium chamaedrys L. <\/em>(La Germandr\u00e9e petit-ch\u00eane).<\/p>\n<p><span style=\"text-decoration: underline;\">Taxonomie :<\/span><em><\/em><strong><em><br \/>\nTeucrium lucidum L.<\/em><\/strong> a pour synonymes (Informations issues de la BDTFX Version 1.1, <a href=\"http:\/\/www.tela-botanica.org\/\" target=\"_blank\">Tela Botanica<\/a>) :<\/p>\n<p><em>&#8211; Chamaedrys lucida (L.) Moench<\/em><\/p>\n","protected":false},"excerpt":{"rendered":"<p>La Germandr\u00e9e luisante ( Teucrium lucidum L.) fait partie de la famille des Lamiac\u00e9es (Lamiaceae). Sa p\u00e9riode de floraison s&rsquo;\u00e9tale de Juillet \u00e0 Septembre. R\u00e9partition fran\u00e7aise : Il s&rsquo;agit d&rsquo;une esp\u00e8ce end\u00e9mique des Pr\u00e9alpes proven\u00e7ales des alpes du Sud-Ouest. On &hellip; <a href=\"https:\/\/preservons-la-nature.fr\/blog\/?p=917\">Continuer la lecture <span class=\"meta-nav\">&rarr;<\/span><\/a><\/p>\n","protected":false},"author":1,"featured_media":0,"comment_status":"open","ping_status":"open","sticky":false,"template":"","format":"standard","meta":{"footnotes":""},"categories":[87],"tags":[25],"class_list":["post-917","post","type-post","status-publish","format-standard","hentry","category-ficheplante","tag-lamiacees"],"_links":{"self":[{"href":"https:\/\/preservons-la-nature.fr\/blog\/index.php?rest_route=\/wp\/v2\/posts\/917","targetHints":{"allow":["GET"]}}],"collection":[{"href":"https:\/\/preservons-la-nature.fr\/blog\/index.php?rest_route=\/wp\/v2\/posts"}],"about":[{"href":"https:\/\/preservons-la-nature.fr\/blog\/index.php?rest_route=\/wp\/v2\/types\/post"}],"author":[{"embeddable":true,"href":"https:\/\/preservons-la-nature.fr\/blog\/index.php?rest_route=\/wp\/v2\/users\/1"}],"replies":[{"embeddable":true,"href":"https:\/\/preservons-la-nature.fr\/blog\/index.php?rest_route=%2Fwp%2Fv2%2Fcomments&post=917"}],"version-history":[{"count":12,"href":"https:\/\/preservons-la-nature.fr\/blog\/index.php?rest_route=\/wp\/v2\/posts\/917\/revisions"}],"predecessor-version":[{"id":2341,"href":"https:\/\/preservons-la-nature.fr\/blog\/index.php?rest_route=\/wp\/v2\/posts\/917\/revisions\/2341"}],"wp:attachment":[{"href":"https:\/\/preservons-la-nature.fr\/blog\/index.php?rest_route=%2Fwp%2Fv2%2Fmedia&parent=917"}],"wp:term":[{"taxonomy":"category","embeddable":true,"href":"https:\/\/preservons-la-nature.fr\/blog\/index.php?rest_route=%2Fwp%2Fv2%2Fcategories&post=917"},{"taxonomy":"post_tag","embeddable":true,"href":"https:\/\/preservons-la-nature.fr\/blog\/index.php?rest_route=%2Fwp%2Fv2%2Ftags&post=917"}],"curies":[{"name":"wp","href":"https:\/\/api.w.org\/{rel}","templated":true}]}}