{"id":875,"date":"2013-12-15T04:48:03","date_gmt":"2013-12-15T03:48:03","guid":{"rendered":"https:\/\/www.preservons-la-nature.fr\/blog\/?p=875"},"modified":"2013-12-15T14:05:40","modified_gmt":"2013-12-15T13:05:40","slug":"l%e2%80%99oeillet-oeil-de-paon-dianthus-pavonius-tausch","status":"publish","type":"post","link":"https:\/\/preservons-la-nature.fr\/blog\/?p=875","title":{"rendered":"Dianthus pavonius Tausch ( Oeillet oeil-de-paon )"},"content":{"rendered":"<p><strong>L\u2019\u0153illet \u0153il-de-paon \u00a0 (<em> <\/em><em>Dianthus pavonius Tausch<\/em><\/strong><strong>)<\/strong> fait partie de<strong> la famille des Caryophyllac\u00e9es (<em>Caryophyllaceae<\/em>)<\/strong>. Sa p\u00e9riode de floraison s&rsquo;\u00e9tale de Juin \u00e0 Ao\u00fbt.<\/p>\n<div id=\"attachment_880\" style=\"width: 500px\" class=\"wp-caption aligncenter\"><a href=\"https:\/\/www.preservons-la-nature.fr\/blog\/?attachment_id=880\" rel=\"attachment wp-att-880\"><img loading=\"lazy\" decoding=\"async\" aria-describedby=\"caption-attachment-880\" class=\"size-full wp-image-880 \" title=\"L\u2019\u0153illet \u0153il-de-paon (Dianthus pavonius Tausch)\" alt=\"L\u2019\u0153illet \u0153il-de-paon (Dianthus pavonius Tausch)\" src=\"https:\/\/www.preservons-la-nature.fr\/blog\/wp-content\/uploads\/2012\/02\/DSC1570.jpg\" width=\"490\" height=\"327\" srcset=\"https:\/\/preservons-la-nature.fr\/blog\/wp-content\/uploads\/2012\/02\/DSC1570.jpg 700w, https:\/\/preservons-la-nature.fr\/blog\/wp-content\/uploads\/2012\/02\/DSC1570-300x200.jpg 300w\" sizes=\"auto, (max-width: 490px) 100vw, 490px\" \/><\/a><p id=\"caption-attachment-880\" class=\"wp-caption-text\">L\u2019\u0153illet \u0153il-de-paon (Dianthus pavonius Tausch)<\/p><\/div>\n<p><span style=\"text-decoration: underline;\">R\u00e9partition fran\u00e7aise :<\/span><br \/>\nIl s&rsquo;agit d&rsquo;une esp\u00e8ce end\u00e9mique des Alpes occidentales du Sud. On la retrouve en Savoie, dans les Alpes-Maritimes, les Alpes de Haute-Provence, les Hautes-Alpes et l&rsquo;Is\u00e8re. Dans plusieurs livres, on l&rsquo;indique dans les pyr\u00e9n\u00e9es mais d&rsquo;apr\u00e8s le botaniste A. Jauzein, il s&rsquo;agit d&rsquo;une confusion avec une esp\u00e8ce tr\u00e8s proche : Dianthus seguieri subsp. requienii.<br \/>\nDans les d\u00e9partements des Alpes-Maritimes, elle est pr\u00e9sente dans les hauts massifs du Mercantour, dans le Haut Var, en Haute-Tin\u00e9e, dans les pelouses alpines des vall\u00e9es de la Roya et de la V\u00e9subie.<\/p>\n<p><span style=\"text-decoration: underline;\">Ecologie :<\/span><br \/>\nL\u2019\u0153illet \u0153il-de-paon est une orophyte (adapt\u00e9 au milieu montagnard). Cette esp\u00e8ce appr\u00e9cie les pelouses ensoleill\u00e9es pas trop humides : elle est m\u00e9sophile (conditions moyennes) (Phytosociologie : <strong>15.0.1.0.5 <em>Nardion stritae<\/em><\/strong> &#8211; Communaut\u00e9s des d\u00e9pressions et replats, supportant l&rsquo;enneigement prolong\u00e9 (chionophile)) \u00e0 x\u00e9rophile (conditions s\u00e8ches) (Phytosociologie : <strong>15.0.1.0.1 <em>Festucion variae<\/em><\/strong> &#8211; Communaut\u00e9s thermophiles des Alpes). L&rsquo;esp\u00e8ce a une pr\u00e9f\u00e9rence pour les substrats siliceux ou d\u00e9carbonat\u00e9s. On peut la trouver entre 1500 et 2800 m\u00e8tres d&rsquo;altitude.<\/p>\n<p><span style=\"text-decoration: underline;\">Protection :<\/span><br \/>\nL&rsquo;esp\u00e8ce est prot\u00e9g\u00e9e dans les Alpes-de-Haute-Provence.<\/p>\n<div id=\"attachment_881\" style=\"width: 500px\" class=\"wp-caption aligncenter\"><a href=\"https:\/\/www.preservons-la-nature.fr\/blog\/?attachment_id=881\" rel=\"attachment wp-att-881\"><img loading=\"lazy\" decoding=\"async\" aria-describedby=\"caption-attachment-881\" class=\"size-full wp-image-881 \" title=\"L\u2019\u0153illet \u0153il-de-paon (Dianthus pavonius Tausch)\" alt=\"L\u2019\u0153illet \u0153il-de-paon (Dianthus pavonius Tausch)\" src=\"https:\/\/www.preservons-la-nature.fr\/blog\/wp-content\/uploads\/2012\/02\/DSC1628.jpg\" width=\"490\" height=\"327\" srcset=\"https:\/\/preservons-la-nature.fr\/blog\/wp-content\/uploads\/2012\/02\/DSC1628.jpg 700w, https:\/\/preservons-la-nature.fr\/blog\/wp-content\/uploads\/2012\/02\/DSC1628-300x200.jpg 300w\" sizes=\"auto, (max-width: 490px) 100vw, 490px\" \/><\/a><p id=\"caption-attachment-881\" class=\"wp-caption-text\">L\u2019\u0153illet \u0153il-de-paon (Dianthus pavonius Tausch)<\/p><\/div>\n<p><span style=\"text-decoration: underline;\">Description :<\/span><br \/>\nLa plante mesure entre 3 et 20 cm de hauteur. Elle a un port gazonnant. La tige comporte g\u00e9n\u00e9ralement une seule fleur. La plante est glabre. Les feuilles sont lin\u00e9aires. Les fleurs peuvent faire jusqu&rsquo;\u00e0 3 cm. La couleur est rose. La corolle comporte 5 p\u00e9tales aux extr\u00e9mit\u00e9s dent\u00e9es. La gorge est bleue et comporte quelques poils. Les s\u00e9pales sont de couleur jaun\u00e2tre et comportent une longue pointe.<\/p>\n<p><span style=\"text-decoration: underline;\">Taxonomie :<\/span><strong><em><br \/>\nDianthus pavonius Tausch<\/em><\/strong> a pour synonymes (Informations issues de la BDTFX Version 1.1, <a href=\"http:\/\/www.tela-botanica.org\/\" target=\"_blank\">Tela Botanica<\/a>) :<\/p>\n<p><em>&#8211; Dianthus neglectus sensu auct. plur.<br \/>\n&#8211; Dianthus neglectus var. elongatus Rouy &amp; Foucaud<br \/>\n&#8211; Dianthus neglectus var. nanus Rouy &amp; Foucaud<\/em><\/p>\n","protected":false},"excerpt":{"rendered":"<p>L\u2019\u0153illet \u0153il-de-paon \u00a0 ( Dianthus pavonius Tausch) fait partie de la famille des Caryophyllac\u00e9es (Caryophyllaceae). Sa p\u00e9riode de floraison s&rsquo;\u00e9tale de Juin \u00e0 Ao\u00fbt. R\u00e9partition fran\u00e7aise : Il s&rsquo;agit d&rsquo;une esp\u00e8ce end\u00e9mique des Alpes occidentales du Sud. On la retrouve &hellip; <a href=\"https:\/\/preservons-la-nature.fr\/blog\/?p=875\">Continuer la lecture <span class=\"meta-nav\">&rarr;<\/span><\/a><\/p>\n","protected":false},"author":1,"featured_media":0,"comment_status":"open","ping_status":"open","sticky":false,"template":"","format":"standard","meta":{"footnotes":""},"categories":[87],"tags":[61],"class_list":["post-875","post","type-post","status-publish","format-standard","hentry","category-ficheplante","tag-caryophyllacees"],"_links":{"self":[{"href":"https:\/\/preservons-la-nature.fr\/blog\/index.php?rest_route=\/wp\/v2\/posts\/875","targetHints":{"allow":["GET"]}}],"collection":[{"href":"https:\/\/preservons-la-nature.fr\/blog\/index.php?rest_route=\/wp\/v2\/posts"}],"about":[{"href":"https:\/\/preservons-la-nature.fr\/blog\/index.php?rest_route=\/wp\/v2\/types\/post"}],"author":[{"embeddable":true,"href":"https:\/\/preservons-la-nature.fr\/blog\/index.php?rest_route=\/wp\/v2\/users\/1"}],"replies":[{"embeddable":true,"href":"https:\/\/preservons-la-nature.fr\/blog\/index.php?rest_route=%2Fwp%2Fv2%2Fcomments&post=875"}],"version-history":[{"count":18,"href":"https:\/\/preservons-la-nature.fr\/blog\/index.php?rest_route=\/wp\/v2\/posts\/875\/revisions"}],"predecessor-version":[{"id":2339,"href":"https:\/\/preservons-la-nature.fr\/blog\/index.php?rest_route=\/wp\/v2\/posts\/875\/revisions\/2339"}],"wp:attachment":[{"href":"https:\/\/preservons-la-nature.fr\/blog\/index.php?rest_route=%2Fwp%2Fv2%2Fmedia&parent=875"}],"wp:term":[{"taxonomy":"category","embeddable":true,"href":"https:\/\/preservons-la-nature.fr\/blog\/index.php?rest_route=%2Fwp%2Fv2%2Fcategories&post=875"},{"taxonomy":"post_tag","embeddable":true,"href":"https:\/\/preservons-la-nature.fr\/blog\/index.php?rest_route=%2Fwp%2Fv2%2Ftags&post=875"}],"curies":[{"name":"wp","href":"https:\/\/api.w.org\/{rel}","templated":true}]}}