{"id":854,"date":"2012-02-01T13:41:53","date_gmt":"2012-02-01T13:41:53","guid":{"rendered":"https:\/\/www.preservons-la-nature.fr\/blog\/?p=854"},"modified":"2014-02-27T13:48:09","modified_gmt":"2014-02-27T12:48:09","slug":"rejets-deaux-usees-en-loire-mobilisons-nous-en-2012","status":"publish","type":"post","link":"https:\/\/preservons-la-nature.fr\/blog\/?p=854","title":{"rendered":"Rejets d&rsquo;eaux us\u00e9es en Loire, mobilisons-nous en 2012!"},"content":{"rendered":"<p><strong>La pollution en Loire par le rejet d&rsquo;eaux us\u00e9es<\/strong> sur les communes d&rsquo;Orl\u00e9ans, Saint-Jean-de-la-Ruelle et la Chapelle-Saint-Mesmin <strong>continue de s&rsquo;amplifier<\/strong> pour plusieurs raisons. Rien n&rsquo;a \u00e9t\u00e9 entrepris pour r\u00e9soudre ces rejets depuis que nous avons alert\u00e9 les \u00e9lus. Le budget pour 2012, que ce soit l&rsquo;Agglo ou Orl\u00e9ans, n&rsquo;inclut <strong>aucune \u00e9tude, aucun travaux concernant ce drame \u00e9cologique majeur<\/strong>. La canalisation de 6 kilom\u00e8tres reliant Orl\u00e9ans \u00e0 la station d&rsquo;\u00e9puration d&rsquo;Orl\u00e9ans s&rsquo;est retrouv\u00e9e <strong>sous le niveau de la Loire lors des crues<\/strong> de fin d\u00e9cembre \u00e0 d\u00e9but janvier. Des crues, qui \u00e9taient loin d&rsquo;\u00eatre exceptionnelles! On comprend alors que des infiltrations deviennent possibles dans ce r\u00e9seau, le rendant d\u00e9faillant.<\/p>\n<p>Je n&rsquo;ai pas manqu\u00e9 en 2011 d&rsquo;alerter les \u00e9lus sur cette pollution. Les uns renvoyant la balle sur les autres, les autres d\u00e9clarant que ce probl\u00e8me n&rsquo;intervenait que 30 jours par an par de forts \u00e9pisodes de pluies. Mais les \u00e9lus, ne sont-ils pas cens\u00e9s repr\u00e9senter les citoyens ? Apr\u00e8s \u00e9tude de diff\u00e9rents d\u00e9crets pr\u00e9fectoraux, il appara\u00eet que <strong>les communes sont aussi responsables que l&rsquo;Agglo<\/strong> puisqu&rsquo;elles doivent veiller \u00e0 la bonne ex\u00e9cution de ceux-ci. Ne doivent-elles pas non plus respecter strictement l&rsquo;arr\u00eat\u00e9 minist\u00e9riel du 22 juin 2007 ? <strong>La Mission Val-de-Loire et la R\u00e9gion Centre ne peuvent-ils pas intervenir ?<\/strong><\/p>\n<p>Sachez que <strong>les eaux us\u00e9es<\/strong> ne sont pas <strong>rejet\u00e9es<\/strong> seulement 30 jours par an mais <strong>plus de 180 jours par an!<\/strong> Nous en avons \u00e9t\u00e9 les t\u00e9moins par notre surveillance quasi-syst\u00e9matique. De nombreuses photos ont d\u00e9j\u00e0 \u00e9t\u00e9 publi\u00e9es. Nous avons \u00e9t\u00e9 boycott\u00e9 par la R\u00e9publique du Centre, la tribune d&rsquo;Orl\u00e9ans. Toutefois, <strong>l&rsquo;hebdomadaire L&rsquo;Express du 5 octobre 2011 a consacr\u00e9 deux pages enti\u00e8res sur cette pollution en Loire<\/strong> dans le cadre d&rsquo;un dossier : Orl\u00e9ans, les sujets qui f\u00e2chent. <strong>Aucune r\u00e9action des \u00e9lus!<\/strong> Et on comprend pourquoi : <strong>la reconstruction de la canalisation de 6 kms co\u00fbterait plusieurs millions d&rsquo;euros<\/strong>, et comme la majorit\u00e9 ayant engag\u00e9 les travaux n&rsquo;est plus la m\u00eame&#8230;<\/p>\n<p>Il est temps de trouver une solution durable \u00e0 ce d\u00e9sastre \u00e9cologique! <strong>Nos \u00e9lus doivent s&rsquo;engager!<\/strong> Je sais qu&rsquo;une bonne partie des \u00e9lus que nous avons contact\u00e9 va se pr\u00e9senter aux prochaines \u00e9lections l\u00e9gislatives pour nous repr\u00e9senter \u00e0 l&rsquo;Assembl\u00e9e. C&rsquo;est une bonne occasion de savoir si ce sont de bons candidats&#8230;<\/p>\n<p>Voici quelques photos montrant la <strong>d\u00e9faillance totale du r\u00e9seau d&rsquo;assainissement<\/strong>, que ce soit \u00e0 Orl\u00e9ans, \u00e0 Saint-Jean-de-la-Ruelle ou \u00e0 la Chapelle-Saint-Mesmin. <strong>Des torrents d&rsquo;eaux us\u00e9es et de lingettes<\/strong> sortaient d&rsquo;une bouche d&rsquo;\u00e9gout viss\u00e9e en contrebas du bassin d&rsquo;orage de la Chilesse sur la commune de Saint-Jean-de-la-Ruelle o\u00f9 pr\u00e8s de <strong>800000 euros ont \u00e9t\u00e9 investis pour am\u00e9liorer le cadre environnemental<\/strong>.<\/p>\n<div id=\"attachment_855\" style=\"width: 570px\" class=\"wp-caption aligncenter\"><a href=\"https:\/\/www.preservons-la-nature.fr\/blog\/?attachment_id=855\" rel=\"attachment wp-att-855\"><img loading=\"lazy\" decoding=\"async\" aria-describedby=\"caption-attachment-855\" class=\"size-full wp-image-855 \" title=\"Les torrents d'eaux us\u00e9es ont couch\u00e9 la v\u00e9g\u00e9tation sur plusieurs dizaines de m\u00e8tres!\" alt=\"Les torrents d'eaux us\u00e9es ont couch\u00e9 la v\u00e9g\u00e9tation sur plusieurs dizaines de m\u00e8tres!\" src=\"https:\/\/www.preservons-la-nature.fr\/blog\/wp-content\/uploads\/2012\/02\/DSC0841.jpg\" width=\"560\" height=\"372\" srcset=\"https:\/\/preservons-la-nature.fr\/blog\/wp-content\/uploads\/2012\/02\/DSC0841.jpg 700w, https:\/\/preservons-la-nature.fr\/blog\/wp-content\/uploads\/2012\/02\/DSC0841-300x199.jpg 300w\" sizes=\"auto, (max-width: 560px) 100vw, 560px\" \/><\/a><p id=\"caption-attachment-855\" class=\"wp-caption-text\">Les torrents d&rsquo;eaux us\u00e9es ont couch\u00e9 la v\u00e9g\u00e9tation sur plusieurs dizaines de m\u00e8tres!<\/p><\/div>\n<div id=\"attachment_856\" style=\"width: 570px\" class=\"wp-caption aligncenter\"><a href=\"https:\/\/www.preservons-la-nature.fr\/blog\/?attachment_id=856\" rel=\"attachment wp-att-856\"><img loading=\"lazy\" decoding=\"async\" aria-describedby=\"caption-attachment-856\" class=\"size-full wp-image-856 \" title=\"Une vue autour de la bouche d'\u00e9gout\" alt=\"Une vue autour de la bouche d'\u00e9gout\" src=\"https:\/\/www.preservons-la-nature.fr\/blog\/wp-content\/uploads\/2012\/02\/DSC0843.jpg\" width=\"560\" height=\"372\" srcset=\"https:\/\/preservons-la-nature.fr\/blog\/wp-content\/uploads\/2012\/02\/DSC0843.jpg 700w, https:\/\/preservons-la-nature.fr\/blog\/wp-content\/uploads\/2012\/02\/DSC0843-300x199.jpg 300w\" sizes=\"auto, (max-width: 560px) 100vw, 560px\" \/><\/a><p id=\"caption-attachment-856\" class=\"wp-caption-text\">Une vue autour de la bouche d&rsquo;\u00e9gout<\/p><\/div>\n<div id=\"attachment_857\" style=\"width: 570px\" class=\"wp-caption aligncenter\"><a href=\"https:\/\/www.preservons-la-nature.fr\/blog\/?attachment_id=857\" rel=\"attachment wp-att-857\"><img loading=\"lazy\" decoding=\"async\" aria-describedby=\"caption-attachment-857\" class=\"size-full wp-image-857 \" title=\"Des torrents de lingettes se sont d\u00e9vers\u00e9s en Loire\" alt=\"Des torrents de lingettes se sont d\u00e9vers\u00e9s en Loire\" src=\"https:\/\/www.preservons-la-nature.fr\/blog\/wp-content\/uploads\/2012\/02\/DSC0844.jpg\" width=\"560\" height=\"372\" srcset=\"https:\/\/preservons-la-nature.fr\/blog\/wp-content\/uploads\/2012\/02\/DSC0844.jpg 700w, https:\/\/preservons-la-nature.fr\/blog\/wp-content\/uploads\/2012\/02\/DSC0844-300x199.jpg 300w\" sizes=\"auto, (max-width: 560px) 100vw, 560px\" \/><\/a><p id=\"caption-attachment-857\" class=\"wp-caption-text\">Des torrents de lingettes se sont d\u00e9vers\u00e9s en Loire<\/p><\/div>\n<div id=\"attachment_858\" style=\"width: 570px\" class=\"wp-caption aligncenter\"><a href=\"https:\/\/www.preservons-la-nature.fr\/blog\/?attachment_id=858\" rel=\"attachment wp-att-858\"><img loading=\"lazy\" decoding=\"async\" aria-describedby=\"caption-attachment-858\" class=\"size-full wp-image-858 \" title=\"Quel d\u00e9sastre !\" alt=\"Quel d\u00e9sastre !\" src=\"https:\/\/www.preservons-la-nature.fr\/blog\/wp-content\/uploads\/2012\/02\/DSC0847.jpg\" width=\"560\" height=\"372\" srcset=\"https:\/\/preservons-la-nature.fr\/blog\/wp-content\/uploads\/2012\/02\/DSC0847.jpg 700w, https:\/\/preservons-la-nature.fr\/blog\/wp-content\/uploads\/2012\/02\/DSC0847-300x199.jpg 300w\" sizes=\"auto, (max-width: 560px) 100vw, 560px\" \/><\/a><p id=\"caption-attachment-858\" class=\"wp-caption-text\">Quel d\u00e9sastre !<\/p><\/div>\n<div id=\"attachment_859\" style=\"width: 570px\" class=\"wp-caption aligncenter\"><a href=\"https:\/\/www.preservons-la-nature.fr\/blog\/?attachment_id=859\" rel=\"attachment wp-att-859\"><img loading=\"lazy\" decoding=\"async\" aria-describedby=\"caption-attachment-859\" class=\"size-full wp-image-859 \" title=\"Une v\u00e9g\u00e9tation arrach\u00e9e par la densit\u00e9 des lingettes\" alt=\"Une v\u00e9g\u00e9tation arrach\u00e9e par la densit\u00e9 des lingettes\" src=\"https:\/\/www.preservons-la-nature.fr\/blog\/wp-content\/uploads\/2012\/02\/DSC3990.jpg\" width=\"560\" height=\"374\" srcset=\"https:\/\/preservons-la-nature.fr\/blog\/wp-content\/uploads\/2012\/02\/DSC3990.jpg 700w, https:\/\/preservons-la-nature.fr\/blog\/wp-content\/uploads\/2012\/02\/DSC3990-300x200.jpg 300w\" sizes=\"auto, (max-width: 560px) 100vw, 560px\" \/><\/a><p id=\"caption-attachment-859\" class=\"wp-caption-text\">Une v\u00e9g\u00e9tation arrach\u00e9e par la densit\u00e9 des lingettes<\/p><\/div>\n<p><strong>C\u00f4t\u00e9 sud de la Loire<\/strong>, pr\u00e8s de l&rsquo;\u00eele Arrault \u00e0 Orl\u00e9ans, <strong>la situation ne semble pas meilleure<\/strong> comme en t\u00e9moigne les photos ci-dessous :<\/p>\n<div id=\"attachment_860\" style=\"width: 570px\" class=\"wp-caption aligncenter\"><a href=\"https:\/\/www.preservons-la-nature.fr\/blog\/?attachment_id=860\" rel=\"attachment wp-att-860\"><img loading=\"lazy\" decoding=\"async\" aria-describedby=\"caption-attachment-860\" class=\"size-full wp-image-860 \" title=\"Question : s'agit-il d'eau de pluie, de ruissellement?\" alt=\"Question : s'agit-il d'eau de pluie, de ruissellement?\" src=\"https:\/\/www.preservons-la-nature.fr\/blog\/wp-content\/uploads\/2012\/02\/DSC4295.jpg\" width=\"560\" height=\"374\" srcset=\"https:\/\/preservons-la-nature.fr\/blog\/wp-content\/uploads\/2012\/02\/DSC4295.jpg 700w, https:\/\/preservons-la-nature.fr\/blog\/wp-content\/uploads\/2012\/02\/DSC4295-300x200.jpg 300w\" sizes=\"auto, (max-width: 560px) 100vw, 560px\" \/><\/a><p id=\"caption-attachment-860\" class=\"wp-caption-text\">Question : s&rsquo;agit-il d&rsquo;eau de pluie, de ruissellement?<\/p><\/div>\n<p>La r\u00e9ponse \u00e0 la question :<\/p>\n<div id=\"attachment_861\" style=\"width: 477px\" class=\"wp-caption aligncenter\"><a href=\"https:\/\/www.preservons-la-nature.fr\/blog\/?attachment_id=861\" rel=\"attachment wp-att-861\"><img loading=\"lazy\" decoding=\"async\" aria-describedby=\"caption-attachment-861\" class=\"size-full wp-image-861\" title=\"Non, il s'agit bien d'eaux us\u00e9es rejet\u00e9es en Loire !!\" alt=\"Non, il s'agit bien d'eaux us\u00e9es rejet\u00e9es en Loire !!\" src=\"https:\/\/www.preservons-la-nature.fr\/blog\/wp-content\/uploads\/2012\/02\/DSC4298.jpg\" width=\"467\" height=\"700\" srcset=\"https:\/\/preservons-la-nature.fr\/blog\/wp-content\/uploads\/2012\/02\/DSC4298.jpg 467w, https:\/\/preservons-la-nature.fr\/blog\/wp-content\/uploads\/2012\/02\/DSC4298-200x300.jpg 200w\" sizes=\"auto, (max-width: 467px) 100vw, 467px\" \/><\/a><p id=\"caption-attachment-861\" class=\"wp-caption-text\">Non, il s&rsquo;agit bien d&rsquo;eaux us\u00e9es rejet\u00e9es en Loire !!<\/p><\/div>\n<p>Vous retrouverez l&rsquo;int\u00e9gralit\u00e9 des articles consacr\u00e9s \u00e0 ce dossier : <a href=\"https:\/\/www.preservons-la-nature.fr\/blog\/?tag=pollution\"><strong>ici<\/strong><\/a><\/p>\n","protected":false},"excerpt":{"rendered":"<p>La pollution en Loire par le rejet d&rsquo;eaux us\u00e9es sur les communes d&rsquo;Orl\u00e9ans, Saint-Jean-de-la-Ruelle et la Chapelle-Saint-Mesmin continue de s&rsquo;amplifier pour plusieurs raisons. Rien n&rsquo;a \u00e9t\u00e9 entrepris pour r\u00e9soudre ces rejets depuis que nous avons alert\u00e9 les \u00e9lus. Le budget &hellip; <a href=\"https:\/\/preservons-la-nature.fr\/blog\/?p=854\">Continuer la lecture <span class=\"meta-nav\">&rarr;<\/span><\/a><\/p>\n","protected":false},"author":1,"featured_media":0,"comment_status":"open","ping_status":"open","sticky":false,"template":"","format":"standard","meta":{"footnotes":""},"categories":[93,3],"tags":[40,7,24,13,39],"class_list":["post-854","post","type-post","status-publish","format-standard","hentry","category-dossier-eaux-usees-a-orleans","category-laloire","tag-chapelle-saint-mesmin","tag-loire","tag-orleans","tag-pollution","tag-saint-jean-de-la-ruelle"],"_links":{"self":[{"href":"https:\/\/preservons-la-nature.fr\/blog\/index.php?rest_route=\/wp\/v2\/posts\/854","targetHints":{"allow":["GET"]}}],"collection":[{"href":"https:\/\/preservons-la-nature.fr\/blog\/index.php?rest_route=\/wp\/v2\/posts"}],"about":[{"href":"https:\/\/preservons-la-nature.fr\/blog\/index.php?rest_route=\/wp\/v2\/types\/post"}],"author":[{"embeddable":true,"href":"https:\/\/preservons-la-nature.fr\/blog\/index.php?rest_route=\/wp\/v2\/users\/1"}],"replies":[{"embeddable":true,"href":"https:\/\/preservons-la-nature.fr\/blog\/index.php?rest_route=%2Fwp%2Fv2%2Fcomments&post=854"}],"version-history":[{"count":15,"href":"https:\/\/preservons-la-nature.fr\/blog\/index.php?rest_route=\/wp\/v2\/posts\/854\/revisions"}],"predecessor-version":[{"id":2532,"href":"https:\/\/preservons-la-nature.fr\/blog\/index.php?rest_route=\/wp\/v2\/posts\/854\/revisions\/2532"}],"wp:attachment":[{"href":"https:\/\/preservons-la-nature.fr\/blog\/index.php?rest_route=%2Fwp%2Fv2%2Fmedia&parent=854"}],"wp:term":[{"taxonomy":"category","embeddable":true,"href":"https:\/\/preservons-la-nature.fr\/blog\/index.php?rest_route=%2Fwp%2Fv2%2Fcategories&post=854"},{"taxonomy":"post_tag","embeddable":true,"href":"https:\/\/preservons-la-nature.fr\/blog\/index.php?rest_route=%2Fwp%2Fv2%2Ftags&post=854"}],"curies":[{"name":"wp","href":"https:\/\/api.w.org\/{rel}","templated":true}]}}