{"id":850,"date":"2012-01-28T05:01:00","date_gmt":"2012-01-28T05:01:00","guid":{"rendered":"https:\/\/www.preservons-la-nature.fr\/blog\/?p=850"},"modified":"2013-06-21T10:16:11","modified_gmt":"2013-06-21T10:16:11","slug":"classement-par-famille-de-156-plantes-du-haut-var","status":"publish","type":"post","link":"https:\/\/preservons-la-nature.fr\/blog\/?p=850","title":{"rendered":"Classement par famille de 156 plantes du Haut-Var"},"content":{"rendered":"<p>Nous avons pass\u00e9 6 jours dans le Haut Var dans le Parc du Mercantour en ao\u00fbt 2011. Nous avons inventori\u00e9 plus de 156 esp\u00e8ces diff\u00e9rentes essentiellement sur les hauts sommets. Les voici class\u00e9es par famille. Chaque lien vous renvoie vers une photographie.<br \/>\n<em><br \/>\n<strong><em>Alliaceae<\/em><\/strong><br \/>\n<a href=\"https:\/\/www.preservons-la-nature.fr\/contemplons\/mercantour1\/content\/_DSC2317_large.php\">Allium narcissiflorum<\/a><br \/>\n<a href=\"https:\/\/www.preservons-la-nature.fr\/contemplons\/mercantour1\/content\/_DSC1508_large.php\">Allium schoenoprasum<\/a><\/em><\/p>\n<p><em><strong><em>Apiaceae<\/em><\/strong><br \/>\n<a href=\"https:\/\/www.preservons-la-nature.fr\/contemplons\/mercantour3\/content\/_DSC2334_large.php\">Athamanta cretensis<\/a><br \/>\n<a href=\"https:\/\/www.preservons-la-nature.fr\/contemplons\/mercantour1\/content\/_DSC1691_large.php\">Bupleurum petraeum<\/a><br \/>\n<a href=\"https:\/\/www.preservons-la-nature.fr\/contemplons\/mercantour1\/content\/_DSC1581_large.php\">Bupleurum ranunculoides subsp. ranunculoides<\/a><br \/>\n<a href=\"https:\/\/www.preservons-la-nature.fr\/contemplons\/mercantour2\/content\/_DSC2113_large.php\">Eryngium alpinum<\/a> &#8211; <a href=\"https:\/\/www.preservons-la-nature.fr\/contemplons\/mercantour2\/content\/_DSC2110_large.php\">2<\/a><\/em><\/p>\n<p><strong><em>Asteraceae<\/em><\/strong><br \/>\n<a href=\"https:\/\/www.preservons-la-nature.fr\/contemplons\/mercantour3\/content\/_DSC1186_large.php\">Achillea millefolium<\/a><br \/>\n<a href=\"https:\/\/www.preservons-la-nature.fr\/contemplons\/mercantour2\/content\/_DSC1695_large.php\">Achillea nana<\/a><br \/>\n<a href=\"https:\/\/www.preservons-la-nature.fr\/contemplons\/mercantour3\/content\/_DSC2339_large.php\">Adenostyles alpina<\/a><br \/>\n<a href=\"https:\/\/www.preservons-la-nature.fr\/contemplons\/mercantour2\/content\/_DSC1874_large.php\">Adenostyles leucophylla<\/a><br \/>\n<a href=\"https:\/\/www.preservons-la-nature.fr\/contemplons\/mercantour1\/content\/_DSC1295_large.php\">Antennaria carpatica<\/a><br \/>\n<a href=\"https:\/\/www.preservons-la-nature.fr\/contemplons\/mercantour2\/content\/_DSC1902_large.php\">Antennaria dioica<\/a><br \/>\n<a href=\"https:\/\/www.preservons-la-nature.fr\/contemplons\/mercantour1\/content\/_DSC1652_large.php\">Aster alpinus<\/a><br \/>\n<a href=\"https:\/\/www.preservons-la-nature.fr\/contemplons\/mercantour1\/content\/_DSC1696_large.php\">Berardia subacaulis<\/a><br \/>\n<a href=\"https:\/\/www.preservons-la-nature.fr\/contemplons\/mercantour3\/content\/_DSC2597_large.php\">Buphthalmum salicifolium<\/a><br \/>\n<a href=\"https:\/\/www.preservons-la-nature.fr\/contemplons\/mercantour3\/content\/_DSC1543_large.php\">Carduus carlinifolius<\/a><br \/>\n<a href=\"https:\/\/www.preservons-la-nature.fr\/contemplons\/mercantour3\/content\/_DSC2328_large.php\">Carlina acaulis<\/a><br \/>\n<a href=\"https:\/\/www.preservons-la-nature.fr\/contemplons\/mercantour1\/content\/_DSC1674_large.php\">Centaurea uniflora<\/a><br \/>\n<a href=\"https:\/\/www.preservons-la-nature.fr\/contemplons\/mercantour2\/content\/_DSC2145_large.php\">Cirsium acaule<\/a><br \/>\n<a href=\"https:\/\/www.preservons-la-nature.fr\/contemplons\/mercantour3\/content\/_DSC2671_large.php\">Cirsium monspessulanum<\/a><br \/>\n<a href=\"https:\/\/www.preservons-la-nature.fr\/contemplons\/mercantour1\/content\/_DSC1284_large.php\">Cirsium spinosissimum<\/a><br \/>\n<a href=\"https:\/\/www.preservons-la-nature.fr\/contemplons\/mercantour3\/content\/_DSC2662_large.php\">Cirsium tuberosum<\/a><br \/>\n<a href=\"https:\/\/www.preservons-la-nature.fr\/contemplons\/mercantour3\/content\/_DSC2215_large.php\">Doronicum clusii<\/a><br \/>\n<a href=\"https:\/\/www.preservons-la-nature.fr\/contemplons\/mercantour2\/content\/_DSC1882_large.php\">Doronicum grandiflorum<\/a><br \/>\n<a href=\"https:\/\/www.preservons-la-nature.fr\/contemplons\/mercantour1\/content\/_DSC1198_large.php\">Echinops ritro<\/a><br \/>\n<a href=\"https:\/\/www.preservons-la-nature.fr\/contemplons\/mercantour1\/content\/_DSC1213_large.php\">Echinops sphaerocephalus<\/a><br \/>\n<a href=\"https:\/\/www.preservons-la-nature.fr\/contemplons\/mercantour1\/content\/_DSC1557_large.php\">Erigeron alpinus<\/a><br \/>\n<a href=\"https:\/\/www.preservons-la-nature.fr\/contemplons\/mercantour1\/content\/_DSC1671_large.php\">Erigeron uniflorus<\/a><br \/>\n<a href=\"https:\/\/www.preservons-la-nature.fr\/contemplons\/mercantour3\/content\/_DSC2307_large.php\">Jacobaea incana<\/a><br \/>\n<a href=\"https:\/\/www.preservons-la-nature.fr\/contemplons\/mercantour3\/content\/_DSC2580_large.php\">Lactuca perennis<\/a><br \/>\n<a href=\"https:\/\/www.preservons-la-nature.fr\/contemplons\/mercantour2\/content\/_DSC1836_large.php\">Leucanthemopsis alpina<\/a><br \/>\n<a href=\"https:\/\/www.preservons-la-nature.fr\/contemplons\/mercantour1\/content\/_DSC2115_large.php\">Rhaponticum heleniifolium<\/a><br \/>\n<a href=\"https:\/\/www.preservons-la-nature.fr\/contemplons\/mercantour3\/content\/_DSC2353_large.php\">Senecio doronicum<\/a><\/p>\n<p><strong><em>Boraginaceae<\/em><\/strong><br \/>\n<a href=\"https:\/\/www.preservons-la-nature.fr\/contemplons\/mercantour1\/content\/_DSC1562_large.php\">Cynoglossum officinale<\/a><br \/>\n<a href=\"https:\/\/www.preservons-la-nature.fr\/contemplons\/mercantour3\/content\/_DSC2297_large.php\">Myosotis alpestris<\/a><\/p>\n<p><strong><em>Brassicaceae<\/em><\/strong><br \/>\n<a href=\"https:\/\/www.preservons-la-nature.fr\/contemplons\/mercantour1\/content\/_DSC1363_large.php\">Erysimum ochroleucum<\/a><br \/>\n<a href=\"https:\/\/www.preservons-la-nature.fr\/contemplons\/mercantour2\/content\/_DSC1832_large.php\">Erysimum rhaeticum<\/a><\/p>\n<p><strong><em>Campanulaceae<\/em><\/strong><br \/>\n<a href=\"https:\/\/www.preservons-la-nature.fr\/contemplons\/mercantour3\/content\/_DSC2345_large.php\">Campanula alpestris<\/a><br \/>\n<a href=\"https:\/\/www.preservons-la-nature.fr\/contemplons\/mercantour3\/content\/_DSC2543_large.php\">Campanula rapunculoides<\/a><br \/>\n<a href=\"https:\/\/www.preservons-la-nature.fr\/contemplons\/mercantour2\/content\/_DSC2008_large.php\">Campanula scheuchzeri<\/a><br \/>\n<a href=\"https:\/\/www.preservons-la-nature.fr\/contemplons\/mercantour2\/content\/_DSC1701_large.php\">Phyteuma globulariifolium subsp. pedemontanum<\/a><br \/>\n<a href=\"https:\/\/www.preservons-la-nature.fr\/contemplons\/mercantour2\/content\/_DSC1896_large.php\">Phyteuma michelii<\/a><\/p>\n<p><strong><em>Caprifoliaceae<\/em><\/strong><br \/>\n<a href=\"https:\/\/www.preservons-la-nature.fr\/contemplons\/mercantour3\/content\/_DSC2591_large.php\">Centranthus angustifolius<\/a><br \/>\n<a href=\"https:\/\/www.preservons-la-nature.fr\/contemplons\/mercantour3\/content\/_DSC2547_large.php\">Lonicera xylosteum<\/a><br \/>\n<a href=\"https:\/\/www.preservons-la-nature.fr\/contemplons\/mercantour3\/content\/_DSC2210_large.php\">Valeriana montana<\/a><br \/>\n<a href=\"https:\/\/www.preservons-la-nature.fr\/contemplons\/mercantour3\/content\/_DSC1818_large.php\">Valeriana saliunca<\/a><\/p>\n<p><strong><em>Caryophyllaceae<\/em><\/strong><br \/>\n<a href=\"https:\/\/www.preservons-la-nature.fr\/contemplons\/mercantour1\/content\/_DSC1694_large.php\">Arenaria gothica subsp. moehringioides<\/a><br \/>\n<a href=\"https:\/\/www.preservons-la-nature.fr\/contemplons\/mercantour3\/content\/_DSC2474_large.php\">Cerastium latifolium<\/a><br \/>\n<a href=\"https:\/\/www.preservons-la-nature.fr\/contemplons\/mercantour1\/content\/_DSC1570_large.php\">Dianthus pavonius<\/a><br \/>\n<a href=\"https:\/\/www.preservons-la-nature.fr\/contemplons\/mercantour3\/content\/_DSC2666_large.php\">Gypsophila repens<\/a><br \/>\n<a href=\"https:\/\/www.preservons-la-nature.fr\/contemplons\/mercantour3\/content\/_DSC2278_large.php\">Minuartia sedoides<\/a><br \/>\n<a href=\"https:\/\/www.preservons-la-nature.fr\/contemplons\/mercantour1\/content\/_DSC1306_large.php\">Silene acaulis subsp. longiscapa<\/a><br \/>\n<a href=\"https:\/\/www.preservons-la-nature.fr\/contemplons\/mercantour3\/content\/_DSC2280_large.php\">Silene acaulis subsp. exscapa<\/a><br \/>\n<a href=\"https:\/\/www.preservons-la-nature.fr\/contemplons\/mercantour1\/content\/_DSC1355_large.php\">Silene vulgaris subsp. prostrata<\/a><\/p>\n<p><strong><em>Colchicaceae<\/em><\/strong><br \/>\n<a href=\"https:\/\/www.preservons-la-nature.fr\/contemplons\/mercantour2\/content\/_DSC2126_large.php\">Colchicum alpinum<\/a><\/p>\n<p><strong><em>Crassulaceae<\/em><\/strong><br \/>\n<a href=\"https:\/\/www.preservons-la-nature.fr\/contemplons\/mercantour1\/content\/_DSC1599_large.php\">Hylotelephium anacampseros<\/a><br \/>\n<a href=\"https:\/\/www.preservons-la-nature.fr\/contemplons\/mercantour3\/content\/_DSC1502_large.php\">Sedum acre<\/a><br \/>\n<a href=\"https:\/\/www.preservons-la-nature.fr\/contemplons\/mercantour3\/content\/_DSC1336_large.php\">Sedum atratum<\/a><br \/>\n<a href=\"https:\/\/www.preservons-la-nature.fr\/contemplons\/mercantour2\/content\/_DSC2080_large.php\">Sedum montanum<\/a><br \/>\n<a href=\"https:\/\/www.preservons-la-nature.fr\/contemplons\/mercantour1\/content\/_DSC1333_large.php\">Sempervivum arachnoideum<\/a><br \/>\n<a href=\"https:\/\/www.preservons-la-nature.fr\/contemplons\/mercantour1\/content\/_DSC1589_large.php\">Sempervivum globiferum subsp. allionii<\/a><br \/>\n<a href=\"https:\/\/www.preservons-la-nature.fr\/contemplons\/mercantour1\/content\/_DSC1595_large.php\">Sempervivum tectorum<\/a><\/p>\n<p><strong><em>Cyperaceae<\/em><\/strong><br \/>\n<a href=\"https:\/\/www.preservons-la-nature.fr\/contemplons\/mercantour1\/content\/_DSC1923_large.php\">Carex bicolor<\/a><br \/>\n<a href=\"https:\/\/www.preservons-la-nature.fr\/contemplons\/mercantour2\/content\/_DSC1974_large.php\">Carex davalliana<\/a><br \/>\n<a href=\"https:\/\/www.preservons-la-nature.fr\/contemplons\/mercantour2\/content\/_DSC1927_large.php\">Carex panicea<\/a><br \/>\n<a href=\"https:\/\/www.preservons-la-nature.fr\/contemplons\/mercantour2\/content\/_DSC1933_large.php\">Carex viridula<\/a><br \/>\n<a href=\"https:\/\/www.preservons-la-nature.fr\/contemplons\/mercantour3\/content\/_DSC2224_large.php\">Eriophorum angustifolium<\/a><br \/>\n<a href=\"https:\/\/www.preservons-la-nature.fr\/contemplons\/mercantour1\/content\/_DSC1314_large.php\">Eriophorum scheuchzeri<\/a><\/p>\n<p><strong><em>Dryopteridaceae<\/em><\/strong><br \/>\n<a href=\"https:\/\/www.preservons-la-nature.fr\/contemplons\/mercantour3\/content\/_DSC2292_large.php\">Polystichum lonchitis<\/a><\/p>\n<p><strong><em>Equisetaceae<\/em><\/strong><br \/>\n<a href=\"https:\/\/www.preservons-la-nature.fr\/contemplons\/mercantour2\/content\/_DSC1978_large.php\">Equisetum variegatum<\/a><\/p>\n<p><strong><em>Fabaceae<\/em><\/strong><br \/>\n<a href=\"https:\/\/www.preservons-la-nature.fr\/contemplons\/mercantour1\/content\/_DSC1642_large.php\">Anthyllis vulneraria subsp. alpestris<\/a><br \/>\n<a href=\"https:\/\/www.preservons-la-nature.fr\/contemplons\/mercantour3\/content\/_DSC2283_large.php\">Astragalus alpinus<\/a><br \/>\n<a href=\"https:\/\/www.preservons-la-nature.fr\/contemplons\/mercantour1\/content\/_DSC1687_large.php\">Astragalus penduliflorus<\/a><br \/>\n<a href=\"https:\/\/www.preservons-la-nature.fr\/contemplons\/mercantour1\/content\/_DSC2168_large.php\">Hedysarum hedysaroides subsp. boutignyanum<\/a><br \/>\n<a href=\"https:\/\/www.preservons-la-nature.fr\/contemplons\/mercantour3\/content\/_DSC2299_large.php\">Lotus alpinus<\/a><br \/>\n<a href=\"https:\/\/www.preservons-la-nature.fr\/contemplons\/mercantour2\/content\/_DSC2039_large.php\">Onobrychis viciifolia subsp. montana<\/a><br \/>\n<a href=\"https:\/\/www.preservons-la-nature.fr\/contemplons\/mercantour2\/content\/_DSC2053_large.php\">Ononis cristata<\/a><br \/>\n<a href=\"https:\/\/www.preservons-la-nature.fr\/contemplons\/mercantour2\/content\/_DSC2128_large.php\">Ononis fruticosa<\/a><br \/>\n<a href=\"https:\/\/www.preservons-la-nature.fr\/contemplons\/mercantour3\/content\/_DSC2630_large.php\">Ononis natrix<\/a><br \/>\n<a href=\"https:\/\/www.preservons-la-nature.fr\/contemplons\/mercantour3\/content\/_DSC2304_large.php\">Trifolium alpinum<\/a><br \/>\n<a href=\"https:\/\/www.preservons-la-nature.fr\/contemplons\/mercantour2\/content\/_DSC1919_large.php\">Trifolium badium<\/a><br \/>\n<a href=\"https:\/\/www.preservons-la-nature.fr\/contemplons\/mercantour1\/content\/_DSC1514_large.php\">Trifolium pallescens<\/a><\/p>\n<p><strong><em>Gentianaceae<\/em><\/strong><br \/>\n<a href=\"https:\/\/www.preservons-la-nature.fr\/contemplons\/mercantour3\/content\/_DSC2277_large.php\">Gentiana brachyphylla<\/a><br \/>\n<a href=\"https:\/\/www.preservons-la-nature.fr\/contemplons\/mercantour2\/content\/_DSC2175_large.php\">Gentiana lutea<\/a><br \/>\n<a href=\"https:\/\/www.preservons-la-nature.fr\/contemplons\/mercantour2\/content\/_DSC1833_large.php\">Gentiana nivalis<\/a><br \/>\n<a href=\"https:\/\/www.preservons-la-nature.fr\/contemplons\/mercantour2\/content\/_DSC2196_large.php\">Gentianella campestris subsp. campestris<\/a><\/p>\n<p><strong><em>Geraniaceae<\/em><\/strong><br \/>\n<a href=\"https:\/\/www.preservons-la-nature.fr\/contemplons\/mercantour1\/content\/_DSC1612_large.php\">Geranium sylvaticum<\/a><\/p>\n<p><strong><em>Globulariaceae<\/em><\/strong><br \/>\n<a href=\"https:\/\/www.preservons-la-nature.fr\/contemplons\/mercantour3\/content\/_DSC2312_large.php\">Globularia cordifolia<\/a><\/p>\n<p><strong><em>Hypericaceae<\/em><\/strong><br \/>\n<a href=\"https:\/\/www.preservons-la-nature.fr\/contemplons\/mercantour2\/content\/_DSC2081_large.php\">Hypericum richeri<\/a><\/p>\n<p><strong><em>Lamiaceae<\/em><\/strong><br \/>\n<a href=\"https:\/\/www.preservons-la-nature.fr\/contemplons\/mercantour2\/content\/_DSC2130_large.php\">Clinopodium grandiflorum<\/a><br \/>\n<a href=\"https:\/\/www.preservons-la-nature.fr\/contemplons\/mercantour3\/content\/_DSC2161_large.php\">Galeopsis ladanum subsp. angustifolia<\/a><br \/>\n<a href=\"https:\/\/www.preservons-la-nature.fr\/contemplons\/mercantour3\/content\/_DSC2628_large.php\">Lavandula angustifolia<\/a><br \/>\n<a href=\"https:\/\/www.preservons-la-nature.fr\/contemplons\/mercantour2\/content\/_DSC2049_large.php\">Mentha longifolia<\/a><br \/>\n<a href=\"https:\/\/www.preservons-la-nature.fr\/contemplons\/mercantour1\/content\/_DSC1226_large.php\">Nepeta nepetella<\/a><br \/>\n<a href=\"https:\/\/www.preservons-la-nature.fr\/contemplons\/mercantour2\/content\/_DSC1844_large.php\">Oxytropis helvetica<\/a><br \/>\n<a href=\"https:\/\/www.preservons-la-nature.fr\/contemplons\/mercantour3\/content\/_DSC2653_large.php\">Prunella grandiflora<\/a><br \/>\n<a href=\"https:\/\/www.preservons-la-nature.fr\/contemplons\/mercantour3\/content\/_DSC2624_large.php\">Satureja montana<\/a><br \/>\n<a href=\"https:\/\/www.preservons-la-nature.fr\/contemplons\/mercantour1\/content\/_DSC1690_large.php\">Scutellaria alpina<\/a><br \/>\n<a href=\"https:\/\/www.preservons-la-nature.fr\/contemplons\/mercantour1\/content\/_DSC1597_large.php\">Stachys pradica<\/a><br \/>\n<a href=\"https:\/\/www.preservons-la-nature.fr\/contemplons\/mercantour1\/content\/_DSC2593_large.php\">Teucrium chamaedrys<\/a><br \/>\n<a href=\"https:\/\/www.preservons-la-nature.fr\/contemplons\/mercantour1\/content\/_DSC2611_large.php\">Teucrium lucidum<\/a><br \/>\n<a href=\"https:\/\/www.preservons-la-nature.fr\/contemplons\/mercantour3\/content\/_DSC2649_large.php\">Teucrium montanum<\/a><br \/>\n<a href=\"https:\/\/www.preservons-la-nature.fr\/contemplons\/mercantour1\/content\/_DSC1678_large.php\">Thymus serpyllum<\/a><\/p>\n<p><strong><em>Lentibulariaceae<\/em><\/strong><br \/>\n<a href=\"https:\/\/www.preservons-la-nature.fr\/contemplons\/mercantour2\/content\/_DSC1988_large.php\">Pinguicula leptoceras<\/a><\/p>\n<p><strong><em>Linaceae<\/em><\/strong><br \/>\n<a href=\"https:\/\/www.preservons-la-nature.fr\/contemplons\/mercantour2\/content\/_DSC2192_large.php\">Linum alpinum<\/a><\/p>\n<p><strong><em>Melanthiaceae<\/em><\/strong><br \/>\n<a href=\"https:\/\/www.preservons-la-nature.fr\/contemplons\/mercantour2\/content\/_DSC1897_large.php\">Veratrum album subsp. lobelianum<\/a><\/p>\n<p><strong><em>Onagraceae<\/em><\/strong><br \/>\n<a href=\"https:\/\/www.preservons-la-nature.fr\/contemplons\/mercantour2\/content\/_DSC2006_large.php\">Epilobium anagallidifolium<\/a><br \/>\n<a href=\"https:\/\/www.preservons-la-nature.fr\/contemplons\/mercantour2\/content\/_DSC2043_large.php\">Epilobium angustifolium<\/a><br \/>\n<a href=\"https:\/\/www.preservons-la-nature.fr\/contemplons\/mercantour2\/content\/_DSC2146_large.php\">Epilobium dodonaei subsp. fleischeri<\/a><br \/>\n<a href=\"https:\/\/www.preservons-la-nature.fr\/contemplons\/mercantour2\/content\/_DSC2096_large.php\">Epilobium montanum<\/a><\/p>\n<p><strong><em>Orchidaceae<\/em><\/strong><br \/>\n<a href=\"https:\/\/www.preservons-la-nature.fr\/contemplons\/mercantour2\/content\/_DSC2133_large.php\">Dactylorhiza maculata<\/a><br \/>\n<a href=\"https:\/\/www.preservons-la-nature.fr\/contemplons\/mercantour1\/content\/_DSC1551_large.php\">Gymnadenia conopsea<\/a><\/p>\n<p><strong><em>Orobanchaceae<\/em><\/strong><br \/>\n<a href=\"https:\/\/www.preservons-la-nature.fr\/contemplons\/mercantour2\/content\/_DSC2019_large.php\">Bartsia alpina<\/a><br \/>\n<a href=\"https:\/\/www.preservons-la-nature.fr\/contemplons\/mercantour2\/content\/_DSC1906_large.php\">Euphrasia minima<\/a><br \/>\n<a href=\"https:\/\/www.preservons-la-nature.fr\/contemplons\/mercantour3\/content\/_DSC2532_large.php\">Melampyrum vaudense<\/a><br \/>\n<a href=\"https:\/\/www.preservons-la-nature.fr\/contemplons\/mercantour2\/content\/_DSC2191_large.php\">Pedicularis gyroflexa<\/a><br \/>\n<a href=\"https:\/\/www.preservons-la-nature.fr\/contemplons\/mercantour3\/content\/_DSC2528_large.php\">Pedicularis kerneri<\/a><br \/>\n<a href=\"https:\/\/www.preservons-la-nature.fr\/contemplons\/mercantour2\/content\/_DSC1700_large.php\">Pedicularis rostratospicata<\/a><\/p>\n<p><strong><em>Parnassiaceae<\/em><\/strong><br \/>\n<a href=\"https:\/\/www.preservons-la-nature.fr\/contemplons\/mercantour2\/content\/_DSC1913_large.php\">Parnassia palustris<\/a><\/p>\n<p><strong><em>Pinaceae<\/em><\/strong><br \/>\n<a href=\"https:\/\/www.preservons-la-nature.fr\/contemplons\/mercantour1\/content\/_DSC1451_large.php\">Larix decidua<\/a><\/p>\n<p><strong><em>Plantaginaceae<\/em><\/strong><br \/>\n<a href=\"https:\/\/www.preservons-la-nature.fr\/contemplons\/mercantour2\/content\/_DSC2092_large.php\">Digitalis lutea<\/a><br \/>\n<a href=\"https:\/\/www.preservons-la-nature.fr\/contemplons\/mercantour2\/content\/_DSC1862_large.php\">Linaria alpina<\/a><br \/>\n<a href=\"https:\/\/www.preservons-la-nature.fr\/contemplons\/mercantour2\/content\/_DSC2162_large.php\">Linaria repens<\/a><br \/>\n<a href=\"https:\/\/www.preservons-la-nature.fr\/contemplons\/mercantour3\/content\/_DSC2648_large.php\">Plantago maritima subsp. serpentina<\/a><br \/>\n<a href=\"https:\/\/www.preservons-la-nature.fr\/contemplons\/mercantour1\/content\/_DSC2221_large.php\">Veronica allionii<\/a><br \/>\n<a href=\"https:\/\/www.preservons-la-nature.fr\/contemplons\/mercantour3\/content\/_DSC1860_large.php\">Veronica alpina<\/a><br \/>\n<a href=\"https:\/\/www.preservons-la-nature.fr\/contemplons\/mercantour3\/content\/_DSC1673_large.php\">Veronica fruticans<\/a><\/p>\n<p><strong><em>Plumbaginaceae<\/em><\/strong><br \/>\n<a href=\"https:\/\/www.preservons-la-nature.fr\/contemplons\/mercantour2\/content\/_DSC1910_large.php\">Armeria alpina<\/a><\/p>\n<p><strong><em>Poaceae<\/em><\/strong><br \/>\n<a href=\"https:\/\/www.preservons-la-nature.fr\/contemplons\/mercantour2\/content\/_DSC2033_large.php\">Phleum alpinum subsp. rhaeticum<\/a><\/p>\n<p><strong><em>Polyganaceae<\/em><\/strong><br \/>\n<a href=\"https:\/\/www.preservons-la-nature.fr\/contemplons\/mercantour1\/content\/_DSC1564_large.php\">Persicaria bistorta<\/a><br \/>\n<a href=\"https:\/\/www.preservons-la-nature.fr\/contemplons\/mercantour3\/content\/_DSC2286_large.php\">Persicaria vivipara<\/a><\/p>\n<p><strong><em>Ranunculaceae<\/em><\/strong><br \/>\n<a href=\"https:\/\/www.preservons-la-nature.fr\/contemplons\/mercantour1\/content\/_DSC1458_large.php\">Aconitum lycoctonum subsp. neapolitanum<\/a><br \/>\n<a href=\"https:\/\/www.preservons-la-nature.fr\/contemplons\/mercantour1\/content\/_DSC2156_large.php\">Aquilegia bertolonii<\/a><br \/>\n<a href=\"https:\/\/www.preservons-la-nature.fr\/contemplons\/mercantour1\/content\/_DSC2316_large.php\">Delphinium dubium<\/a><br \/>\n<a href=\"https:\/\/www.preservons-la-nature.fr\/contemplons\/mercantour2\/content\/_DSC2213_large.php\">Ranunculus aduncus<\/a><br \/>\n<a href=\"https:\/\/www.preservons-la-nature.fr\/contemplons\/mercantour2\/content\/_DSC1820_large.php\">Ranunculus glacialis<\/a><\/p>\n<p><strong><em>Rhamnaceae<\/em><\/strong><br \/>\n<a href=\"https:\/\/www.preservons-la-nature.fr\/contemplons\/mercantour3\/content\/_DSC2356_large.php\">Rhamnus pumila<\/a><\/p>\n<p><strong><em>Rosaceae<\/em><\/strong><br \/>\n<a href=\"https:\/\/www.preservons-la-nature.fr\/contemplons\/mercantour1\/content\/_DSC1685_large.php\">Alchemilla alpina<\/a><br \/>\n<a href=\"https:\/\/www.preservons-la-nature.fr\/contemplons\/mercantour1\/content\/_DSC1665_large.php\">Alchemilla vulgaris<\/a><br \/>\n<a href=\"https:\/\/www.preservons-la-nature.fr\/contemplons\/mercantour1\/content\/_DSC1278_large.php\">Dryas octopetala<\/a><br \/>\n<a href=\"https:\/\/www.preservons-la-nature.fr\/contemplons\/mercantour2\/content\/_DSC1873_large.php\">Geum reptans<\/a><\/p>\n<p><strong><em>Rubiaceae<\/em><\/strong><br \/>\n<a href=\"https:\/\/www.preservons-la-nature.fr\/contemplons\/mercantour2\/content\/_DSC2180_large.php\">Asperula cynanchica<\/a><br \/>\n<a href=\"https:\/\/www.preservons-la-nature.fr\/contemplons\/mercantour1\/content\/_DSC1337_large.php\">Galium megalospermum<\/a><\/p>\n<p><strong><em>Salicaceae<\/em><\/strong><br \/>\n<a href=\"https:\/\/www.preservons-la-nature.fr\/contemplons\/mercantour3\/content\/_DSC2272_large.php\">Salix herbacea<\/a><\/p>\n<p><strong><em>Saxifragaceae<\/em><\/strong><br \/>\n<a href=\"https:\/\/www.preservons-la-nature.fr\/contemplons\/mercantour1\/content\/_DSC1604_large.php\">Saxifraga aizoides<\/a><br \/>\n<a href=\"https:\/\/www.preservons-la-nature.fr\/contemplons\/mercantour3\/content\/_DSC2295_large.php\">Saxifraga bryoides<\/a><br \/>\n<a href=\"https:\/\/www.preservons-la-nature.fr\/contemplons\/mercantour2\/content\/_DSC1702_large.php\">Saxifraga moschata<\/a><br \/>\n<a href=\"https:\/\/www.preservons-la-nature.fr\/contemplons\/mercantour1\/content\/_DSC1644_large.php\">Saxifraga paniculata<\/a><\/p>\n<p><strong><em>Scrophulariaceae<\/em><\/strong><br \/>\n<a href=\"https:\/\/www.preservons-la-nature.fr\/contemplons\/mercantour3\/content\/_DSC2556_large.php\">Verbascum nigrum<\/a><\/p>\n<p><strong><em>Thymelaeaceae<\/em><\/strong><br \/>\n<a href=\"https:\/\/www.preservons-la-nature.fr\/contemplons\/mercantour3\/content\/_DSC1601_large.php\">Daphne mezereum<\/a><\/p>\n<p>&nbsp;<\/p>\n<p><em><strong><em>Violaceae<\/em><\/strong><br \/>\n<a href=\"https:\/\/www.preservons-la-nature.fr\/contemplons\/mercantour3\/content\/_DSC2275_large.php\">Viola calcarata<\/a><br \/>\n<a href=\"https:\/\/www.preservons-la-nature.fr\/contemplons\/mercantour3\/content\/_DSC2476_large.php\">Viola cenisia<\/a><br \/>\n<\/em><\/p>\n","protected":false},"excerpt":{"rendered":"<p>Nous avons pass\u00e9 6 jours dans le Haut Var dans le Parc du Mercantour en ao\u00fbt 2011. Nous avons inventori\u00e9 plus de 156 esp\u00e8ces diff\u00e9rentes essentiellement sur les hauts sommets. Les voici class\u00e9es par famille. Chaque lien vous renvoie vers &hellip; <a href=\"https:\/\/preservons-la-nature.fr\/blog\/?p=850\">Continuer la lecture <span class=\"meta-nav\">&rarr;<\/span><\/a><\/p>\n","protected":false},"author":1,"featured_media":0,"comment_status":"open","ping_status":"open","sticky":false,"template":"","format":"standard","meta":{"footnotes":""},"categories":[11],"tags":[57,58,48,59,26,56,60,61,62,63,64,65,66,12,67,68,70,25,71,72,73,52,74,46,75,76,77,78,80,81,45,82,83,38,84,28,27,85],"class_list":["post-850","post","type-post","status-publish","format-standard","hentry","category-contempler","tag-alliacees","tag-apiacees","tag-asteracees","tag-boraginacees","tag-brassicacees","tag-campanulacees","tag-caprifoliacees","tag-caryophyllacees","tag-colchicacees","tag-crassulacees","tag-cyperacees","tag-dryopteridacees","tag-equisetacees","tag-fabacees","tag-gentianacees","tag-geraniacees","tag-hypericacees","tag-lamiacees","tag-lentibulariacees","tag-linacees","tag-melanthiacees","tag-mercantour","tag-onagracees","tag-orchidees","tag-orobanchacees","tag-parnassiacees","tag-pinacees","tag-plantaginacees","tag-poacees","tag-polyganacees","tag-renonculacees","tag-rhamnacees","tag-rosacees","tag-rubiacees","tag-salicacees","tag-saxifragacees","tag-scrophulariacees","tag-violacees"],"_links":{"self":[{"href":"https:\/\/preservons-la-nature.fr\/blog\/index.php?rest_route=\/wp\/v2\/posts\/850","targetHints":{"allow":["GET"]}}],"collection":[{"href":"https:\/\/preservons-la-nature.fr\/blog\/index.php?rest_route=\/wp\/v2\/posts"}],"about":[{"href":"https:\/\/preservons-la-nature.fr\/blog\/index.php?rest_route=\/wp\/v2\/types\/post"}],"author":[{"embeddable":true,"href":"https:\/\/preservons-la-nature.fr\/blog\/index.php?rest_route=\/wp\/v2\/users\/1"}],"replies":[{"embeddable":true,"href":"https:\/\/preservons-la-nature.fr\/blog\/index.php?rest_route=%2Fwp%2Fv2%2Fcomments&post=850"}],"version-history":[{"count":3,"href":"https:\/\/preservons-la-nature.fr\/blog\/index.php?rest_route=\/wp\/v2\/posts\/850\/revisions"}],"predecessor-version":[{"id":852,"href":"https:\/\/preservons-la-nature.fr\/blog\/index.php?rest_route=\/wp\/v2\/posts\/850\/revisions\/852"}],"wp:attachment":[{"href":"https:\/\/preservons-la-nature.fr\/blog\/index.php?rest_route=%2Fwp%2Fv2%2Fmedia&parent=850"}],"wp:term":[{"taxonomy":"category","embeddable":true,"href":"https:\/\/preservons-la-nature.fr\/blog\/index.php?rest_route=%2Fwp%2Fv2%2Fcategories&post=850"},{"taxonomy":"post_tag","embeddable":true,"href":"https:\/\/preservons-la-nature.fr\/blog\/index.php?rest_route=%2Fwp%2Fv2%2Ftags&post=850"}],"curies":[{"name":"wp","href":"https:\/\/api.w.org\/{rel}","templated":true}]}}