{"id":825,"date":"2012-01-21T15:35:55","date_gmt":"2012-01-21T15:35:55","guid":{"rendered":"https:\/\/www.preservons-la-nature.fr\/blog\/?p=825"},"modified":"2013-06-21T10:16:38","modified_gmt":"2013-06-21T10:16:38","slug":"la-flore-du-haut-var-mercantour","status":"publish","type":"post","link":"https:\/\/preservons-la-nature.fr\/blog\/?p=825","title":{"rendered":"La flore du Haut Var (Mercantour)"},"content":{"rendered":"<p>Le Haut Var se situe dans le d\u00e9partement des Alpes-Maritimes. Nous avons pris de nombreuses photos de la flore du Nord-Ouest du parc du Mercantour, en particulier sur les communes d&rsquo;Entraunes, d&rsquo;Uvernet-Fours et d&rsquo;Allos. Au total, l&rsquo;inventaire r\u00e9pertorie plus de 150 esp\u00e8ces des hauts sommets (entre 1700m et 2600m). L&rsquo;ascension du Mont Pelat (3051m) n&rsquo;a pas r\u00e9v\u00e9l\u00e9 beaucoup d&rsquo;esp\u00e8ces.<\/p>\n<p>Je vous partage plusieurs galeries de photos de cette flore si particuli\u00e8re :<\/p>\n<ul>\n<li><a href=\"https:\/\/www.preservons-la-nature.fr\/contemplons\/mercantour1\/index.php\">Premi\u00e8re s\u00e9rie (50 photos)<\/a><\/li>\n<li><a href=\"https:\/\/www.preservons-la-nature.fr\/contemplons\/mercantour2\/index.php\">Deuxi\u00e8me s\u00e9rie (50 photos)<\/a><\/li>\n<li><a href=\"https:\/\/www.preservons-la-nature.fr\/contemplons\/mercantour3\/index.php\">Troisi\u00e8me s\u00e9rie (55 photos)<\/a><\/li>\n<\/ul>\n<p style=\"text-align: center;\">Vous y trouverez de nombreuses esp\u00e8ces end\u00e9miques, des esp\u00e8ces rares et prot\u00e9g\u00e9es.<\/p>\n<div id=\"attachment_826\" style=\"width: 500px\" class=\"wp-caption aligncenter\"><a href=\"https:\/\/www.preservons-la-nature.fr\/blog\/?attachment_id=826\" rel=\"attachment wp-att-826\"><img loading=\"lazy\" decoding=\"async\" aria-describedby=\"caption-attachment-826\" class=\"size-full wp-image-826 \" title=\"Dianthus pavonius Tausch\" alt=\"Dianthus pavonius Tausch\" src=\"https:\/\/www.preservons-la-nature.fr\/blog\/wp-content\/uploads\/2012\/01\/DSC1570.jpg\" width=\"490\" height=\"327\" srcset=\"https:\/\/preservons-la-nature.fr\/blog\/wp-content\/uploads\/2012\/01\/DSC1570.jpg 700w, https:\/\/preservons-la-nature.fr\/blog\/wp-content\/uploads\/2012\/01\/DSC1570-300x200.jpg 300w\" sizes=\"auto, (max-width: 490px) 100vw, 490px\" \/><\/a><p id=\"caption-attachment-826\" class=\"wp-caption-text\">Dianthus pavonius Tausch<\/p><\/div>\n<div id=\"attachment_827\" style=\"width: 500px\" class=\"wp-caption aligncenter\"><a href=\"https:\/\/www.preservons-la-nature.fr\/blog\/?attachment_id=827\" rel=\"attachment wp-att-827\"><img loading=\"lazy\" decoding=\"async\" aria-describedby=\"caption-attachment-827\" class=\"size-full wp-image-827 \" title=\"Campanula alpestris All.\" alt=\"Campanula alpestris All.\" src=\"https:\/\/www.preservons-la-nature.fr\/blog\/wp-content\/uploads\/2012\/01\/DSC2345.jpg\" width=\"490\" height=\"327\" srcset=\"https:\/\/preservons-la-nature.fr\/blog\/wp-content\/uploads\/2012\/01\/DSC2345.jpg 700w, https:\/\/preservons-la-nature.fr\/blog\/wp-content\/uploads\/2012\/01\/DSC2345-300x200.jpg 300w\" sizes=\"auto, (max-width: 490px) 100vw, 490px\" \/><\/a><p id=\"caption-attachment-827\" class=\"wp-caption-text\">Campanula alpestris All.<\/p><\/div>\n<div id=\"attachment_828\" style=\"width: 500px\" class=\"wp-caption aligncenter\"><a href=\"https:\/\/www.preservons-la-nature.fr\/blog\/?attachment_id=828\" rel=\"attachment wp-att-828\"><img loading=\"lazy\" decoding=\"async\" aria-describedby=\"caption-attachment-828\" class=\"size-full wp-image-828 \" title=\"Hedysarum hedysaroides subsp. boutignyanum (A.Camus) Jauzein\" alt=\"Hedysarum hedysaroides subsp. boutignyanum (A.Camus) Jauzein\" src=\"https:\/\/www.preservons-la-nature.fr\/blog\/wp-content\/uploads\/2012\/01\/DSC2168.jpg\" width=\"490\" height=\"327\" srcset=\"https:\/\/preservons-la-nature.fr\/blog\/wp-content\/uploads\/2012\/01\/DSC2168.jpg 700w, https:\/\/preservons-la-nature.fr\/blog\/wp-content\/uploads\/2012\/01\/DSC2168-300x200.jpg 300w\" sizes=\"auto, (max-width: 490px) 100vw, 490px\" \/><\/a><p id=\"caption-attachment-828\" class=\"wp-caption-text\">Hedysarum hedysaroides subsp. boutignyanum (A.Camus) Jauzein<\/p><\/div>\n<div id=\"attachment_829\" style=\"width: 337px\" class=\"wp-caption aligncenter\"><a href=\"https:\/\/www.preservons-la-nature.fr\/blog\/?attachment_id=829\" rel=\"attachment wp-att-829\"><img loading=\"lazy\" decoding=\"async\" aria-describedby=\"caption-attachment-829\" class=\"size-full wp-image-829 \" title=\"Teucrium lucidum L.\" alt=\"Teucrium lucidum L.\" src=\"https:\/\/www.preservons-la-nature.fr\/blog\/wp-content\/uploads\/2012\/01\/DSC2611.jpg\" width=\"327\" height=\"490\" srcset=\"https:\/\/preservons-la-nature.fr\/blog\/wp-content\/uploads\/2012\/01\/DSC2611.jpg 467w, https:\/\/preservons-la-nature.fr\/blog\/wp-content\/uploads\/2012\/01\/DSC2611-200x300.jpg 200w\" sizes=\"auto, (max-width: 327px) 100vw, 327px\" \/><\/a><p id=\"caption-attachment-829\" class=\"wp-caption-text\">Teucrium lucidum L.<\/p><\/div>\n<div id=\"attachment_830\" style=\"width: 337px\" class=\"wp-caption aligncenter\"><a href=\"https:\/\/www.preservons-la-nature.fr\/blog\/?attachment_id=830\" rel=\"attachment wp-att-830\"><img loading=\"lazy\" decoding=\"async\" aria-describedby=\"caption-attachment-830\" class=\"size-full wp-image-830 \" title=\"Sempervivum globiferum subsp. allionii (Jord. &amp; Fourr.) 't Hart &amp; Bleij\" alt=\"Sempervivum globiferum subsp. allionii (Jord. &amp; Fourr.) 't Hart &amp; Bleij\" src=\"https:\/\/www.preservons-la-nature.fr\/blog\/wp-content\/uploads\/2012\/01\/DSC1589.jpg\" width=\"327\" height=\"490\" srcset=\"https:\/\/preservons-la-nature.fr\/blog\/wp-content\/uploads\/2012\/01\/DSC1589.jpg 467w, https:\/\/preservons-la-nature.fr\/blog\/wp-content\/uploads\/2012\/01\/DSC1589-200x300.jpg 200w\" sizes=\"auto, (max-width: 327px) 100vw, 327px\" \/><\/a><p id=\"caption-attachment-830\" class=\"wp-caption-text\">Sempervivum globiferum subsp. allionii (Jord. &amp; Fourr.) &lsquo;t Hart &amp; Bleij<\/p><\/div>\n<div id=\"attachment_831\" style=\"width: 337px\" class=\"wp-caption aligncenter\"><a href=\"https:\/\/www.preservons-la-nature.fr\/blog\/?attachment_id=831\" rel=\"attachment wp-att-831\"><img loading=\"lazy\" decoding=\"async\" aria-describedby=\"caption-attachment-831\" class=\"size-full wp-image-831 \" title=\"Rhaponticum heleniifolium Godr. &amp; Gren. subsp. heleniifolium\" alt=\"Rhaponticum heleniifolium Godr. &amp; Gren. subsp. heleniifolium\" src=\"https:\/\/www.preservons-la-nature.fr\/blog\/wp-content\/uploads\/2012\/01\/DSC2115.jpg\" width=\"327\" height=\"490\" srcset=\"https:\/\/preservons-la-nature.fr\/blog\/wp-content\/uploads\/2012\/01\/DSC2115.jpg 467w, https:\/\/preservons-la-nature.fr\/blog\/wp-content\/uploads\/2012\/01\/DSC2115-200x300.jpg 200w\" sizes=\"auto, (max-width: 327px) 100vw, 327px\" \/><\/a><p id=\"caption-attachment-831\" class=\"wp-caption-text\">Rhaponticum heleniifolium Godr. &amp; Gren. subsp. heleniifolium<\/p><\/div>\n<div id=\"attachment_832\" style=\"width: 500px\" class=\"wp-caption aligncenter\"><a href=\"https:\/\/www.preservons-la-nature.fr\/blog\/?attachment_id=832\" rel=\"attachment wp-att-832\"><img loading=\"lazy\" decoding=\"async\" aria-describedby=\"caption-attachment-832\" class=\"size-full wp-image-832 \" title=\"Veronica allionii Vill.\" alt=\"Veronica allionii Vill.\" src=\"https:\/\/www.preservons-la-nature.fr\/blog\/wp-content\/uploads\/2012\/01\/DSC2221.jpg\" width=\"490\" height=\"327\" srcset=\"https:\/\/preservons-la-nature.fr\/blog\/wp-content\/uploads\/2012\/01\/DSC2221.jpg 700w, https:\/\/preservons-la-nature.fr\/blog\/wp-content\/uploads\/2012\/01\/DSC2221-300x200.jpg 300w\" sizes=\"auto, (max-width: 490px) 100vw, 490px\" \/><\/a><p id=\"caption-attachment-832\" class=\"wp-caption-text\">Veronica allionii Vill.<\/p><\/div>\n","protected":false},"excerpt":{"rendered":"<p>Le Haut Var se situe dans le d\u00e9partement des Alpes-Maritimes. Nous avons pris de nombreuses photos de la flore du Nord-Ouest du parc du Mercantour, en particulier sur les communes d&rsquo;Entraunes, d&rsquo;Uvernet-Fours et d&rsquo;Allos. Au total, l&rsquo;inventaire r\u00e9pertorie plus de &hellip; <a href=\"https:\/\/preservons-la-nature.fr\/blog\/?p=825\">Continuer la lecture <span class=\"meta-nav\">&rarr;<\/span><\/a><\/p>\n","protected":false},"author":1,"featured_media":0,"comment_status":"open","ping_status":"open","sticky":false,"template":"","format":"standard","meta":{"footnotes":""},"categories":[11,51],"tags":[52],"class_list":["post-825","post","type-post","status-publish","format-standard","hentry","category-contempler","category-protection-nationale","tag-mercantour"],"_links":{"self":[{"href":"https:\/\/preservons-la-nature.fr\/blog\/index.php?rest_route=\/wp\/v2\/posts\/825","targetHints":{"allow":["GET"]}}],"collection":[{"href":"https:\/\/preservons-la-nature.fr\/blog\/index.php?rest_route=\/wp\/v2\/posts"}],"about":[{"href":"https:\/\/preservons-la-nature.fr\/blog\/index.php?rest_route=\/wp\/v2\/types\/post"}],"author":[{"embeddable":true,"href":"https:\/\/preservons-la-nature.fr\/blog\/index.php?rest_route=\/wp\/v2\/users\/1"}],"replies":[{"embeddable":true,"href":"https:\/\/preservons-la-nature.fr\/blog\/index.php?rest_route=%2Fwp%2Fv2%2Fcomments&post=825"}],"version-history":[{"count":8,"href":"https:\/\/preservons-la-nature.fr\/blog\/index.php?rest_route=\/wp\/v2\/posts\/825\/revisions"}],"predecessor-version":[{"id":839,"href":"https:\/\/preservons-la-nature.fr\/blog\/index.php?rest_route=\/wp\/v2\/posts\/825\/revisions\/839"}],"wp:attachment":[{"href":"https:\/\/preservons-la-nature.fr\/blog\/index.php?rest_route=%2Fwp%2Fv2%2Fmedia&parent=825"}],"wp:term":[{"taxonomy":"category","embeddable":true,"href":"https:\/\/preservons-la-nature.fr\/blog\/index.php?rest_route=%2Fwp%2Fv2%2Fcategories&post=825"},{"taxonomy":"post_tag","embeddable":true,"href":"https:\/\/preservons-la-nature.fr\/blog\/index.php?rest_route=%2Fwp%2Fv2%2Ftags&post=825"}],"curies":[{"name":"wp","href":"https:\/\/api.w.org\/{rel}","templated":true}]}}