{"id":798,"date":"2014-10-17T03:15:22","date_gmt":"2014-10-17T02:15:22","guid":{"rendered":"https:\/\/www.preservons-la-nature.fr\/blog\/?p=798"},"modified":"2014-12-23T11:14:53","modified_gmt":"2014-12-23T10:14:53","slug":"la-belle-dame-vanessa-cardui","status":"publish","type":"post","link":"https:\/\/preservons-la-nature.fr\/blog\/?p=798","title":{"rendered":"La belle-dame (Vanessa cardui)"},"content":{"rendered":"<p><strong>La belle-dame (<em>Vanessa cardui<\/em>)<\/strong> fait partie de <strong>la famille des <em>Nymphalidae<\/em><\/strong> et plus particuli\u00e8rement de <strong>la sous-famille des <em>Nymphalinae<\/em><\/strong>.<\/p>\n<div id=\"attachment_799\" style=\"width: 570px\" class=\"wp-caption aligncenter\"><a href=\"https:\/\/www.preservons-la-nature.fr\/blog\/?attachment_id=799\" rel=\"attachment wp-att-799\"><img loading=\"lazy\" decoding=\"async\" aria-describedby=\"caption-attachment-799\" class=\"size-full wp-image-799 \" title=\"La belle-dame (Vanessa cardui)\" src=\"https:\/\/www.preservons-la-nature.fr\/blog\/wp-content\/uploads\/2011\/10\/DSC1650.jpg\" alt=\"La belle-dame (Vanessa cardui)\" width=\"560\" height=\"374\" srcset=\"https:\/\/preservons-la-nature.fr\/blog\/wp-content\/uploads\/2011\/10\/DSC1650.jpg 700w, https:\/\/preservons-la-nature.fr\/blog\/wp-content\/uploads\/2011\/10\/DSC1650-300x200.jpg 300w\" sizes=\"auto, (max-width: 560px) 100vw, 560px\" \/><\/a><p id=\"caption-attachment-799\" class=\"wp-caption-text\">La belle-dame (Vanessa cardui)<\/p><\/div>\n<p>Il est tr\u00e8s abondant au Sud. Plus au Nord, son abondance varie suivant les ann\u00e9es. Par exemple, en 2009, il f\u00fbt tr\u00e8s abondant au Nord de la Loire. Il ob\u00e9it \u00e0 un mouvement migratoire. Elle vient de l&rsquo;Afrique du Nord au printemps.<\/p>\n<div id=\"attachment_800\" style=\"width: 570px\" class=\"wp-caption aligncenter\"><a href=\"https:\/\/www.preservons-la-nature.fr\/blog\/?attachment_id=800\" rel=\"attachment wp-att-800\"><img loading=\"lazy\" decoding=\"async\" aria-describedby=\"caption-attachment-800\" class=\"size-full wp-image-800 \" title=\"La belle-dame (Vanessa cardui)\" src=\"https:\/\/www.preservons-la-nature.fr\/blog\/wp-content\/uploads\/2011\/10\/DSC00018.jpg\" alt=\"La belle-dame (Vanessa cardui)\" width=\"560\" height=\"374\" srcset=\"https:\/\/preservons-la-nature.fr\/blog\/wp-content\/uploads\/2011\/10\/DSC00018.jpg 700w, https:\/\/preservons-la-nature.fr\/blog\/wp-content\/uploads\/2011\/10\/DSC00018-300x200.jpg 300w\" sizes=\"auto, (max-width: 560px) 100vw, 560px\" \/><\/a><p id=\"caption-attachment-800\" class=\"wp-caption-text\">La belle-dame (Vanessa cardui)<\/p><\/div>\n<p>La derni\u00e8re g\u00e9n\u00e9ration retourne en Afrique \u00e0 la fin de l&rsquo;\u00e9t\u00e9. Sa p\u00e9riode de vol s&rsquo;\u00e9tale d&rsquo;avril \u00e0 octobre en deux \u00e0 trois g\u00e9n\u00e9rations. Sa chenille est de couleur noire avec un liseret blanc et des poils gris. Ses plantes-h\u00f4tes sont tr\u00e8s diverses : des ast\u00e9rac\u00e9es tels que les chardons (<em>Cardus sp<\/em>) et les cirses (<em>Cirsium sp<\/em>), la mauve sylvestre (<em>Malva sylvestris<\/em>), la Vip\u00e9rine (<em>Echium vulgare<\/em>), le plantain lanceol\u00e9 (<em>Plantago lanceolata<\/em>), la Bourrache (<em>Borago officinalis<\/em>).<\/p>\n<div id=\"attachment_801\" style=\"width: 570px\" class=\"wp-caption aligncenter\"><a href=\"https:\/\/www.preservons-la-nature.fr\/blog\/?attachment_id=801\" rel=\"attachment wp-att-801\"><img loading=\"lazy\" decoding=\"async\" aria-describedby=\"caption-attachment-801\" class=\"size-full wp-image-801 \" title=\"La belle-dame (Vanessa cardui)\" src=\"https:\/\/www.preservons-la-nature.fr\/blog\/wp-content\/uploads\/2011\/10\/DSC00024.jpg\" alt=\"La belle-dame (Vanessa cardui)\" width=\"560\" height=\"374\" srcset=\"https:\/\/preservons-la-nature.fr\/blog\/wp-content\/uploads\/2011\/10\/DSC00024.jpg 700w, https:\/\/preservons-la-nature.fr\/blog\/wp-content\/uploads\/2011\/10\/DSC00024-300x200.jpg 300w\" sizes=\"auto, (max-width: 560px) 100vw, 560px\" \/><\/a><p id=\"caption-attachment-801\" class=\"wp-caption-text\">La belle-dame (Vanessa cardui)<\/p><\/div>\n<p>On retrouve l&rsquo;imago dans les tous les milieux ensoleill\u00e9s (prairies, talus&#8230;).<\/p>\n","protected":false},"excerpt":{"rendered":"<p>La belle-dame (Vanessa cardui) fait partie de la famille des Nymphalidae et plus particuli\u00e8rement de la sous-famille des Nymphalinae. Il est tr\u00e8s abondant au Sud. Plus au Nord, son abondance varie suivant les ann\u00e9es. Par exemple, en 2009, il f\u00fbt &hellip; <a href=\"https:\/\/preservons-la-nature.fr\/blog\/?p=798\">Continuer la lecture <span class=\"meta-nav\">&rarr;<\/span><\/a><\/p>\n","protected":false},"author":1,"featured_media":0,"comment_status":"open","ping_status":"open","sticky":false,"template":"","format":"standard","meta":{"footnotes":""},"categories":[11,139,3],"tags":[23,30,10,55],"class_list":["post-798","post","type-post","status-publish","format-standard","hentry","category-contempler","category-faune-2","category-laloire","tag-faune","tag-insecte","tag-lepidoptere","tag-nymphalidae"],"_links":{"self":[{"href":"https:\/\/preservons-la-nature.fr\/blog\/index.php?rest_route=\/wp\/v2\/posts\/798","targetHints":{"allow":["GET"]}}],"collection":[{"href":"https:\/\/preservons-la-nature.fr\/blog\/index.php?rest_route=\/wp\/v2\/posts"}],"about":[{"href":"https:\/\/preservons-la-nature.fr\/blog\/index.php?rest_route=\/wp\/v2\/types\/post"}],"author":[{"embeddable":true,"href":"https:\/\/preservons-la-nature.fr\/blog\/index.php?rest_route=\/wp\/v2\/users\/1"}],"replies":[{"embeddable":true,"href":"https:\/\/preservons-la-nature.fr\/blog\/index.php?rest_route=%2Fwp%2Fv2%2Fcomments&post=798"}],"version-history":[{"count":6,"href":"https:\/\/preservons-la-nature.fr\/blog\/index.php?rest_route=\/wp\/v2\/posts\/798\/revisions"}],"predecessor-version":[{"id":4134,"href":"https:\/\/preservons-la-nature.fr\/blog\/index.php?rest_route=\/wp\/v2\/posts\/798\/revisions\/4134"}],"wp:attachment":[{"href":"https:\/\/preservons-la-nature.fr\/blog\/index.php?rest_route=%2Fwp%2Fv2%2Fmedia&parent=798"}],"wp:term":[{"taxonomy":"category","embeddable":true,"href":"https:\/\/preservons-la-nature.fr\/blog\/index.php?rest_route=%2Fwp%2Fv2%2Fcategories&post=798"},{"taxonomy":"post_tag","embeddable":true,"href":"https:\/\/preservons-la-nature.fr\/blog\/index.php?rest_route=%2Fwp%2Fv2%2Ftags&post=798"}],"curies":[{"name":"wp","href":"https:\/\/api.w.org\/{rel}","templated":true}]}}