{"id":788,"date":"2014-10-01T06:12:04","date_gmt":"2014-10-01T05:12:04","guid":{"rendered":"https:\/\/www.preservons-la-nature.fr\/blog\/?p=788"},"modified":"2014-12-23T11:15:22","modified_gmt":"2014-12-23T10:15:22","slug":"le-paon-du-jour-inachis-io","status":"publish","type":"post","link":"https:\/\/preservons-la-nature.fr\/blog\/?p=788","title":{"rendered":"Le paon du jour (Inachis io)"},"content":{"rendered":"<p><strong>Le paon du jour (<em>Inachis io<\/em>)<\/strong> fait partie de <strong>la famille des <em>Nymphalidae<\/em><\/strong> et plus particuli\u00e8rement de <strong>la sous-famille des <em>Nymphalinae<\/em><\/strong>.<\/p>\n<div id=\"attachment_789\" style=\"width: 570px\" class=\"wp-caption aligncenter\"><a href=\"https:\/\/www.preservons-la-nature.fr\/blog\/?attachment_id=789\" rel=\"attachment wp-att-789\"><img loading=\"lazy\" decoding=\"async\" aria-describedby=\"caption-attachment-789\" class=\"size-full wp-image-789 \" title=\"Le paon du jour (Inachis io)\" src=\"https:\/\/www.preservons-la-nature.fr\/blog\/wp-content\/uploads\/2011\/10\/DSC1648.jpg\" alt=\"Le paon du jour (Inachis io)\" width=\"560\" height=\"373\" srcset=\"https:\/\/preservons-la-nature.fr\/blog\/wp-content\/uploads\/2011\/10\/DSC1648.jpg 700w, https:\/\/preservons-la-nature.fr\/blog\/wp-content\/uploads\/2011\/10\/DSC1648-300x199.jpg 300w\" sizes=\"auto, (max-width: 560px) 100vw, 560px\" \/><\/a><p id=\"caption-attachment-789\" class=\"wp-caption-text\">Le paon du jour (Inachis io)<\/p><\/div>\n<p>Il s&rsquo;agit du papillon le plus connu des Fran\u00e7ais hors r\u00e9gion m\u00e9diterran\u00e9enne o\u00f9 il est beaucoup moins pr\u00e9sent.<\/p>\n<div id=\"attachment_790\" style=\"width: 570px\" class=\"wp-caption aligncenter\"><a href=\"https:\/\/www.preservons-la-nature.fr\/blog\/?attachment_id=790\" rel=\"attachment wp-att-790\"><img loading=\"lazy\" decoding=\"async\" aria-describedby=\"caption-attachment-790\" class=\"size-full wp-image-790 \" title=\"Le paon du jour (Inachis io)\" src=\"https:\/\/www.preservons-la-nature.fr\/blog\/wp-content\/uploads\/2011\/10\/DSC00063.jpg\" alt=\"Le paon du jour (Inachis io)\" width=\"560\" height=\"374\" srcset=\"https:\/\/preservons-la-nature.fr\/blog\/wp-content\/uploads\/2011\/10\/DSC00063.jpg 700w, https:\/\/preservons-la-nature.fr\/blog\/wp-content\/uploads\/2011\/10\/DSC00063-300x200.jpg 300w\" sizes=\"auto, (max-width: 560px) 100vw, 560px\" \/><\/a><p id=\"caption-attachment-790\" class=\"wp-caption-text\">Le paon du jour (Inachis io)<\/p><\/div>\n<p>La p\u00e9riode de vol s&rsquo;\u00e9tale de juin \u00e0 octobre en g\u00e9n\u00e9ralement deux g\u00e9n\u00e9rations.<\/p>\n<div id=\"attachment_791\" style=\"width: 570px\" class=\"wp-caption aligncenter\"><a href=\"https:\/\/www.preservons-la-nature.fr\/blog\/?attachment_id=791\" rel=\"attachment wp-att-791\"><img loading=\"lazy\" decoding=\"async\" aria-describedby=\"caption-attachment-791\" class=\"size-full wp-image-791 \" title=\"Chenille du paon du jour (Inachis io)\" src=\"https:\/\/www.preservons-la-nature.fr\/blog\/wp-content\/uploads\/2011\/10\/DSC0441.jpg\" alt=\"Chenille du paon du jour (Inachis io)\" width=\"560\" height=\"374\" srcset=\"https:\/\/preservons-la-nature.fr\/blog\/wp-content\/uploads\/2011\/10\/DSC0441.jpg 700w, https:\/\/preservons-la-nature.fr\/blog\/wp-content\/uploads\/2011\/10\/DSC0441-300x200.jpg 300w\" sizes=\"auto, (max-width: 560px) 100vw, 560px\" \/><\/a><p id=\"caption-attachment-791\" class=\"wp-caption-text\">Chenille du paon du jour (Inachis io)<\/p><\/div>\n<p>Sa chenille est de couleur noire avec des points blancs. Elle comporte de petits pics. Sa plante-h\u00f4te est essentiellement <strong>l&rsquo;ortie (<em>Urtica dioica<\/em>)<\/strong>. Les chenilles forment de v\u00e9ritables communaut\u00e9s.<\/p>\n<div id=\"attachment_792\" style=\"width: 570px\" class=\"wp-caption aligncenter\"><a href=\"https:\/\/www.preservons-la-nature.fr\/blog\/?attachment_id=792\" rel=\"attachment wp-att-792\"><img loading=\"lazy\" decoding=\"async\" aria-describedby=\"caption-attachment-792\" class=\"size-full wp-image-792 \" title=\"Le paon du jour (Inachis io)\" src=\"https:\/\/www.preservons-la-nature.fr\/blog\/wp-content\/uploads\/2011\/10\/DSC3665.jpg\" alt=\"Le paon du jour (Inachis io)\" width=\"560\" height=\"374\" srcset=\"https:\/\/preservons-la-nature.fr\/blog\/wp-content\/uploads\/2011\/10\/DSC3665.jpg 700w, https:\/\/preservons-la-nature.fr\/blog\/wp-content\/uploads\/2011\/10\/DSC3665-300x200.jpg 300w\" sizes=\"auto, (max-width: 560px) 100vw, 560px\" \/><\/a><p id=\"caption-attachment-792\" class=\"wp-caption-text\">Le paon du jour (Inachis io)<\/p><\/div>\n<p>On retrouve l&rsquo;imago dans les lieux urbains et les lieux bien ensoleill\u00e9s. Il est tr\u00e8s pr\u00e9sent dans les lieux abondamment fleuris.<\/p>\n","protected":false},"excerpt":{"rendered":"<p>Le paon du jour (Inachis io) fait partie de la famille des Nymphalidae et plus particuli\u00e8rement de la sous-famille des Nymphalinae. Il s&rsquo;agit du papillon le plus connu des Fran\u00e7ais hors r\u00e9gion m\u00e9diterran\u00e9enne o\u00f9 il est beaucoup moins pr\u00e9sent. La &hellip; <a href=\"https:\/\/preservons-la-nature.fr\/blog\/?p=788\">Continuer la lecture <span class=\"meta-nav\">&rarr;<\/span><\/a><\/p>\n","protected":false},"author":1,"featured_media":0,"comment_status":"open","ping_status":"open","sticky":false,"template":"","format":"standard","meta":{"footnotes":""},"categories":[11,139,3],"tags":[23,30,10,55],"class_list":["post-788","post","type-post","status-publish","format-standard","hentry","category-contempler","category-faune-2","category-laloire","tag-faune","tag-insecte","tag-lepidoptere","tag-nymphalidae"],"_links":{"self":[{"href":"https:\/\/preservons-la-nature.fr\/blog\/index.php?rest_route=\/wp\/v2\/posts\/788","targetHints":{"allow":["GET"]}}],"collection":[{"href":"https:\/\/preservons-la-nature.fr\/blog\/index.php?rest_route=\/wp\/v2\/posts"}],"about":[{"href":"https:\/\/preservons-la-nature.fr\/blog\/index.php?rest_route=\/wp\/v2\/types\/post"}],"author":[{"embeddable":true,"href":"https:\/\/preservons-la-nature.fr\/blog\/index.php?rest_route=\/wp\/v2\/users\/1"}],"replies":[{"embeddable":true,"href":"https:\/\/preservons-la-nature.fr\/blog\/index.php?rest_route=%2Fwp%2Fv2%2Fcomments&post=788"}],"version-history":[{"count":6,"href":"https:\/\/preservons-la-nature.fr\/blog\/index.php?rest_route=\/wp\/v2\/posts\/788\/revisions"}],"predecessor-version":[{"id":4135,"href":"https:\/\/preservons-la-nature.fr\/blog\/index.php?rest_route=\/wp\/v2\/posts\/788\/revisions\/4135"}],"wp:attachment":[{"href":"https:\/\/preservons-la-nature.fr\/blog\/index.php?rest_route=%2Fwp%2Fv2%2Fmedia&parent=788"}],"wp:term":[{"taxonomy":"category","embeddable":true,"href":"https:\/\/preservons-la-nature.fr\/blog\/index.php?rest_route=%2Fwp%2Fv2%2Fcategories&post=788"},{"taxonomy":"post_tag","embeddable":true,"href":"https:\/\/preservons-la-nature.fr\/blog\/index.php?rest_route=%2Fwp%2Fv2%2Ftags&post=788"}],"curies":[{"name":"wp","href":"https:\/\/api.w.org\/{rel}","templated":true}]}}