{"id":78,"date":"2011-01-31T12:57:18","date_gmt":"2011-01-31T12:57:18","guid":{"rendered":"https:\/\/www.preservons-la-nature.fr\/blog\/?p=78"},"modified":"2011-02-02T13:47:16","modified_gmt":"2011-02-02T13:47:16","slug":"lazure-porte-queue-a-saint-jean-de-la-ruelle","status":"publish","type":"post","link":"https:\/\/preservons-la-nature.fr\/blog\/?p=78","title":{"rendered":"L&rsquo;Azur\u00e9 porte-queue \u00e0 Saint-Jean-de-la-Ruelle"},"content":{"rendered":"<p style=\"text-align: left;\">Un atlas des Rhopaloc\u00e8res (papillons de jour)\u00a0et Zyg\u00e9nid\u00e9s du Loiret est entrepris par le GIL-Centre (Groupe d&rsquo;Inventaire des L\u00e9pidopt\u00e8res de la r\u00e9gion Centre) depuis 2007. Saluons les coordinateurs Antoine LEVEQUE, Franck FAUCHEUX et Fr\u00e9d\u00e9ric ARCHAUD.\u00a0 Plus d&rsquo;informations sur le site du <a href=\"http:\/\/gil-centre.fr\/articles.php?lng=fr&amp;pg=12\" target=\"_blank\">GIL &#8211; Centre<\/a>. Vous pouvez transmettre vos propres observations.<br \/>\nC&rsquo;est en\u00a0classant mes centaines de photos \u00e0 l&rsquo;aide des ouvrages de Tristan Lafranchis (Les papillons de jour de France, Belgique et Luxembourg, Papillons d&rsquo;Europe), que je me suis aper\u00e7u que l&rsquo;Azur\u00e9 porte-queue\u00a0 (<em>Lampides boeticus<\/em>) n&rsquo;avait pas \u00e9t\u00e9 observ\u00e9 dans le Loiret depuis les ann\u00e9es 80. Il faut dire que cette esp\u00e8ce est en tr\u00e8s forte r\u00e9gression\u00a0dans la partie\u00a0Nord de la France. J&rsquo;ai donc communiqu\u00e9 mon observation de septembre 2009 \u00e0 Saint-Jean-de-la-Ruelle (\u00e0 une quinzaine de m\u00e8tres du\u00a0bord de Loire)\u00a0\u00e0 Antoine LEVEQUE qui m&rsquo;a confirm\u00e9 que l&rsquo;esp\u00e8ce \u00e9tait tr\u00e8s rare dans le Loiret : Malgr\u00e9 une campagne de prospection\u00a0pour \u00e9tablir un atlas, l&rsquo;esp\u00e8ce n&rsquo;a \u00e9t\u00e9 observ\u00e9e que deux ou trois fois depuis 2006!<br \/>\nCette observation montre que vous pouvez faire des d\u00e9couvertes importantes m\u00eame \u00e0 proximit\u00e9 des grandes agglom\u00e9rations.<\/p>\n<div id=\"attachment_88\" style=\"width: 624px\" class=\"wp-caption aligncenter\"><a href=\"https:\/\/www.preservons-la-nature.fr\/blog\/wp-content\/uploads\/2011\/01\/DSC15311.jpg\"><img loading=\"lazy\" decoding=\"async\" aria-describedby=\"caption-attachment-88\" class=\"size-full wp-image-88 \" title=\"Lampides boeticus\" src=\"https:\/\/www.preservons-la-nature.fr\/blog\/wp-content\/uploads\/2011\/01\/DSC15311.jpg\" alt=\"Lampides boeticus\" width=\"614\" height=\"410\" srcset=\"https:\/\/preservons-la-nature.fr\/blog\/wp-content\/uploads\/2011\/01\/DSC15311.jpg 1024w, https:\/\/preservons-la-nature.fr\/blog\/wp-content\/uploads\/2011\/01\/DSC15311-300x200.jpg 300w\" sizes=\"auto, (max-width: 614px) 100vw, 614px\" \/><\/a><p id=\"caption-attachment-88\" class=\"wp-caption-text\">Lampides boeticus<\/p><\/div>\n<p style=\"text-align: left;\">Cette femelle se trouve sur un <em>Lathyrus latifolius<\/em> qui fait partie des plantes-h\u00f4tes de la chenille. Il se peut qu&rsquo;elle ait d\u00e9pos\u00e9 ces oeufs de fa\u00e7on isol\u00e9e sur cette plante.<br \/>\nL&rsquo;esp\u00e8ce est plus abondante dans le Sud de la France. La p\u00e9riode de vol s&rsquo;\u00e9tale de juin \u00e0 octobre avec souvent deux g\u00e9n\u00e9rations. La chenille se trouve essentiellement sur les Fabac\u00e9es (l\u00e9gumineuses). On rapporte qu&rsquo;elle est cannibale lorsque la concurrence alimentaire est engag\u00e9e.<\/p>\n","protected":false},"excerpt":{"rendered":"<p>Un atlas des Rhopaloc\u00e8res (papillons de jour)\u00a0et Zyg\u00e9nid\u00e9s du Loiret est entrepris par le GIL-Centre (Groupe d&rsquo;Inventaire des L\u00e9pidopt\u00e8res de la r\u00e9gion Centre) depuis 2007. Saluons les coordinateurs Antoine LEVEQUE, Franck FAUCHEUX et Fr\u00e9d\u00e9ric ARCHAUD.\u00a0 Plus d&rsquo;informations sur le site &hellip; <a href=\"https:\/\/preservons-la-nature.fr\/blog\/?p=78\">Continuer la lecture <span class=\"meta-nav\">&rarr;<\/span><\/a><\/p>\n","protected":false},"author":1,"featured_media":0,"comment_status":"open","ping_status":"open","sticky":false,"template":"","format":"standard","meta":{"footnotes":""},"categories":[9,3],"tags":[10],"class_list":["post-78","post","type-post","status-publish","format-standard","hentry","category-decouvertes","category-laloire","tag-lepidoptere"],"_links":{"self":[{"href":"https:\/\/preservons-la-nature.fr\/blog\/index.php?rest_route=\/wp\/v2\/posts\/78","targetHints":{"allow":["GET"]}}],"collection":[{"href":"https:\/\/preservons-la-nature.fr\/blog\/index.php?rest_route=\/wp\/v2\/posts"}],"about":[{"href":"https:\/\/preservons-la-nature.fr\/blog\/index.php?rest_route=\/wp\/v2\/types\/post"}],"author":[{"embeddable":true,"href":"https:\/\/preservons-la-nature.fr\/blog\/index.php?rest_route=\/wp\/v2\/users\/1"}],"replies":[{"embeddable":true,"href":"https:\/\/preservons-la-nature.fr\/blog\/index.php?rest_route=%2Fwp%2Fv2%2Fcomments&post=78"}],"version-history":[{"count":14,"href":"https:\/\/preservons-la-nature.fr\/blog\/index.php?rest_route=\/wp\/v2\/posts\/78\/revisions"}],"predecessor-version":[{"id":98,"href":"https:\/\/preservons-la-nature.fr\/blog\/index.php?rest_route=\/wp\/v2\/posts\/78\/revisions\/98"}],"wp:attachment":[{"href":"https:\/\/preservons-la-nature.fr\/blog\/index.php?rest_route=%2Fwp%2Fv2%2Fmedia&parent=78"}],"wp:term":[{"taxonomy":"category","embeddable":true,"href":"https:\/\/preservons-la-nature.fr\/blog\/index.php?rest_route=%2Fwp%2Fv2%2Fcategories&post=78"},{"taxonomy":"post_tag","embeddable":true,"href":"https:\/\/preservons-la-nature.fr\/blog\/index.php?rest_route=%2Fwp%2Fv2%2Ftags&post=78"}],"curies":[{"name":"wp","href":"https:\/\/api.w.org\/{rel}","templated":true}]}}