{"id":771,"date":"2013-12-20T06:25:37","date_gmt":"2013-12-20T05:25:37","guid":{"rendered":"https:\/\/www.preservons-la-nature.fr\/blog\/?p=771"},"modified":"2013-12-20T09:28:13","modified_gmt":"2013-12-20T08:28:13","slug":"le-sainfoin-de-boutigny-hedysarum-hedysaroides-subsp-boutignyanum-a-camus-jauzein","status":"publish","type":"post","link":"https:\/\/preservons-la-nature.fr\/blog\/?p=771","title":{"rendered":"Hedysarum boutignyanum (A.Camus) Alleiz. ( Sainfoin de Boutigny )"},"content":{"rendered":"<p><strong>Le Sainfoin de Boutigny (<em>Hedysarum boutignyanum (A.Camus) Alleiz.<\/em>)<\/strong> fait partie de <strong>la famille des Fabac\u00e9es (<em>Fabaceae<\/em>)<\/strong> anciennement appel\u00e9es l\u00e9gumineuses. La p\u00e9riode de floraison s&rsquo;\u00e9tale de Juillet \u00e0 Ao\u00fbt.<\/p>\n<div id=\"attachment_773\" style=\"width: 570px\" class=\"wp-caption aligncenter\"><a href=\"https:\/\/www.preservons-la-nature.fr\/blog\/wp-content\/uploads\/2011\/10\/DSC2168.jpg\"><img loading=\"lazy\" decoding=\"async\" aria-describedby=\"caption-attachment-773\" class=\"size-full wp-image-773  \" title=\"Le Sainfoin de Boutigny (Hedysarum hedysaroides subsp. boutignyanum (A.Camus) Jauzein)\" alt=\"Le Sainfoin de Boutigny (Hedysarum hedysaroides subsp. boutignyanum (A.Camus) Jauzein)\" src=\"https:\/\/www.preservons-la-nature.fr\/blog\/wp-content\/uploads\/2011\/10\/DSC2168.jpg\" width=\"560\" height=\"374\" srcset=\"https:\/\/preservons-la-nature.fr\/blog\/wp-content\/uploads\/2011\/10\/DSC2168.jpg 700w, https:\/\/preservons-la-nature.fr\/blog\/wp-content\/uploads\/2011\/10\/DSC2168-300x200.jpg 300w\" sizes=\"auto, (max-width: 560px) 100vw, 560px\" \/><\/a><p id=\"caption-attachment-773\" class=\"wp-caption-text\">Le Sainfoin de Boutigny (Hedysarum hedysaroides subsp. boutignyanum (A.Camus) Jauzein)<\/p><\/div>\n<p><span style=\"text-decoration: underline;\">R\u00e9partition :<\/span><br \/>\nCette esp\u00e8ce est une end\u00e9mique des Alpes fran\u00e7aises. Sa pr\u00e9sence en Italie n&rsquo;a pas \u00e9t\u00e9 confirm\u00e9e. On la retrouve en Is\u00e8re, dans les Hautes-Alpes, les Alpes-de-Hautes-Provences et les Alpes-Maritimes.<\/p>\n<p><span style=\"text-decoration: underline;\">Ecologie :<\/span><br \/>\nElle est pr\u00e9sente dans les zones d&rsquo;\u00e9boulis fins, dans les pelouses \u00e9corch\u00e9es. L&rsquo;altitude varie de 1600 \u00e0 2700 m\u00e8tres. Elle est encore assez commune dans le Mercantour (Haut-Var et Haute-Tin\u00e9e).<\/p>\n<p><span style=\"text-decoration: underline;\">Protection :<\/span><br \/>\nL&rsquo;esp\u00e8ce est prot\u00e9g\u00e9e au niveau national.<\/p>\n<p><span style=\"text-decoration: underline;\">Description :<\/span><br \/>\nCette plante vivace pousse en touffe d&rsquo;une hauteur variant de 40 \u00e0 60 cm. Les tiges sont plus ou moins rameuses et ne comportent quasiment pas de poils. Les feuilles sont penn\u00e9es. Elles comportent entre 10 \u00e0 20 folioles de forme elliptique. La couleur des folioles est vert-franc. L&rsquo;inflorescence se d\u00e9veloppe en grappes l\u00e2ches de couleur lilas-p\u00e2le ou blanc ou jaune cr\u00eame. Les fruits sont tr\u00e8s caract\u00e9ristiques en forme de gousses ail\u00e9es et tr\u00e8s aplaties.<\/p>\n<div id=\"attachment_775\" style=\"width: 384px\" class=\"wp-caption aligncenter\"><a href=\"https:\/\/www.preservons-la-nature.fr\/blog\/wp-content\/uploads\/2011\/10\/DSC2148.jpg\"><img loading=\"lazy\" decoding=\"async\" aria-describedby=\"caption-attachment-775\" class=\" wp-image-775 \" title=\"Le Sainfoin de Boutigny (Hedysarum hedysaroides subsp. boutignyanum (A.Camus) Jauzein)\" alt=\"Le Sainfoin de Boutigny (Hedysarum hedysaroides subsp. boutignyanum (A.Camus) Jauzein)\" src=\"https:\/\/www.preservons-la-nature.fr\/blog\/wp-content\/uploads\/2011\/10\/DSC2148.jpg\" width=\"374\" height=\"560\" srcset=\"https:\/\/preservons-la-nature.fr\/blog\/wp-content\/uploads\/2011\/10\/DSC2148.jpg 467w, https:\/\/preservons-la-nature.fr\/blog\/wp-content\/uploads\/2011\/10\/DSC2148-200x300.jpg 200w\" sizes=\"auto, (max-width: 374px) 100vw, 374px\" \/><\/a><p id=\"caption-attachment-775\" class=\"wp-caption-text\">Le Sainfoin de Boutigny (Hedysarum hedysaroides subsp. boutignyanum (A.Camus) Jauzein)<\/p><\/div>\n<p><span style=\"text-decoration: underline;\">Taxonomie :<em><br \/>\nHedysarum boutignyanum (A.Camus) Alleiz.<\/em><\/span> a pour synonymes (Informations issues de la BDTFX Version 2.0, <a href=\"http:\/\/www.tela-botanica.org\/\" target=\"_blank\">Tela Botanica<\/a>) :<em><br \/>\n&#8211; Hedysarum hedysaroides subsp. boutignyanum (A.Camus) Jauzein<br \/>\n&#8211; Hedysarum hedysaroides var. pseudophaca (Rudio &#038; Beauverd) Guin.<br \/>\n&#8211; Hedysarum obscurum subsp. boutignyanum (A.Camus) P.Fourn.<br \/>\n&#8211; Hedysarum obscurum var. boutignyanum A.Camus<br \/>\n&#8211; Hedysarum obscurum var. pseudophaca Beauverd &#038; Rudio<\/em><\/p>\n","protected":false},"excerpt":{"rendered":"<p>Le Sainfoin de Boutigny (Hedysarum boutignyanum (A.Camus) Alleiz.) fait partie de la famille des Fabac\u00e9es (Fabaceae) anciennement appel\u00e9es l\u00e9gumineuses. La p\u00e9riode de floraison s&rsquo;\u00e9tale de Juillet \u00e0 Ao\u00fbt. R\u00e9partition : Cette esp\u00e8ce est une end\u00e9mique des Alpes fran\u00e7aises. Sa pr\u00e9sence &hellip; <a href=\"https:\/\/preservons-la-nature.fr\/blog\/?p=771\">Continuer la lecture <span class=\"meta-nav\">&rarr;<\/span><\/a><\/p>\n","protected":false},"author":1,"featured_media":0,"comment_status":"open","ping_status":"open","sticky":false,"template":"","format":"standard","meta":{"footnotes":""},"categories":[87,51],"tags":[12],"class_list":["post-771","post","type-post","status-publish","format-standard","hentry","category-ficheplante","category-protection-nationale","tag-fabacees"],"_links":{"self":[{"href":"https:\/\/preservons-la-nature.fr\/blog\/index.php?rest_route=\/wp\/v2\/posts\/771","targetHints":{"allow":["GET"]}}],"collection":[{"href":"https:\/\/preservons-la-nature.fr\/blog\/index.php?rest_route=\/wp\/v2\/posts"}],"about":[{"href":"https:\/\/preservons-la-nature.fr\/blog\/index.php?rest_route=\/wp\/v2\/types\/post"}],"author":[{"embeddable":true,"href":"https:\/\/preservons-la-nature.fr\/blog\/index.php?rest_route=\/wp\/v2\/users\/1"}],"replies":[{"embeddable":true,"href":"https:\/\/preservons-la-nature.fr\/blog\/index.php?rest_route=%2Fwp%2Fv2%2Fcomments&post=771"}],"version-history":[{"count":11,"href":"https:\/\/preservons-la-nature.fr\/blog\/index.php?rest_route=\/wp\/v2\/posts\/771\/revisions"}],"predecessor-version":[{"id":2358,"href":"https:\/\/preservons-la-nature.fr\/blog\/index.php?rest_route=\/wp\/v2\/posts\/771\/revisions\/2358"}],"wp:attachment":[{"href":"https:\/\/preservons-la-nature.fr\/blog\/index.php?rest_route=%2Fwp%2Fv2%2Fmedia&parent=771"}],"wp:term":[{"taxonomy":"category","embeddable":true,"href":"https:\/\/preservons-la-nature.fr\/blog\/index.php?rest_route=%2Fwp%2Fv2%2Fcategories&post=771"},{"taxonomy":"post_tag","embeddable":true,"href":"https:\/\/preservons-la-nature.fr\/blog\/index.php?rest_route=%2Fwp%2Fv2%2Ftags&post=771"}],"curies":[{"name":"wp","href":"https:\/\/api.w.org\/{rel}","templated":true}]}}