{"id":751,"date":"2014-02-10T12:03:47","date_gmt":"2014-02-10T11:03:47","guid":{"rendered":"https:\/\/www.preservons-la-nature.fr\/blog\/?p=751"},"modified":"2014-03-12T14:08:45","modified_gmt":"2014-03-12T13:08:45","slug":"le-panicaut-des-alpes-eryngium-alpinum-l","status":"publish","type":"post","link":"https:\/\/preservons-la-nature.fr\/blog\/?p=751","title":{"rendered":"Eryngium alpinum L. ( Panicaut des Alpes )"},"content":{"rendered":"<p><STRONG>Une fiche plus r&eacute;cente existe, vous pouvez la consulter <a href=\"https:\/\/www.preservons-la-nature.fr\/flore\/taxon\/2318.html\">ICI<\/a><\/STRONG><div id=\"attachment_752\" style=\"width: 570px\" class=\"wp-caption aligncenter\"><a href=\"https:\/\/www.preservons-la-nature.fr\/blog\/wp-content\/uploads\/2011\/10\/DSC2113.jpg\"><img loading=\"lazy\" decoding=\"async\" aria-describedby=\"caption-attachment-752\" class=\"size-full wp-image-752 \" title=\"Le Panicaut des Alpes (Eryngium alpinum L.)\" alt=\"Le Panicaut des Alpes (Eryngium alpinum L.)\" src=\"https:\/\/www.preservons-la-nature.fr\/blog\/wp-content\/uploads\/2011\/10\/DSC2113.jpg\" width=\"560\" height=\"374\" srcset=\"https:\/\/preservons-la-nature.fr\/blog\/wp-content\/uploads\/2011\/10\/DSC2113.jpg 700w, https:\/\/preservons-la-nature.fr\/blog\/wp-content\/uploads\/2011\/10\/DSC2113-300x200.jpg 300w\" sizes=\"auto, (max-width: 560px) 100vw, 560px\" \/><\/a><p id=\"caption-attachment-752\" class=\"wp-caption-text\">Le Panicaut des Alpes (Eryngium alpinum L.)<\/p><\/div><\/p>\n<p><span style=\"text-decoration: underline;\">Nom :<\/span> <i>Eryngium alpinum L.<\/i> ( Reine des Alpes )<\/p>\n<p><span style=\"text-decoration: underline;\">Autre(s) nom(s) :<\/span><br \/>\nEtoiles des Alpes, Panicaut des Alpes.<\/p>\n<p><span style=\"text-decoration: underline;\">Famille :<\/span> APIACEAE<\/p>\n<p><span style=\"text-decoration: underline;\">Floraison :<\/span> Juin &#8211; Juillet<\/p>\n<p><span style=\"text-decoration: underline;\">Forme biologique :<\/span><br \/>\nH\u00e9micryptophyte.<\/p>\n<p><span style=\"text-decoration: underline;\">Protection :<\/span><br \/>\n&#8211; Convention de Berne (relative \u00e0 la conservation de la vie sauvage et du milieu naturel de l&rsquo;Europe)<br \/>\n&#8211; Directive 92\/43\/EEC (Directive europ\u00e9enne Habitats-Faune-Flore) Annexe II,IV,V<br \/>\n&#8211; Liste des esp\u00e8ces v\u00e9g\u00e9tales prot\u00e9g\u00e9es sur l&rsquo;ensemble du territoire fran\u00e7ais m\u00e9tropolitain Article 1<br \/>\n&#8211; Liste rouge europ\u00e9enne IUCN 2012 NT<br \/>\n&#8211; Liste rouge fran\u00e7aise IUCN 2012 NT<\/p>\n<p><span style=\"text-decoration: underline;\">Description :<\/span><br \/>\nSa hauteur varie de 30 \u00e0 plus de 80 cm. Les feuilles basales vertes sont en forme de coeur et sont dent\u00e9es. Elles ont un long p\u00e9tiole. Les feuilles sup\u00e9rieures sont tr\u00e8s d\u00e9coup\u00e9es et aussi dent\u00e9es. A l\u2019extr\u00e9mit\u00e9 de la tige, peuvent se d\u00e9velopper deux ou trois ombelles. Alors que les bract\u00e9es sont bleu\u00e2tres, les fleurs sont blanches et petites. Ce n\u2019est qu\u2019\u00e0 partir de la quatri\u00e8me ann\u00e9e que la plante fleurit!<\/p>\n<p><span style=\"text-decoration: underline;\">Usages \/ particularit\u00e9s :<\/span><br \/>\nD\u2019une rare beaut\u00e9, elle a \u00e9t\u00e9 longtemps pr\u00e9lev\u00e9e pour \u00eatre replanter. Elle est donc aujourd\u2019hui menac\u00e9e de disparition.<\/p>\n<div id=\"attachment_753\" style=\"width: 384px\" class=\"wp-caption aligncenter\"><a href=\"https:\/\/www.preservons-la-nature.fr\/blog\/wp-content\/uploads\/2011\/10\/DSC2110.jpg\"><img loading=\"lazy\" decoding=\"async\" aria-describedby=\"caption-attachment-753\" class=\" wp-image-753  \" title=\"Le Panicaut des Alpes (Eryngium alpinum L.)\" alt=\"Le Panicaut des Alpes (Eryngium alpinum L.)\" src=\"https:\/\/www.preservons-la-nature.fr\/blog\/wp-content\/uploads\/2011\/10\/DSC2110.jpg\" width=\"374\" height=\"560\" srcset=\"https:\/\/preservons-la-nature.fr\/blog\/wp-content\/uploads\/2011\/10\/DSC2110.jpg 467w, https:\/\/preservons-la-nature.fr\/blog\/wp-content\/uploads\/2011\/10\/DSC2110-200x300.jpg 200w\" sizes=\"auto, (max-width: 374px) 100vw, 374px\" \/><\/a><p id=\"caption-attachment-753\" class=\"wp-caption-text\">Le Panicaut des Alpes (Eryngium alpinum L.)<\/p><\/div>\n<p><span style=\"text-decoration: underline;\">R\u00e9partition fran\u00e7aise :<\/span><br \/>\nOn peut la rencontrer en Is\u00e8re, en Savoie, en Haute-Savoie, dans les Hautes-Alpes, les Alpes-de-Haute-Provence et en Alpes-Maritimes (Haut Var). On peut la trouver dans les prairies subalpines.<\/p>\n<p><span style=\"text-decoration: underline;\">Pr\u00e9sent dans le(s) d\u00e9partement(s) suivant(s) :<\/span><br \/>\nAin, Alpes-de-Haute-Provence, Alpes-Maritimes, Hautes-Alpes, Haute-Savoie, Is\u00e8re, Jura, Savoie.<\/p>\n<div id=\"attachment_2670\" style=\"width: 610px\" class=\"wp-caption aligncenter\"><a href=\"https:\/\/www.preservons-la-nature.fr\/blog\/?attachment_id=2670\" rel=\"attachment wp-att-2670\"><img loading=\"lazy\" decoding=\"async\" aria-describedby=\"caption-attachment-2670\" class=\"size-full wp-image-2670\" alt=\"R\u00e9partition de Eryngium alpinum L. ( Panicaut des Alpes )\" src=\"https:\/\/www.preservons-la-nature.fr\/blog\/wp-content\/uploads\/2014\/02\/carte10.jpg\" width=\"600\" height=\"600\" srcset=\"https:\/\/preservons-la-nature.fr\/blog\/wp-content\/uploads\/2014\/02\/carte10.jpg 600w, https:\/\/preservons-la-nature.fr\/blog\/wp-content\/uploads\/2014\/02\/carte10-150x150.jpg 150w, https:\/\/preservons-la-nature.fr\/blog\/wp-content\/uploads\/2014\/02\/carte10-300x300.jpg 300w\" sizes=\"auto, (max-width: 600px) 100vw, 600px\" \/><\/a><p id=\"caption-attachment-2670\" class=\"wp-caption-text\">R\u00e9partition de Eryngium alpinum L. ( Panicaut des Alpes )<\/p><\/div>\n<p><span style=\"text-decoration: underline;\">R\u00e9partition mondiale :<\/span><br \/>\nIl s&rsquo;agit d&rsquo;une End\u00e9mique alpine.<\/p>\n<p><span style=\"text-decoration: underline;\">Ecologie :<\/span><br \/>\nOn la retrouve dans les prairies de fauche, les m\u00e9gaphorbiaies ou dans les m\u00e9l\u00e9zins clairs. Elle affectionne plus particuli\u00e8rement les terrains frais et humides essentiellement calcaires.<\/p>\n<p><span style=\"text-decoration: underline;\">Phytosociologie :<\/span><i><\/i><\/p>\n<table>\n<tbody>\n<tr>\n<td>Alliance<\/td>\n<td>Ordre<\/td>\n<td>Classe<\/td>\n<\/tr>\n<tr>\n<td><strong>Adenostylion alliariae<\/strong><\/td>\n<td><strong>Adenostyletalia alliariae<\/strong><\/td>\n<td><strong>Mulgedio alpini-Aconitetea variegati<\/strong><\/td>\n<\/tr>\n<tr>\n<td>Communaut\u00e9s m\u00e9so-hygrophiles, plut\u00f4t sciaphiles.<\/td>\n<td>Communaut\u00e9s m\u00e9so-hygrophiles, \u00e0 dominance de phorbes.<\/td>\n<td>V\u00e9g\u00e9tations de hautes herbes des montagnes et r\u00e9gions bor\u00e9ales de l&rsquo;Europe occidentale, principalement subalpines mais transgressant dans l&rsquo;\u00e9tage montagnard.<\/td>\n<\/tr>\n<\/tbody>\n<\/table>\n<table>\n<tbody>\n<tr>\n<td>Alliance<\/td>\n<td>Ordre<\/td>\n<td>Classe<\/td>\n<\/tr>\n<tr>\n<td><strong>Alnion viridis<\/strong><\/td>\n<td><strong>Alnetalia viridis<\/strong><\/td>\n<td><strong>Betulo carpaticae-Alnetea viridis<\/strong><\/td>\n<\/tr>\n<tr>\n<td>Aulnaies-saulaies des versants frais et bords de ruisseaux.<\/td>\n<td><\/td>\n<td>V\u00e9g\u00e9tation arbustive de l\u2019\u00e9tage subalpin, g\u00e9n\u00e9ralement m\u00e9so-hygrophile.<\/td>\n<\/tr>\n<\/tbody>\n<\/table>\n<table>\n<tbody>\n<tr>\n<td>Alliance<\/td>\n<td>Ordre<\/td>\n<td>Classe<\/td>\n<\/tr>\n<tr>\n<td><strong>Caricion ferrugineae<\/strong><\/td>\n<td><strong>Seslerietalia caeruleae<\/strong><\/td>\n<td><strong>Festuco-Seslerietea caeruleae<\/strong><\/td>\n<\/tr>\n<tr>\n<td>Communaut\u00e9s m\u00e9so-hygrophiles du Jura et des Alpes.<\/td>\n<td>Communaut\u00e9s montagnardes, subalpines et alpines des massifs europ\u00e9ens.<\/td>\n<td>Pelouses calcicoles nordiques et orophiles.<\/td>\n<\/tr>\n<\/tbody>\n<\/table>\n<table>\n<tbody>\n<tr>\n<td>Alliance<\/td>\n<td>Ordre<\/td>\n<td>Classe<\/td>\n<\/tr>\n<tr>\n<td><strong>Piceion excelsae<\/strong><\/td>\n<td><strong>Piceetalia excelsae<\/strong><\/td>\n<td><strong>Vaccinio myrtilli-Piceetea abietis<\/strong><\/td>\n<\/tr>\n<tr>\n<td>Communaut\u00e9s des Alpes, des Pyr\u00e9n\u00e9es et du Jura, plus sporadiques dans les Vosges.<\/td>\n<td>Pessi\u00e8res, sapini\u00e8res, pessi\u00e8res-sapini\u00e8res des sols tr\u00e8s acides, du subalpin inf\u00e9rieur et en \u00eelots montagnards.<\/td>\n<td>For\u00eats r\u00e9sineuses acidiphiles circumbor\u00e9ales, sur sol oligotrophe.<\/td>\n<\/tr>\n<\/tbody>\n<\/table>\n<table>\n<tbody>\n<tr>\n<td>Alliance<\/td>\n<td>Ordre<\/td>\n<td>Classe<\/td>\n<\/tr>\n<tr>\n<td><strong>Triseto flavescentis-Polygonion bistortae<\/strong><\/td>\n<td><strong>Arrhenatheretalia elatioris<\/strong><\/td>\n<td><strong>Arrhenatheretea elatioris<\/strong><\/td>\n<\/tr>\n<tr>\n<td>Communaut\u00e9s fauch\u00e9es montagnardes et subalpines.<\/td>\n<td>Prairies principalement fauch\u00e9es.<\/td>\n<td>V\u00e9g\u00e9tation prairiale, plus rarement de pelouses, m\u00e9sophile ou m\u00e9sohygrophile, m\u00e9sotrophe \u00e0 eutrophe.<\/td>\n<\/tr>\n<\/tbody>\n<\/table>\n<p><span style=\"text-decoration: underline;\">Bibliographie :<\/span><\/p>\n<ul>\n<li>Flore de France ; H. Coste ; Librairie des sciences et des Arts 1937<\/li>\n<\/ul>\n","protected":false},"excerpt":{"rendered":"<p>Une fiche plus r&eacute;cente existe, vous pouvez la consulter ICI Nom : Eryngium alpinum L. ( Reine des Alpes ) Autre(s) nom(s) : Etoiles des Alpes, Panicaut des Alpes. Famille : APIACEAE Floraison : Juin &#8211; Juillet Forme biologique : &hellip; <a href=\"https:\/\/preservons-la-nature.fr\/blog\/?p=751\">Continuer la lecture <span class=\"meta-nav\">&rarr;<\/span><\/a><\/p>\n","protected":false},"author":1,"featured_media":0,"comment_status":"open","ping_status":"open","sticky":false,"template":"","format":"standard","meta":{"footnotes":""},"categories":[87,51],"tags":[58],"class_list":["post-751","post","type-post","status-publish","format-standard","hentry","category-ficheplante","category-protection-nationale","tag-apiacees"],"_links":{"self":[{"href":"https:\/\/preservons-la-nature.fr\/blog\/index.php?rest_route=\/wp\/v2\/posts\/751","targetHints":{"allow":["GET"]}}],"collection":[{"href":"https:\/\/preservons-la-nature.fr\/blog\/index.php?rest_route=\/wp\/v2\/posts"}],"about":[{"href":"https:\/\/preservons-la-nature.fr\/blog\/index.php?rest_route=\/wp\/v2\/types\/post"}],"author":[{"embeddable":true,"href":"https:\/\/preservons-la-nature.fr\/blog\/index.php?rest_route=\/wp\/v2\/users\/1"}],"replies":[{"embeddable":true,"href":"https:\/\/preservons-la-nature.fr\/blog\/index.php?rest_route=%2Fwp%2Fv2%2Fcomments&post=751"}],"version-history":[{"count":16,"href":"https:\/\/preservons-la-nature.fr\/blog\/index.php?rest_route=\/wp\/v2\/posts\/751\/revisions"}],"predecessor-version":[{"id":3096,"href":"https:\/\/preservons-la-nature.fr\/blog\/index.php?rest_route=\/wp\/v2\/posts\/751\/revisions\/3096"}],"wp:attachment":[{"href":"https:\/\/preservons-la-nature.fr\/blog\/index.php?rest_route=%2Fwp%2Fv2%2Fmedia&parent=751"}],"wp:term":[{"taxonomy":"category","embeddable":true,"href":"https:\/\/preservons-la-nature.fr\/blog\/index.php?rest_route=%2Fwp%2Fv2%2Fcategories&post=751"},{"taxonomy":"post_tag","embeddable":true,"href":"https:\/\/preservons-la-nature.fr\/blog\/index.php?rest_route=%2Fwp%2Fv2%2Ftags&post=751"}],"curies":[{"name":"wp","href":"https:\/\/api.w.org\/{rel}","templated":true}]}}