{"id":74,"date":"2011-01-19T11:37:14","date_gmt":"2011-01-19T11:37:14","guid":{"rendered":"https:\/\/www.preservons-la-nature.fr\/blog\/?p=74"},"modified":"2011-01-19T11:37:53","modified_gmt":"2011-01-19T11:37:53","slug":"premieres-perces-neiges-sur-le-bord-de-loire","status":"publish","type":"post","link":"https:\/\/preservons-la-nature.fr\/blog\/?p=74","title":{"rendered":"Premi\u00e8res perces-neiges sur le bord de Loire"},"content":{"rendered":"<p>Un redoux d&rsquo;une dizaine de jours aura perturb\u00e9 la Nature. Les moustiques \u00e9taient de sortie sur le bord de Loire. Sur une pente expos\u00e9e au Sud, les perces-neiges sont d\u00e9j\u00e0 en fleurs!<\/p>\n<div id=\"attachment_75\" style=\"width: 624px\" class=\"wp-caption aligncenter\"><a href=\"https:\/\/www.preservons-la-nature.fr\/blog\/wp-content\/uploads\/2011\/01\/DSC2431.jpg\"><img loading=\"lazy\" decoding=\"async\" aria-describedby=\"caption-attachment-75\" class=\"size-full wp-image-75 \" title=\"Galanthis nivalis\" src=\"https:\/\/www.preservons-la-nature.fr\/blog\/wp-content\/uploads\/2011\/01\/DSC2431.jpg\" alt=\"Galanthis nivalis\" width=\"614\" height=\"410\" srcset=\"https:\/\/preservons-la-nature.fr\/blog\/wp-content\/uploads\/2011\/01\/DSC2431.jpg 1024w, https:\/\/preservons-la-nature.fr\/blog\/wp-content\/uploads\/2011\/01\/DSC2431-300x200.jpg 300w\" sizes=\"auto, (max-width: 614px) 100vw, 614px\" \/><\/a><p id=\"caption-attachment-75\" class=\"wp-caption-text\">Galanthis nivalis<\/p><\/div>\n","protected":false},"excerpt":{"rendered":"<p>Un redoux d&rsquo;une dizaine de jours aura perturb\u00e9 la Nature. Les moustiques \u00e9taient de sortie sur le bord de Loire. Sur une pente expos\u00e9e au Sud, les perces-neiges sont d\u00e9j\u00e0 en fleurs!<\/p>\n","protected":false},"author":1,"featured_media":0,"comment_status":"open","ping_status":"open","sticky":false,"template":"","format":"standard","meta":{"footnotes":""},"categories":[3],"tags":[],"class_list":["post-74","post","type-post","status-publish","format-standard","hentry","category-laloire"],"_links":{"self":[{"href":"https:\/\/preservons-la-nature.fr\/blog\/index.php?rest_route=\/wp\/v2\/posts\/74","targetHints":{"allow":["GET"]}}],"collection":[{"href":"https:\/\/preservons-la-nature.fr\/blog\/index.php?rest_route=\/wp\/v2\/posts"}],"about":[{"href":"https:\/\/preservons-la-nature.fr\/blog\/index.php?rest_route=\/wp\/v2\/types\/post"}],"author":[{"embeddable":true,"href":"https:\/\/preservons-la-nature.fr\/blog\/index.php?rest_route=\/wp\/v2\/users\/1"}],"replies":[{"embeddable":true,"href":"https:\/\/preservons-la-nature.fr\/blog\/index.php?rest_route=%2Fwp%2Fv2%2Fcomments&post=74"}],"version-history":[{"count":2,"href":"https:\/\/preservons-la-nature.fr\/blog\/index.php?rest_route=\/wp\/v2\/posts\/74\/revisions"}],"predecessor-version":[{"id":77,"href":"https:\/\/preservons-la-nature.fr\/blog\/index.php?rest_route=\/wp\/v2\/posts\/74\/revisions\/77"}],"wp:attachment":[{"href":"https:\/\/preservons-la-nature.fr\/blog\/index.php?rest_route=%2Fwp%2Fv2%2Fmedia&parent=74"}],"wp:term":[{"taxonomy":"category","embeddable":true,"href":"https:\/\/preservons-la-nature.fr\/blog\/index.php?rest_route=%2Fwp%2Fv2%2Fcategories&post=74"},{"taxonomy":"post_tag","embeddable":true,"href":"https:\/\/preservons-la-nature.fr\/blog\/index.php?rest_route=%2Fwp%2Fv2%2Ftags&post=74"}],"curies":[{"name":"wp","href":"https:\/\/api.w.org\/{rel}","templated":true}]}}