{"id":726,"date":"2011-09-11T07:08:48","date_gmt":"2011-09-11T07:08:48","guid":{"rendered":"https:\/\/www.preservons-la-nature.fr\/blog\/?p=726"},"modified":"2013-11-10T18:23:20","modified_gmt":"2013-11-10T17:23:20","slug":"la-scutellaire-casquee-scutellaria-galericulata-l","status":"publish","type":"post","link":"https:\/\/preservons-la-nature.fr\/blog\/?p=726","title":{"rendered":"Scutellaria galericulata L. ( Scutellaire casqu\u00e9e )"},"content":{"rendered":"<p><strong>La scutellaire casqu\u00e9e (<em>Scutellaria galericulata<\/em> L.)<\/strong> fait partie de la famille des <strong>Lamiac\u00e9es (<em>Lamiaceae<\/em>)<\/strong>. Sa p\u00e9riode de floraison s&rsquo;\u00e9tale de Juin \u00e0 Septembre.<\/p>\n<div id=\"attachment_727\" style=\"width: 570px\" class=\"wp-caption aligncenter\"><a href=\"https:\/\/www.preservons-la-nature.fr\/blog\/wp-content\/uploads\/2011\/09\/DSC0402.jpg\"><img loading=\"lazy\" decoding=\"async\" aria-describedby=\"caption-attachment-727\" class=\"size-full wp-image-727  \" title=\"Scutellaria galericulata L.\" alt=\"Scutellaria galericulata L.\" src=\"https:\/\/www.preservons-la-nature.fr\/blog\/wp-content\/uploads\/2011\/09\/DSC0402.jpg\" width=\"560\" height=\"373\" srcset=\"https:\/\/preservons-la-nature.fr\/blog\/wp-content\/uploads\/2011\/09\/DSC0402.jpg 700w, https:\/\/preservons-la-nature.fr\/blog\/wp-content\/uploads\/2011\/09\/DSC0402-300x199.jpg 300w\" sizes=\"auto, (max-width: 560px) 100vw, 560px\" \/><\/a><p id=\"caption-attachment-727\" class=\"wp-caption-text\">Scutellaria galericulata L.<\/p><\/div>\n<p><span style=\"text-decoration: underline;\">Ecologie :<\/span><br \/>\nOn la retrouve dans les prairies mar\u00e9cageuse ou au bord de l&rsquo;eau mais aussi en lisi\u00e8re des for\u00eats alluviales. Elle supporte donc les milieux temporairement inond\u00e9s. Elle est absente des zones acides.<\/p>\n<p><span style=\"text-decoration: underline;\">R\u00e9partition fran\u00e7aise :<\/span><br \/>\nElle se r\u00e9partit sur l&rsquo;ensemble de la France en basses altitudes. Elle est absente de la r\u00e9gion m\u00e9diterran\u00e9enne.<\/p>\n<div id=\"attachment_728\" style=\"width: 570px\" class=\"wp-caption aligncenter\"><a href=\"https:\/\/www.preservons-la-nature.fr\/blog\/wp-content\/uploads\/2011\/09\/DSC0647.jpg\"><img loading=\"lazy\" decoding=\"async\" aria-describedby=\"caption-attachment-728\" class=\"size-full wp-image-728  \" title=\"Scutellaria galericulata L.\" alt=\"Scutellaria galericulata L.\" src=\"https:\/\/www.preservons-la-nature.fr\/blog\/wp-content\/uploads\/2011\/09\/DSC0647.jpg\" width=\"560\" height=\"374\" srcset=\"https:\/\/preservons-la-nature.fr\/blog\/wp-content\/uploads\/2011\/09\/DSC0647.jpg 700w, https:\/\/preservons-la-nature.fr\/blog\/wp-content\/uploads\/2011\/09\/DSC0647-300x200.jpg 300w\" sizes=\"auto, (max-width: 560px) 100vw, 560px\" \/><\/a><p id=\"caption-attachment-728\" class=\"wp-caption-text\">Scutellaria galericulata L.<\/p><\/div>\n<p><span style=\"text-decoration: underline;\">Description :<\/span><br \/>\nSa dimension est d&rsquo;environ 15 \u00e0 80 cm. La tige comporte 4 angles. Les feuilles ont un p\u00e9tiole court (moins de 5 mm.). Elles sont l\u00e9g\u00e8rement dent\u00e9es. Elles sont oppos\u00e9es. La forme est oblongue lanc\u00e9ol\u00e9e. Leur largeur ne d\u00e9passe pas 20 mm. Les fleurs se trouvent \u00e0 l&rsquo;aisselle des feuilles sup\u00e9rieures. La corolle est bleue \u00e0 bleue violac\u00e9e. Elle forme un tube courb\u00e9e de 12 \u00e0 20 mm. Le calice est g\u00e9n\u00e9ralement pubescent. La l\u00e8vre sup\u00e9rieure est en forme de casque.<\/p>\n<p><span style=\"text-decoration: underline;\">Taxonomie :<\/span><em><br \/>\nScutellaria galericulata L.<\/em> a pour synonymes (Informations issues de la BDTFX Version 1.1, <a href=\"http:\/\/www.tela-botanica.org\" target=\"_blank\">Tela Botanica<\/a>) :<\/p>\n<p><em>&#8211; Cassida galericulata (L.) Scop.<br \/>\n&#8211; Cassida major Gilib.<br \/>\n&#8211; Scutellaria epilobiifolia A.A.Ham.<br \/>\n&#8211; Scutellaria galericulata var. glaberrima Benth.<br \/>\n&#8211; Scutellaria galericulata var. pubescens Benth.<br \/>\n&#8211; Scutellaria galericulata var. pubescens Mutel<br \/>\n&#8211; Scutellaria galericulata var. vulgaris Benth.<br \/>\n&#8211; Scutellaria pauciflora Pant.<\/em><\/p>\n","protected":false},"excerpt":{"rendered":"<p>La scutellaire casqu\u00e9e (Scutellaria galericulata L.) fait partie de la famille des Lamiac\u00e9es (Lamiaceae). Sa p\u00e9riode de floraison s&rsquo;\u00e9tale de Juin \u00e0 Septembre. Ecologie : On la retrouve dans les prairies mar\u00e9cageuse ou au bord de l&rsquo;eau mais aussi en &hellip; <a href=\"https:\/\/preservons-la-nature.fr\/blog\/?p=726\">Continuer la lecture <span class=\"meta-nav\">&rarr;<\/span><\/a><\/p>\n","protected":false},"author":1,"featured_media":0,"comment_status":"open","ping_status":"open","sticky":false,"template":"","format":"standard","meta":{"footnotes":""},"categories":[87,3],"tags":[25],"class_list":["post-726","post","type-post","status-publish","format-standard","hentry","category-ficheplante","category-laloire","tag-lamiacees"],"_links":{"self":[{"href":"https:\/\/preservons-la-nature.fr\/blog\/index.php?rest_route=\/wp\/v2\/posts\/726","targetHints":{"allow":["GET"]}}],"collection":[{"href":"https:\/\/preservons-la-nature.fr\/blog\/index.php?rest_route=\/wp\/v2\/posts"}],"about":[{"href":"https:\/\/preservons-la-nature.fr\/blog\/index.php?rest_route=\/wp\/v2\/types\/post"}],"author":[{"embeddable":true,"href":"https:\/\/preservons-la-nature.fr\/blog\/index.php?rest_route=\/wp\/v2\/users\/1"}],"replies":[{"embeddable":true,"href":"https:\/\/preservons-la-nature.fr\/blog\/index.php?rest_route=%2Fwp%2Fv2%2Fcomments&post=726"}],"version-history":[{"count":7,"href":"https:\/\/preservons-la-nature.fr\/blog\/index.php?rest_route=\/wp\/v2\/posts\/726\/revisions"}],"predecessor-version":[{"id":1963,"href":"https:\/\/preservons-la-nature.fr\/blog\/index.php?rest_route=\/wp\/v2\/posts\/726\/revisions\/1963"}],"wp:attachment":[{"href":"https:\/\/preservons-la-nature.fr\/blog\/index.php?rest_route=%2Fwp%2Fv2%2Fmedia&parent=726"}],"wp:term":[{"taxonomy":"category","embeddable":true,"href":"https:\/\/preservons-la-nature.fr\/blog\/index.php?rest_route=%2Fwp%2Fv2%2Fcategories&post=726"},{"taxonomy":"post_tag","embeddable":true,"href":"https:\/\/preservons-la-nature.fr\/blog\/index.php?rest_route=%2Fwp%2Fv2%2Ftags&post=726"}],"curies":[{"name":"wp","href":"https:\/\/api.w.org\/{rel}","templated":true}]}}