{"id":717,"date":"2011-09-08T12:22:02","date_gmt":"2011-09-08T12:22:02","guid":{"rendered":"https:\/\/www.preservons-la-nature.fr\/blog\/?p=717"},"modified":"2011-09-08T13:40:17","modified_gmt":"2011-09-08T13:40:17","slug":"inventaire-de-la-flore-de-lile-arrault-orleans","status":"publish","type":"post","link":"https:\/\/preservons-la-nature.fr\/blog\/?p=717","title":{"rendered":"Inventaire de la flore de l&rsquo;\u00eele Arrault (Orl\u00e9ans)"},"content":{"rendered":"<p>Le secteur de l&rsquo;\u00eele Arrault \u00e0 Orl\u00e9ans constitue une part non n\u00e9gligeable de la biodiversit\u00e9 subsistant sur la commune d&rsquo;Orl\u00e9ans. Pourtant, cette biodiversit\u00e9 est menac\u00e9e depuis plusieurs ann\u00e9es par des projets d&rsquo;urbanisation. Le dernier en date est l&rsquo;implantation \u00e0 proximit\u00e9 de l&rsquo;Arena, un vaste complexe sportif qui servirait essentiellement \u00e0 une \u00e9quipe professionnelle de basket&#8230; Le projet est si pharaonique que l&rsquo;on pr\u00e9voit entre 5000 et 10000 visiteurs pour assister aux matchs. Le site se trouve \u00e0 proximit\u00e9 d&rsquo;une zone Natura 2000 ainsi que de la Loire qui est class\u00e9e au patrimoine de l&rsquo;UNESCO.<\/p>\n<p><strong><a href=\"http:\/\/ilearrault.blogspot.com\/\" target=\"_blank\">L&rsquo;association de d\u00e9fense de l&rsquo;\u00eele Arrault<\/a> <\/strong>\u0153uvre pour d\u00e9fendre ces derniers espaces naturels de l&rsquo;Agglom\u00e9ration orl\u00e9anaise. Le lieu abrite <strong>33 esp\u00e8ces d&rsquo;oiseaux<\/strong> ainsi que <strong>le castor d&rsquo;Europe<\/strong>. J&rsquo;ai souhait\u00e9 particip\u00e9 \u00e0 un inventaire de la flore sur cet espace. A l&rsquo;heure actuelle, nous comptabilisons<strong> d\u00e9j\u00e0 plus de 190 esp\u00e8ces<\/strong>&#8230; l&rsquo;inventaire devra \u00eatre compl\u00e9t\u00e9 aux printemps. Vous pouvez d\u00e8s maintenant avoir un aper\u00e7u en couleur de celui-ci :<\/p>\n<p><strong><a href=\"https:\/\/www.preservons-la-nature.fr\/contemplons\/Arrault\/\">Voici l&rsquo;inventaire de la flore de l&rsquo;\u00eele Arrault (Orl\u00e9ans)<\/a><\/strong><\/p>\n<p><strong>Accomplir ce projet serait porter gravement atteinte \u00e0 la biodiversit\u00e9 dans la commune d&rsquo;Orl\u00e9ans ainsi que la Loire!<\/strong> D\u00e9j\u00e0 que cette derni\u00e8re est mal men\u00e9e par les rejets d&rsquo;eaux us\u00e9es quotidiennes de l&rsquo;agglom\u00e9ration orl\u00e9anaise&#8230;<\/p>\n<p>La zone abrite <strong>la pulicaire commune (<em>Pulicaria vulgaris<\/em>)<\/strong> prot\u00e9g\u00e9e nationalement ou encore la rare (dans le Loiret) <strong>card\u00e8re poilue (<em>Dipsacus pilosus<\/em>)<\/strong>.<\/p>\n<p>Voici les communes o\u00f9 cette derni\u00e8re est recens\u00e9e depuis 2000 (Donn\u00e9es du <a href=\"http:\/\/cbnbp.mnhn.fr\/\" target=\"_blank\">Conservatoire botanique<\/a>) :<\/p>\n<table border=\"0\" cellspacing=\"0\" cellpadding=\"0\" width=\"417\">\n<colgroup>\n<col width=\"257\"><\/col>\n<col span=\"2\" width=\"80\"><\/col>\n<\/colgroup>\n<tbody>\n<tr height=\"17\">\n<td width=\"257\" height=\"17\">BEAULIEU-SUR-LOIRE<\/td>\n<td width=\"80\">2006<\/td>\n<td width=\"80\">1<\/td>\n<\/tr>\n<tr height=\"17\">\n<td width=\"257\" height=\"17\">DORDIVES<\/td>\n<td width=\"80\">2000<\/td>\n<td width=\"80\">4<\/td>\n<\/tr>\n<tr height=\"17\">\n<td width=\"257\" height=\"17\">FERRIERES-EN-GATINAIS<\/td>\n<td width=\"80\">2006<\/td>\n<td width=\"80\">2<\/td>\n<\/tr>\n<tr height=\"17\">\n<td width=\"257\" height=\"17\">FONTENAY-SUR-LOING<\/td>\n<td width=\"80\">2001<\/td>\n<td width=\"80\">2<\/td>\n<\/tr>\n<tr height=\"17\">\n<td width=\"257\" height=\"17\">MARDIE<\/td>\n<td width=\"80\">2001<\/td>\n<td width=\"80\">1<\/td>\n<\/tr>\n<tr height=\"17\">\n<td width=\"257\" height=\"17\">MONTBOUY<\/td>\n<td width=\"80\">2010<\/td>\n<td width=\"80\">2<\/td>\n<\/tr>\n<tr height=\"17\">\n<td width=\"257\" height=\"17\">NARGIS<\/td>\n<td width=\"80\">2000<\/td>\n<td width=\"80\">2<\/td>\n<\/tr>\n<tr height=\"17\">\n<td width=\"257\" height=\"17\">ORLEANS<\/td>\n<td width=\"80\">2011<\/td>\n<td width=\"80\">3<\/td>\n<\/tr>\n<tr height=\"17\">\n<td width=\"257\" height=\"17\">YEVRE-LA-VILLE<\/td>\n<td width=\"80\">2005<\/td>\n<td width=\"80\">2<\/td>\n<\/tr>\n<\/tbody>\n<\/table>\n<p style=\"text-align: center;\">\n<div id=\"attachment_722\" style=\"width: 384px\" class=\"wp-caption aligncenter\"><a rel=\"attachment wp-att-722\" href=\"https:\/\/www.preservons-la-nature.fr\/blog\/?attachment_id=722\"><img loading=\"lazy\" decoding=\"async\" aria-describedby=\"caption-attachment-722\" class=\"size-full wp-image-722 \" title=\"Dipsacus pilosus\" src=\"https:\/\/www.preservons-la-nature.fr\/blog\/wp-content\/uploads\/2011\/09\/DSC1035.jpg\" alt=\"Dipsacus pilosus\" width=\"374\" height=\"560\" srcset=\"https:\/\/preservons-la-nature.fr\/blog\/wp-content\/uploads\/2011\/09\/DSC1035.jpg 467w, https:\/\/preservons-la-nature.fr\/blog\/wp-content\/uploads\/2011\/09\/DSC1035-200x300.jpg 200w\" sizes=\"auto, (max-width: 374px) 100vw, 374px\" \/><\/a><p id=\"caption-attachment-722\" class=\"wp-caption-text\">Dipsacus pilosus<\/p><\/div>\n<div id=\"attachment_723\" style=\"width: 384px\" class=\"wp-caption aligncenter\"><a rel=\"attachment wp-att-723\" href=\"https:\/\/www.preservons-la-nature.fr\/blog\/?attachment_id=723\"><img loading=\"lazy\" decoding=\"async\" aria-describedby=\"caption-attachment-723\" class=\"size-full wp-image-723 \" title=\"Pulicaria vulgaris\" src=\"https:\/\/www.preservons-la-nature.fr\/blog\/wp-content\/uploads\/2011\/09\/DSC1032.jpg\" alt=\"Pulicaria vulgaris\" width=\"374\" height=\"560\" srcset=\"https:\/\/preservons-la-nature.fr\/blog\/wp-content\/uploads\/2011\/09\/DSC1032.jpg 467w, https:\/\/preservons-la-nature.fr\/blog\/wp-content\/uploads\/2011\/09\/DSC1032-200x300.jpg 200w\" sizes=\"auto, (max-width: 374px) 100vw, 374px\" \/><\/a><p id=\"caption-attachment-723\" class=\"wp-caption-text\">Pulicaria vulgaris<\/p><\/div>\n","protected":false},"excerpt":{"rendered":"<p>Le secteur de l&rsquo;\u00eele Arrault \u00e0 Orl\u00e9ans constitue une part non n\u00e9gligeable de la biodiversit\u00e9 subsistant sur la commune d&rsquo;Orl\u00e9ans. Pourtant, cette biodiversit\u00e9 est menac\u00e9e depuis plusieurs ann\u00e9es par des projets d&rsquo;urbanisation. Le dernier en date est l&rsquo;implantation \u00e0 proximit\u00e9 &hellip; <a href=\"https:\/\/preservons-la-nature.fr\/blog\/?p=717\">Continuer la lecture <span class=\"meta-nav\">&rarr;<\/span><\/a><\/p>\n","protected":false},"author":1,"featured_media":0,"comment_status":"open","ping_status":"open","sticky":false,"template":"","format":"standard","meta":{"footnotes":""},"categories":[11,49,3],"tags":[7,24],"class_list":["post-717","post","type-post","status-publish","format-standard","hentry","category-contempler","category-flore-de-lile-arrault-orleans","category-laloire","tag-loire","tag-orleans"],"_links":{"self":[{"href":"https:\/\/preservons-la-nature.fr\/blog\/index.php?rest_route=\/wp\/v2\/posts\/717","targetHints":{"allow":["GET"]}}],"collection":[{"href":"https:\/\/preservons-la-nature.fr\/blog\/index.php?rest_route=\/wp\/v2\/posts"}],"about":[{"href":"https:\/\/preservons-la-nature.fr\/blog\/index.php?rest_route=\/wp\/v2\/types\/post"}],"author":[{"embeddable":true,"href":"https:\/\/preservons-la-nature.fr\/blog\/index.php?rest_route=\/wp\/v2\/users\/1"}],"replies":[{"embeddable":true,"href":"https:\/\/preservons-la-nature.fr\/blog\/index.php?rest_route=%2Fwp%2Fv2%2Fcomments&post=717"}],"version-history":[{"count":5,"href":"https:\/\/preservons-la-nature.fr\/blog\/index.php?rest_route=\/wp\/v2\/posts\/717\/revisions"}],"predecessor-version":[{"id":725,"href":"https:\/\/preservons-la-nature.fr\/blog\/index.php?rest_route=\/wp\/v2\/posts\/717\/revisions\/725"}],"wp:attachment":[{"href":"https:\/\/preservons-la-nature.fr\/blog\/index.php?rest_route=%2Fwp%2Fv2%2Fmedia&parent=717"}],"wp:term":[{"taxonomy":"category","embeddable":true,"href":"https:\/\/preservons-la-nature.fr\/blog\/index.php?rest_route=%2Fwp%2Fv2%2Fcategories&post=717"},{"taxonomy":"post_tag","embeddable":true,"href":"https:\/\/preservons-la-nature.fr\/blog\/index.php?rest_route=%2Fwp%2Fv2%2Ftags&post=717"}],"curies":[{"name":"wp","href":"https:\/\/api.w.org\/{rel}","templated":true}]}}