{"id":619,"date":"2011-06-18T06:27:30","date_gmt":"2011-06-18T06:27:30","guid":{"rendered":"https:\/\/www.preservons-la-nature.fr\/blog\/?p=619"},"modified":"2011-06-18T06:27:30","modified_gmt":"2011-06-18T06:27:30","slug":"labeille-le-crabe-et-lorchidee","status":"publish","type":"post","link":"https:\/\/preservons-la-nature.fr\/blog\/?p=619","title":{"rendered":"L&rsquo;abeille, le crabe et l&rsquo;orchid\u00e9e"},"content":{"rendered":"<p>Ce titre \u00ab\u00a0l&rsquo;abeille, le crabe et l&rsquo;orchid\u00e9e\u00a0\u00bb pourrait rappeler le titre d&rsquo;un livre de <strong>Jacques-Yves Cousteau : \u00ab\u00a0L&rsquo;homme, la pieuvre et l&rsquo;orchid\u00e9e\u00a0\u00bb,<\/strong> son dernier livre que je vous conseille de lire. Derri\u00e8re ce titre, se cache comme vous allez le voir la relation entre trois \u00eatres vivants, o\u00f9 un des acteurs est tout comme l&rsquo;homme cruel, mais l&rsquo;est contrairement \u00e0\u00a0ce dernier\u00a0par n\u00e9cessit\u00e9 et par survie.<\/p>\n<p>La sc\u00e8ne se situe sur une orchid\u00e9e sur une des pelouses naturelles de la vall\u00e9e de la Loire\u00a0plus particuli\u00e8rement\u00a0dans <strong>la commune de\u00a0Sandillon<\/strong>. Veuillez noter que cette orchid\u00e9e est une d\u00e9couverte sur la commune puisqu&rsquo;elle n&rsquo;avait jamais \u00e9t\u00e9 relev\u00e9e (voir les donn\u00e9es du <a href=\"http:\/\/cbnbp.mnhn.fr\" target=\"_blank\">conservatoire botanique national du bassin parisien<\/a>). Il s&rsquo;agit de <strong>l&rsquo;orchis bouc<\/strong> (<strong><em>Himantoglossum hircinum<\/em><\/strong>) qui est de la famille de l&rsquo;orchid\u00e9e et qui est relativement commune. Celle-ci b\u00e9n\u00e9ficie d&rsquo;une protection dans le d\u00e9partement de la Loire, mais aussi au niveau internationnal par <strong>la CITES (<a href=\"http:\/\/cites.ecologie.gouv.fr\" target=\"_blank\">Convention sur le commerce international des esp\u00e8ces de faune et de flore sauvages menac\u00e9es d&rsquo;extinction<\/a>)<\/strong>.\u00a0Il s&rsquo;agit d&rsquo;une magnifique orchid\u00e9e des pelouses s\u00e8ches\u00a0qui passe relativement inaper\u00e7ue\u00a0et qui pr\u00e9sente la particularit\u00e9 de d\u00e9gager une odeur de bouc.\u00a0<\/p>\n<div id=\"attachment_620\" style=\"width: 384px\" class=\"wp-caption aligncenter\"><a rel=\"attachment wp-att-620\" href=\"https:\/\/www.preservons-la-nature.fr\/blog\/?attachment_id=620\"><img loading=\"lazy\" decoding=\"async\" aria-describedby=\"caption-attachment-620\" class=\"size-full wp-image-620 \" title=\"l'orchis bouc (Himantoglossum hircinum)\" src=\"https:\/\/www.preservons-la-nature.fr\/blog\/wp-content\/uploads\/2011\/06\/DSC08613.jpg\" alt=\"l'orchis bouc (Himantoglossum hircinum)\" width=\"374\" height=\"560\" srcset=\"https:\/\/preservons-la-nature.fr\/blog\/wp-content\/uploads\/2011\/06\/DSC08613.jpg 467w, https:\/\/preservons-la-nature.fr\/blog\/wp-content\/uploads\/2011\/06\/DSC08613-200x300.jpg 200w\" sizes=\"auto, (max-width: 374px) 100vw, 374px\" \/><\/a><p id=\"caption-attachment-620\" class=\"wp-caption-text\">l&#39;orchis bouc (Himantoglossum hircinum)<\/p><\/div>\n<p>Sur cette orchid\u00e9e viennent butiner de nombreux insectes, et plus particuli\u00e8rement une abeille :<\/p>\n<div id=\"attachment_621\" style=\"width: 430px\" class=\"wp-caption aligncenter\"><a rel=\"attachment wp-att-621\" href=\"https:\/\/www.preservons-la-nature.fr\/blog\/?attachment_id=621\"><img loading=\"lazy\" decoding=\"async\" aria-describedby=\"caption-attachment-621\" class=\"size-full wp-image-621 \" title=\"Une abeille butine sur l'orchid\u00e9e\" src=\"https:\/\/www.preservons-la-nature.fr\/blog\/wp-content\/uploads\/2011\/06\/DSC08598.jpg\" alt=\"Une abeille butine sur l'orchid\u00e9e\" width=\"420\" height=\"630\" srcset=\"https:\/\/preservons-la-nature.fr\/blog\/wp-content\/uploads\/2011\/06\/DSC08598.jpg 467w, https:\/\/preservons-la-nature.fr\/blog\/wp-content\/uploads\/2011\/06\/DSC08598-200x300.jpg 200w\" sizes=\"auto, (max-width: 420px) 100vw, 420px\" \/><\/a><p id=\"caption-attachment-621\" class=\"wp-caption-text\">Une abeille butine sur l&#39;orchid\u00e9e<\/p><\/div>\n<p>Sur cette derni\u00e8re photo, montrant les ravissants labelles des fleurs de l&rsquo;orchis bouc, on d\u00e9tecte une abeille. On ne soupsonne absolument pas le drame qui est en train de se produire. Effectuons un zoom sur cette abeille pour essayer de d\u00e9celer un \u00e9l\u00e9ment de r\u00e9ponse :<\/p>\n<div id=\"attachment_622\" style=\"width: 430px\" class=\"wp-caption aligncenter\"><a rel=\"attachment wp-att-622\" href=\"https:\/\/www.preservons-la-nature.fr\/blog\/?attachment_id=622\"><img loading=\"lazy\" decoding=\"async\" aria-describedby=\"caption-attachment-622\" class=\"size-full wp-image-622 \" title=\"L'abeille, le crabe et l'orchid\u00e9e\" src=\"https:\/\/www.preservons-la-nature.fr\/blog\/wp-content\/uploads\/2011\/06\/DSC08604.jpg\" alt=\"L'abeille, le crabe et l'orchid\u00e9e\" width=\"420\" height=\"630\" srcset=\"https:\/\/preservons-la-nature.fr\/blog\/wp-content\/uploads\/2011\/06\/DSC08604.jpg 467w, https:\/\/preservons-la-nature.fr\/blog\/wp-content\/uploads\/2011\/06\/DSC08604-200x300.jpg 200w\" sizes=\"auto, (max-width: 420px) 100vw, 420px\" \/><\/a><p id=\"caption-attachment-622\" class=\"wp-caption-text\">L&#39;abeille, le crabe et l&#39;orchid\u00e9e<\/p><\/div>\n<p>Sur cet agrandissement, vous observez toujours l&rsquo;abeille mais elle n&rsquo;est pas en train de butiner : elle est victime d&rsquo;une araign\u00e9e crabe (celle-ci ne tisse pas de toile mais attend ses proies g\u00e9n\u00e9ralement sur les fleurs) dont le mim\u00e9tisme avec les fleurs de l&rsquo;orchid\u00e9e\u00a0est frappant.<\/p>\n<p>Vous trouverez cette sc\u00e8ne cruelle, elle l&rsquo;est. Mais elle est n\u00e9cessaire, indispensable : elle assure la survie d&rsquo;un \u00eatre vivant ainsi que la biodiversit\u00e9. L&rsquo;homme est tout aussi cruel mais il l&rsquo;est de mani\u00e8re compl\u00e8tement gratuite, int\u00e9ress\u00e9e par cette notion invent\u00e9e par lui : l&rsquo;argent. Ce dernier provoque tout de m\u00eame la 6\u00e8me \u00e8re des plus grandes extinctions, la plus destructrice en esp\u00e8ces vivantes qu&rsquo;est connu notre plan\u00e8te!<br \/>\nJe voulais vous montrer \u00e0 travers cette sc\u00e8ne que\u00a0derri\u00e8re la beaut\u00e9 de la\u00a0Nature, celle-ci\u00a0peut s&rsquo;av\u00e9rer bien\u00a0cruelle mais\u00a0que\u00a0cette cruaut\u00e9 est n\u00e9cessaire pour en assurer la biodiversit\u00e9, toute sa richesse.<\/p>\n","protected":false},"excerpt":{"rendered":"<p>Ce titre \u00ab\u00a0l&rsquo;abeille, le crabe et l&rsquo;orchid\u00e9e\u00a0\u00bb pourrait rappeler le titre d&rsquo;un livre de Jacques-Yves Cousteau : \u00ab\u00a0L&rsquo;homme, la pieuvre et l&rsquo;orchid\u00e9e\u00a0\u00bb, son dernier livre que je vous conseille de lire. Derri\u00e8re ce titre, se cache comme vous allez le &hellip; <a href=\"https:\/\/preservons-la-nature.fr\/blog\/?p=619\">Continuer la lecture <span class=\"meta-nav\">&rarr;<\/span><\/a><\/p>\n","protected":false},"author":1,"featured_media":0,"comment_status":"open","ping_status":"open","sticky":false,"template":"","format":"standard","meta":{"footnotes":""},"categories":[11,9,3],"tags":[18,23,7,46,47],"class_list":["post-619","post","type-post","status-publish","format-standard","hentry","category-contempler","category-decouvertes","category-laloire","tag-abeille","tag-faune","tag-loire","tag-orchidees","tag-sandillon"],"_links":{"self":[{"href":"https:\/\/preservons-la-nature.fr\/blog\/index.php?rest_route=\/wp\/v2\/posts\/619","targetHints":{"allow":["GET"]}}],"collection":[{"href":"https:\/\/preservons-la-nature.fr\/blog\/index.php?rest_route=\/wp\/v2\/posts"}],"about":[{"href":"https:\/\/preservons-la-nature.fr\/blog\/index.php?rest_route=\/wp\/v2\/types\/post"}],"author":[{"embeddable":true,"href":"https:\/\/preservons-la-nature.fr\/blog\/index.php?rest_route=\/wp\/v2\/users\/1"}],"replies":[{"embeddable":true,"href":"https:\/\/preservons-la-nature.fr\/blog\/index.php?rest_route=%2Fwp%2Fv2%2Fcomments&post=619"}],"version-history":[{"count":5,"href":"https:\/\/preservons-la-nature.fr\/blog\/index.php?rest_route=\/wp\/v2\/posts\/619\/revisions"}],"predecessor-version":[{"id":627,"href":"https:\/\/preservons-la-nature.fr\/blog\/index.php?rest_route=\/wp\/v2\/posts\/619\/revisions\/627"}],"wp:attachment":[{"href":"https:\/\/preservons-la-nature.fr\/blog\/index.php?rest_route=%2Fwp%2Fv2%2Fmedia&parent=619"}],"wp:term":[{"taxonomy":"category","embeddable":true,"href":"https:\/\/preservons-la-nature.fr\/blog\/index.php?rest_route=%2Fwp%2Fv2%2Fcategories&post=619"},{"taxonomy":"post_tag","embeddable":true,"href":"https:\/\/preservons-la-nature.fr\/blog\/index.php?rest_route=%2Fwp%2Fv2%2Ftags&post=619"}],"curies":[{"name":"wp","href":"https:\/\/api.w.org\/{rel}","templated":true}]}}