{"id":60,"date":"2011-01-19T05:33:54","date_gmt":"2011-01-19T05:33:54","guid":{"rendered":"https:\/\/www.preservons-la-nature.fr\/blog\/?p=60"},"modified":"2014-11-11T16:25:44","modified_gmt":"2014-11-11T15:25:44","slug":"fond-decran-a-telecharger-7","status":"publish","type":"post","link":"https:\/\/preservons-la-nature.fr\/blog\/?p=60","title":{"rendered":"Sympecma fusca"},"content":{"rendered":"<p>Voici un fond d&rsquo;\u00e9cran que vous pouvez librement t\u00e9l\u00e9charger :<\/p>\n<div id=\"attachment_61\" style=\"width: 624px\" class=\"wp-caption aligncenter\"><a href=\"https:\/\/www.preservons-la-nature.fr\/blog\/wp-content\/uploads\/2011\/01\/DSC0778.jpg\"><img loading=\"lazy\" decoding=\"async\" aria-describedby=\"caption-attachment-61\" class=\"size-full wp-image-61 \" title=\"Sympecma fusca\" src=\"https:\/\/www.preservons-la-nature.fr\/blog\/wp-content\/uploads\/2011\/01\/DSC0778.jpg\" alt=\"Sympecma fusca\" width=\"614\" height=\"409\" srcset=\"https:\/\/preservons-la-nature.fr\/blog\/wp-content\/uploads\/2011\/01\/DSC0778.jpg 1024w, https:\/\/preservons-la-nature.fr\/blog\/wp-content\/uploads\/2011\/01\/DSC0778-300x199.jpg 300w\" sizes=\"auto, (max-width: 614px) 100vw, 614px\" \/><\/a><p id=\"caption-attachment-61\" class=\"wp-caption-text\">Sympecma fusca<\/p><\/div>\n","protected":false},"excerpt":{"rendered":"<p>Voici un fond d&rsquo;\u00e9cran que vous pouvez librement t\u00e9l\u00e9charger :<\/p>\n","protected":false},"author":1,"featured_media":0,"comment_status":"open","ping_status":"open","sticky":false,"template":"","format":"standard","meta":{"footnotes":""},"categories":[139,4],"tags":[5],"class_list":["post-60","post","type-post","status-publish","format-standard","hentry","category-faune-2","category-fond-decran","tag-libellule"],"_links":{"self":[{"href":"https:\/\/preservons-la-nature.fr\/blog\/index.php?rest_route=\/wp\/v2\/posts\/60","targetHints":{"allow":["GET"]}}],"collection":[{"href":"https:\/\/preservons-la-nature.fr\/blog\/index.php?rest_route=\/wp\/v2\/posts"}],"about":[{"href":"https:\/\/preservons-la-nature.fr\/blog\/index.php?rest_route=\/wp\/v2\/types\/post"}],"author":[{"embeddable":true,"href":"https:\/\/preservons-la-nature.fr\/blog\/index.php?rest_route=\/wp\/v2\/users\/1"}],"replies":[{"embeddable":true,"href":"https:\/\/preservons-la-nature.fr\/blog\/index.php?rest_route=%2Fwp%2Fv2%2Fcomments&post=60"}],"version-history":[{"count":6,"href":"https:\/\/preservons-la-nature.fr\/blog\/index.php?rest_route=\/wp\/v2\/posts\/60\/revisions"}],"predecessor-version":[{"id":4138,"href":"https:\/\/preservons-la-nature.fr\/blog\/index.php?rest_route=\/wp\/v2\/posts\/60\/revisions\/4138"}],"wp:attachment":[{"href":"https:\/\/preservons-la-nature.fr\/blog\/index.php?rest_route=%2Fwp%2Fv2%2Fmedia&parent=60"}],"wp:term":[{"taxonomy":"category","embeddable":true,"href":"https:\/\/preservons-la-nature.fr\/blog\/index.php?rest_route=%2Fwp%2Fv2%2Fcategories&post=60"},{"taxonomy":"post_tag","embeddable":true,"href":"https:\/\/preservons-la-nature.fr\/blog\/index.php?rest_route=%2Fwp%2Fv2%2Ftags&post=60"}],"curies":[{"name":"wp","href":"https:\/\/api.w.org\/{rel}","templated":true}]}}