{"id":53,"date":"2011-01-17T06:31:43","date_gmt":"2011-01-17T06:31:43","guid":{"rendered":"https:\/\/www.preservons-la-nature.fr\/blog\/?p=53"},"modified":"2014-11-11T16:27:12","modified_gmt":"2014-11-11T15:27:12","slug":"fond-decran-a-telecharger-5","status":"publish","type":"post","link":"https:\/\/preservons-la-nature.fr\/blog\/?p=53","title":{"rendered":"Enallagma cyathigerum"},"content":{"rendered":"<p>Voici un fond d&rsquo;\u00e9cran que vous pouvez librement t\u00e9l\u00e9charger :<\/p>\n<div id=\"attachment_54\" style=\"width: 624px\" class=\"wp-caption aligncenter\"><a href=\"https:\/\/www.preservons-la-nature.fr\/blog\/wp-content\/uploads\/2011\/01\/DSC0998.jpg\"><img loading=\"lazy\" decoding=\"async\" aria-describedby=\"caption-attachment-54\" class=\"size-full wp-image-54 \" title=\"Enallagma cyathigerum\" src=\"https:\/\/www.preservons-la-nature.fr\/blog\/wp-content\/uploads\/2011\/01\/DSC0998.jpg\" alt=\"Enallagma cyathigerum\" width=\"614\" height=\"410\" srcset=\"https:\/\/preservons-la-nature.fr\/blog\/wp-content\/uploads\/2011\/01\/DSC0998.jpg 1024w, https:\/\/preservons-la-nature.fr\/blog\/wp-content\/uploads\/2011\/01\/DSC0998-300x200.jpg 300w\" sizes=\"auto, (max-width: 614px) 100vw, 614px\" \/><\/a><p id=\"caption-attachment-54\" class=\"wp-caption-text\">Enallagma cyathigerum<\/p><\/div>\n","protected":false},"excerpt":{"rendered":"<p>Voici un fond d&rsquo;\u00e9cran que vous pouvez librement t\u00e9l\u00e9charger :<\/p>\n","protected":false},"author":1,"featured_media":0,"comment_status":"open","ping_status":"open","sticky":false,"template":"","format":"standard","meta":{"footnotes":""},"categories":[139,4],"tags":[5],"class_list":["post-53","post","type-post","status-publish","format-standard","hentry","category-faune-2","category-fond-decran","tag-libellule"],"_links":{"self":[{"href":"https:\/\/preservons-la-nature.fr\/blog\/index.php?rest_route=\/wp\/v2\/posts\/53","targetHints":{"allow":["GET"]}}],"collection":[{"href":"https:\/\/preservons-la-nature.fr\/blog\/index.php?rest_route=\/wp\/v2\/posts"}],"about":[{"href":"https:\/\/preservons-la-nature.fr\/blog\/index.php?rest_route=\/wp\/v2\/types\/post"}],"author":[{"embeddable":true,"href":"https:\/\/preservons-la-nature.fr\/blog\/index.php?rest_route=\/wp\/v2\/users\/1"}],"replies":[{"embeddable":true,"href":"https:\/\/preservons-la-nature.fr\/blog\/index.php?rest_route=%2Fwp%2Fv2%2Fcomments&post=53"}],"version-history":[{"count":4,"href":"https:\/\/preservons-la-nature.fr\/blog\/index.php?rest_route=\/wp\/v2\/posts\/53\/revisions"}],"predecessor-version":[{"id":4140,"href":"https:\/\/preservons-la-nature.fr\/blog\/index.php?rest_route=\/wp\/v2\/posts\/53\/revisions\/4140"}],"wp:attachment":[{"href":"https:\/\/preservons-la-nature.fr\/blog\/index.php?rest_route=%2Fwp%2Fv2%2Fmedia&parent=53"}],"wp:term":[{"taxonomy":"category","embeddable":true,"href":"https:\/\/preservons-la-nature.fr\/blog\/index.php?rest_route=%2Fwp%2Fv2%2Fcategories&post=53"},{"taxonomy":"post_tag","embeddable":true,"href":"https:\/\/preservons-la-nature.fr\/blog\/index.php?rest_route=%2Fwp%2Fv2%2Ftags&post=53"}],"curies":[{"name":"wp","href":"https:\/\/api.w.org\/{rel}","templated":true}]}}