{"id":525,"date":"2011-05-30T14:03:33","date_gmt":"2011-05-30T14:03:33","guid":{"rendered":"https:\/\/www.preservons-la-nature.fr\/blog\/?p=525"},"modified":"2014-02-27T13:52:46","modified_gmt":"2014-02-27T12:52:46","slug":"pris-en-flagrant-delit-de-rejets-deaux-usees-en-loire","status":"publish","type":"post","link":"https:\/\/preservons-la-nature.fr\/blog\/?p=525","title":{"rendered":"Pris en flagrant d\u00e9lit de rejets d&rsquo;eaux us\u00e9es en Loire !"},"content":{"rendered":"<p>Ce beau dimanche apr\u00e8s-midi, nous sommes rest\u00e9s de longues minutes sans voix apr\u00e8s avoir \u00e9t\u00e9 t\u00e9moins d&rsquo;un rejet direct d&rsquo;eaux us\u00e9es en Loire. Il faut dire que nous nous sommes organis\u00e9s depuis quelques jours pour surveiller diff\u00e9rents points en bordure de Loire, apr\u00e8s avoir pass\u00e9 notre temps \u00e0 distribuer plus de 1200 tracts pour informer la population depuis 15 jours, sur les march\u00e9s, devant les stands de l&rsquo;Agglo consacr\u00e9s aux journ\u00e9es du d\u00e9veloppement durable \u00e0 Orl\u00e9ans.<br \/>\nJusqu&rsquo;\u00e0 pr\u00e9sent, nous pensions que les rejets se produisaient uniquement les jours de pluies&#8230; et que des installations \u00e9taient d\u00e9fectueuses. Mais, ce beau dimanche apr\u00e8s-midi, il n&rsquo;y avait aucune raison mais aucune de voir un rejet d&rsquo;eaux charg\u00e9es\u00a0en mati\u00e8res organiques, de lingettes et de serviettes higi\u00e8niques!!! Le matin m\u00eame, au m\u00eame endroit, nous avons vu une eau claire m\u00eame si le fond \u00e9tait constitu\u00e9 d&rsquo;un tapis de lingettes. Nous avions rep\u00e9r\u00e9 ce point noir \u00e0 la Chapelle-Saint-Mesmin quelques jours avant :<\/p>\n<div id=\"attachment_526\" style=\"width: 650px\" class=\"wp-caption aligncenter\"><a href=\"https:\/\/www.preservons-la-nature.fr\/blog\/?attachment_id=526\" rel=\"attachment wp-att-526\"><img loading=\"lazy\" decoding=\"async\" aria-describedby=\"caption-attachment-526\" class=\"size-full wp-image-526 \" title=\"Zone de rejet d'eaux us\u00e9es de la Chapelle Saint-Mesmin\" alt=\"Zone de rejet d'eaux us\u00e9es de la Chapelle Saint-Mesmin\" src=\"https:\/\/www.preservons-la-nature.fr\/blog\/wp-content\/uploads\/2011\/05\/zoneRejetChapelleSaintMesmin.jpg\" width=\"640\" height=\"449\" srcset=\"https:\/\/preservons-la-nature.fr\/blog\/wp-content\/uploads\/2011\/05\/zoneRejetChapelleSaintMesmin.jpg 800w, https:\/\/preservons-la-nature.fr\/blog\/wp-content\/uploads\/2011\/05\/zoneRejetChapelleSaintMesmin-300x210.jpg 300w\" sizes=\"auto, (max-width: 640px) 100vw, 640px\" \/><\/a><p id=\"caption-attachment-526\" class=\"wp-caption-text\">Zone de rejet d&rsquo;eaux us\u00e9es de la Chapelle Saint-Mesmin<\/p><\/div>\n<p>Voici en images ce que nous avons pu observer : les vannes ont \u00e9t\u00e9 ouvertes :<\/p>\n<div id=\"attachment_527\" style=\"width: 650px\" class=\"wp-caption aligncenter\"><a href=\"https:\/\/www.preservons-la-nature.fr\/blog\/?attachment_id=527\" rel=\"attachment wp-att-527\"><img loading=\"lazy\" decoding=\"async\" aria-describedby=\"caption-attachment-527\" class=\"size-full wp-image-527 \" title=\"Ouverture des vannes !!\" alt=\"Ouverture des vannes !!\" src=\"https:\/\/www.preservons-la-nature.fr\/blog\/wp-content\/uploads\/2011\/05\/sortieChapelle.jpg\" width=\"640\" height=\"170\" srcset=\"https:\/\/preservons-la-nature.fr\/blog\/wp-content\/uploads\/2011\/05\/sortieChapelle.jpg 800w, https:\/\/preservons-la-nature.fr\/blog\/wp-content\/uploads\/2011\/05\/sortieChapelle-300x79.jpg 300w\" sizes=\"auto, (max-width: 640px) 100vw, 640px\" \/><\/a><p id=\"caption-attachment-527\" class=\"wp-caption-text\">Ouverture des vannes !!<\/p><\/div>\n<p>Observez maintenant le rejet d&rsquo;eaux us\u00e9es dans les eaux limpides et peu profondes de la Loire :<\/p>\n<div id=\"attachment_528\" style=\"width: 650px\" class=\"wp-caption aligncenter\"><a href=\"https:\/\/www.preservons-la-nature.fr\/blog\/?attachment_id=528\" rel=\"attachment wp-att-528\"><img loading=\"lazy\" decoding=\"async\" aria-describedby=\"caption-attachment-528\" class=\"size-full wp-image-528 \" title=\"Nous sommes sans mot de longues minutes, compl\u00e8tement catastroph\u00e9s\" alt=\"Nous sommes sans mot de longues minutes, compl\u00e8tement catastroph\u00e9s\" src=\"https:\/\/www.preservons-la-nature.fr\/blog\/wp-content\/uploads\/2011\/05\/chapelleOuvertureDesVannes.jpg\" width=\"640\" height=\"560\" srcset=\"https:\/\/preservons-la-nature.fr\/blog\/wp-content\/uploads\/2011\/05\/chapelleOuvertureDesVannes.jpg 800w, https:\/\/preservons-la-nature.fr\/blog\/wp-content\/uploads\/2011\/05\/chapelleOuvertureDesVannes-300x262.jpg 300w\" sizes=\"auto, (max-width: 640px) 100vw, 640px\" \/><\/a><p id=\"caption-attachment-528\" class=\"wp-caption-text\">Nous sommes sans mot de longues minutes, compl\u00e8tement catastroph\u00e9s<\/p><\/div>\n<p>Voici un agrandissement de la zone de m\u00e9lange des eaux :<\/p>\n<div id=\"attachment_531\" style=\"width: 560px\" class=\"wp-caption aligncenter\"><a href=\"https:\/\/www.preservons-la-nature.fr\/blog\/?attachment_id=531\" rel=\"attachment wp-att-531\"><img loading=\"lazy\" decoding=\"async\" aria-describedby=\"caption-attachment-531\" class=\"size-full wp-image-531 \" title=\"M\u00e9lange des eaux\" alt=\"M\u00e9lange des eaux\" src=\"https:\/\/www.preservons-la-nature.fr\/blog\/wp-content\/uploads\/2011\/05\/detailrejetchapelle.jpg\" width=\"550\" height=\"367\" srcset=\"https:\/\/preservons-la-nature.fr\/blog\/wp-content\/uploads\/2011\/05\/detailrejetchapelle.jpg 688w, https:\/\/preservons-la-nature.fr\/blog\/wp-content\/uploads\/2011\/05\/detailrejetchapelle-300x200.jpg 300w\" sizes=\"auto, (max-width: 550px) 100vw, 550px\" \/><\/a><p id=\"caption-attachment-531\" class=\"wp-caption-text\">M\u00e9lange des eaux<\/p><\/div>\n<p>Plus haut, un local sous terre g\u00e9n\u00e8re un bruit de moteur et on entend l&rsquo;eau couler en grande quantit\u00e9 :<\/p>\n<div id=\"attachment_532\" style=\"width: 650px\" class=\"wp-caption aligncenter\"><a href=\"https:\/\/www.preservons-la-nature.fr\/blog\/?attachment_id=532\" rel=\"attachment wp-att-532\"><img loading=\"lazy\" decoding=\"async\" aria-describedby=\"caption-attachment-532\" class=\"size-full wp-image-532 \" title=\"Bruits de moteur et d'\u00e9coulement d'eaux\" alt=\"Bruits de moteur et d'\u00e9coulement d'eaux\" src=\"https:\/\/www.preservons-la-nature.fr\/blog\/wp-content\/uploads\/2011\/05\/BruitsMoteurEtEaux.jpg\" width=\"640\" height=\"340\" srcset=\"https:\/\/preservons-la-nature.fr\/blog\/wp-content\/uploads\/2011\/05\/BruitsMoteurEtEaux.jpg 800w, https:\/\/preservons-la-nature.fr\/blog\/wp-content\/uploads\/2011\/05\/BruitsMoteurEtEaux-300x159.jpg 300w\" sizes=\"auto, (max-width: 640px) 100vw, 640px\" \/><\/a><p id=\"caption-attachment-532\" class=\"wp-caption-text\">Bruits de moteur et d&rsquo;\u00e9coulement d&rsquo;eaux<\/p><\/div>\n<p>Quelles conclusions pouvons-nous tirer de ce rejet ?<br \/>\n1\/Il est clair d\u00e9sormais qu&rsquo;il n&rsquo;existe pas qu&rsquo;un seul point noir dans l&rsquo;Agglom\u00e9ration orl\u00e9anaise.<br \/>\n2\/ On ne peut ici invoquer que\u00a0des eaux us\u00e9es se retrouvent dans le r\u00e9seau d&rsquo;eaux pluviales apr\u00e8s un \u00e9pisode de pluies : Il n&rsquo;a pas plu depuis plusieurs jours\u00a0!<br \/>\n3\/ Il s&rsquo;agit d&rsquo;une op\u00e9ration soit volontaire, soit automatique de rejets d&rsquo;eaux us\u00e9es en Loire.<\/p>\n<p>Se posent \u00e9videmment d&rsquo;autres questions dont nous n&rsquo;avons pas la r\u00e9ponse :<br \/>\n1\/ Pourquoi de tels rejets ?<br \/>\n2\/ La canalisation reliant Orl\u00e9ans \u00e0 la station d&rsquo;\u00e9puration de la Chapelle Saint-Mesmin est-elle suffisamment dimensionn\u00e9e ?<br \/>\n3\/ N&rsquo;est-elle pas endommag\u00e9e en plusieurs endroits ?<br \/>\n4\/ S&rsquo;il s&rsquo;agit d&rsquo;une conduite d&rsquo;eaux pluviales, que font des eaux us\u00e9es dans celle-ci ?<\/p>\n<p>Ce qui est certain, c&rsquo;est que l&rsquo;Agglom\u00e9ration a parfaitement conscience des probl\u00e8mes car des op\u00e9rations de nettoyage ont lieu r\u00e8guli\u00e8rement sur les diff\u00e9rentes\u00a0zones d&rsquo;\u00e9vacuation d&rsquo;eaux pluviales. La mairie de Saint-Jean-de-la-Ruelle nous a confirm\u00e9 que c&rsquo;\u00e9tait bien le personnel de l&rsquo;Agglo et non la commune qui nettoyait les grilles remplies de lingettes de l&rsquo;\u00e9vacuation de la Chilesse.<\/p>\n<p>Nous allons continuer notre surveillance, nos investigations. Nous consacrerons encore notre temps \u00e0 informer la population. Nous comptons dans les prochains jours nous inviter sur le parcours de la Loire \u00e0 v\u00e9lo pour informer les touristes de cette trag\u00e9die.\u00a0A ce jour, voici les interlocuteurs que nous avons alert\u00e9s\u00a0:<br \/>\n1\/\u00a0L&rsquo;Agglo (envoi d&rsquo;un courrier + contact web) &#8211;&gt; pas de r\u00e9ponse<br \/>\n2\/\u00a0Mairie d&rsquo;Orl\u00e9ans (contact web) &#8211;&gt; pas de r\u00e9ponse<br \/>\n3\/\u00a0Jean-Philippe GRAND, conseiller r\u00e9gional et conseil municipal d&rsquo;Orl\u00e9ans\u00a0(contact web) &#8211;&gt; Envoi d&rsquo;un courrier \u00e0 l&rsquo;Agglo, a obtenu une r\u00e9ponse, souhaite en rester l\u00e0. Il nous soutiendra lorsque nous percerons dans les medias.<br \/>\n4\/ Mairie de Saint-Jean-de-la-Ruelle (contact web + contact de monsieur GRAND) &#8211;&gt; Monsieur LAVAL suit le dossier avec attention.<br \/>\n5\/ Madame Leveleux-Texeira (discussion sur un march\u00e9) &#8211;&gt; a contact\u00e9 les \u00e9lus d&rsquo;opposition &#8211;&gt; consid\u00e8rent que l&rsquo;Agglo a apport\u00e9 une r\u00e9ponse.<br \/>\n6\/ Conseil R\u00e9gional (contact web) &#8211;&gt; R\u00e9ponse du service biodiversit\u00e9 : il s&rsquo;agit de la responsabilit\u00e9 de l&rsquo;Agglo<br \/>\n7\/ Madame Pascal Rossler, Conseill\u00e8re r\u00e9gionale,\u00a0ancienne connaissance de Loiret Nature Environnement\u00a0(contact Email) &#8211;&gt; aucune r\u00e9ponse<br \/>\n8\/ Monsieur Herpin,\u00a0Secr\u00e9taire d&rsquo;Europe Ecologie &#8211; Les Verts Orl\u00e9anais (contact web) &#8211;&gt; suit le dossier avec attention<br \/>\n9\/ Loiret Nature Environnement (contact web) &#8211;&gt; l&rsquo;association a envoy\u00e9 un courrier \u00e0 l&rsquo;Agglo<br \/>\n10\/ Greenpeace (contact web) &#8211;&gt; n&rsquo;a pas les effectifs n\u00e9cessaires et de campagnes en rapport pour intervenir.<br \/>\n11\/ Good Planet (Arthus-Bertrand) (contact web) &#8211;&gt; n&rsquo;a pas les effectifs n\u00e9cessaires.<br \/>\n12\/ Fondation pour l&rsquo;Homme et la Nature (ex Nicolas Hulot) (contact web)\u00a0&#8211;&gt; n&rsquo;a pas les effectifs et renvoie vers France Nature Environnement<br \/>\n13\/ France nature Environnement (contact Web) &#8211;&gt; aucune r\u00e9ponse<br \/>\n14\/ le WWF (contact Web) &#8211;&gt; aucune r\u00e9ponse<br \/>\n15\/ Cyrille Deshaye du WWF (contact email) &#8211;&gt; aucune r\u00e9ponse<br \/>\n16\/ Martin Arnould du WWF (contact email) &#8211;&gt; aucune r\u00e9ponse<br \/>\n17\/ Loire Nature (site) (contact Web) &#8211;&gt; aucune r\u00e9ponse<br \/>\n18\/ SOS Loire Vivante (contact Web) &#8211;&gt; aucune r\u00e9ponse<br \/>\n19\/ Association Loire Sauvage &#8211;&gt; un message d&rsquo;encouragement<br \/>\n20\/ La Tribune d&rsquo;Orl\u00e9ans &#8211;&gt; quatre lignes sur le sujet publi\u00e9es en mars.<br \/>\n21\/ La R\u00e9publique du Centre &#8211;&gt; Rien de publi\u00e9 \u00e0 ce jour<br \/>\n22\/ France 3 Ile de France-Centre &#8211;&gt; redirection vers la r\u00e9daction de France 3 Centre &#8211;&gt; en attente d&rsquo;une r\u00e9ponse depuis plusieurs semaines<br \/>\n23\/ Nature Centre (Contact Web)\u00a0&#8211;&gt; Pas de r\u00e9ponse<br \/>\n24\/ Le conservatoire \u00e0 Orl\u00e9ans (Contact Web)\u00a0&#8211;&gt; Pas de r\u00e9ponse<br \/>\n25\/ La Ligue de Protection des Oiseaux (contact Web et lettre)\u00a0&#8211;&gt; R\u00e9ponse : nous transf\u00e9rons \u00e0 notre d\u00e9partement sp\u00e9cialis\u00e9 Loire<br \/>\n26\/ La Mission Val-De-Loire (contact Web) &#8211;&gt; Pas de r\u00e9ponse<br \/>\n&#8230;<\/p>\n","protected":false},"excerpt":{"rendered":"<p>Ce beau dimanche apr\u00e8s-midi, nous sommes rest\u00e9s de longues minutes sans voix apr\u00e8s avoir \u00e9t\u00e9 t\u00e9moins d&rsquo;un rejet direct d&rsquo;eaux us\u00e9es en Loire. Il faut dire que nous nous sommes organis\u00e9s depuis quelques jours pour surveiller diff\u00e9rents points en bordure &hellip; <a href=\"https:\/\/preservons-la-nature.fr\/blog\/?p=525\">Continuer la lecture <span class=\"meta-nav\">&rarr;<\/span><\/a><\/p>\n","protected":false},"author":1,"featured_media":0,"comment_status":"open","ping_status":"open","sticky":false,"template":"","format":"standard","meta":{"footnotes":""},"categories":[93,3],"tags":[40,7,24,13,39],"class_list":["post-525","post","type-post","status-publish","format-standard","hentry","category-dossier-eaux-usees-a-orleans","category-laloire","tag-chapelle-saint-mesmin","tag-loire","tag-orleans","tag-pollution","tag-saint-jean-de-la-ruelle"],"_links":{"self":[{"href":"https:\/\/preservons-la-nature.fr\/blog\/index.php?rest_route=\/wp\/v2\/posts\/525","targetHints":{"allow":["GET"]}}],"collection":[{"href":"https:\/\/preservons-la-nature.fr\/blog\/index.php?rest_route=\/wp\/v2\/posts"}],"about":[{"href":"https:\/\/preservons-la-nature.fr\/blog\/index.php?rest_route=\/wp\/v2\/types\/post"}],"author":[{"embeddable":true,"href":"https:\/\/preservons-la-nature.fr\/blog\/index.php?rest_route=\/wp\/v2\/users\/1"}],"replies":[{"embeddable":true,"href":"https:\/\/preservons-la-nature.fr\/blog\/index.php?rest_route=%2Fwp%2Fv2%2Fcomments&post=525"}],"version-history":[{"count":27,"href":"https:\/\/preservons-la-nature.fr\/blog\/index.php?rest_route=\/wp\/v2\/posts\/525\/revisions"}],"predecessor-version":[{"id":2536,"href":"https:\/\/preservons-la-nature.fr\/blog\/index.php?rest_route=\/wp\/v2\/posts\/525\/revisions\/2536"}],"wp:attachment":[{"href":"https:\/\/preservons-la-nature.fr\/blog\/index.php?rest_route=%2Fwp%2Fv2%2Fmedia&parent=525"}],"wp:term":[{"taxonomy":"category","embeddable":true,"href":"https:\/\/preservons-la-nature.fr\/blog\/index.php?rest_route=%2Fwp%2Fv2%2Fcategories&post=525"},{"taxonomy":"post_tag","embeddable":true,"href":"https:\/\/preservons-la-nature.fr\/blog\/index.php?rest_route=%2Fwp%2Fv2%2Ftags&post=525"}],"curies":[{"name":"wp","href":"https:\/\/api.w.org\/{rel}","templated":true}]}}