{"id":50,"date":"2011-01-16T06:29:10","date_gmt":"2011-01-16T06:29:10","guid":{"rendered":"https:\/\/www.preservons-la-nature.fr\/blog\/?p=50"},"modified":"2014-11-11T16:27:44","modified_gmt":"2014-11-11T15:27:44","slug":"fond-decran-a-telecharger-4","status":"publish","type":"post","link":"https:\/\/preservons-la-nature.fr\/blog\/?p=50","title":{"rendered":"Calopteryx splendens"},"content":{"rendered":"<p>Voici un fond d&rsquo;\u00e9cran que vous pouvez librement t\u00e9l\u00e9charger :<\/p>\n<div id=\"attachment_51\" style=\"width: 624px\" class=\"wp-caption aligncenter\"><a href=\"https:\/\/www.preservons-la-nature.fr\/blog\/wp-content\/uploads\/2011\/01\/DSC4185.jpg\"><img loading=\"lazy\" decoding=\"async\" aria-describedby=\"caption-attachment-51\" class=\"size-full wp-image-51 \" title=\"Calopteryx splendens\" src=\"https:\/\/www.preservons-la-nature.fr\/blog\/wp-content\/uploads\/2011\/01\/DSC4185.jpg\" alt=\"Calopteryx splendens\" width=\"614\" height=\"410\" srcset=\"https:\/\/preservons-la-nature.fr\/blog\/wp-content\/uploads\/2011\/01\/DSC4185.jpg 1024w, https:\/\/preservons-la-nature.fr\/blog\/wp-content\/uploads\/2011\/01\/DSC4185-300x200.jpg 300w\" sizes=\"auto, (max-width: 614px) 100vw, 614px\" \/><\/a><p id=\"caption-attachment-51\" class=\"wp-caption-text\">Calopteryx splendens<\/p><\/div>\n","protected":false},"excerpt":{"rendered":"<p>Voici un fond d&rsquo;\u00e9cran que vous pouvez librement t\u00e9l\u00e9charger :<\/p>\n","protected":false},"author":1,"featured_media":0,"comment_status":"open","ping_status":"open","sticky":false,"template":"","format":"standard","meta":{"footnotes":""},"categories":[139,4],"tags":[5],"class_list":["post-50","post","type-post","status-publish","format-standard","hentry","category-faune-2","category-fond-decran","tag-libellule"],"_links":{"self":[{"href":"https:\/\/preservons-la-nature.fr\/blog\/index.php?rest_route=\/wp\/v2\/posts\/50","targetHints":{"allow":["GET"]}}],"collection":[{"href":"https:\/\/preservons-la-nature.fr\/blog\/index.php?rest_route=\/wp\/v2\/posts"}],"about":[{"href":"https:\/\/preservons-la-nature.fr\/blog\/index.php?rest_route=\/wp\/v2\/types\/post"}],"author":[{"embeddable":true,"href":"https:\/\/preservons-la-nature.fr\/blog\/index.php?rest_route=\/wp\/v2\/users\/1"}],"replies":[{"embeddable":true,"href":"https:\/\/preservons-la-nature.fr\/blog\/index.php?rest_route=%2Fwp%2Fv2%2Fcomments&post=50"}],"version-history":[{"count":3,"href":"https:\/\/preservons-la-nature.fr\/blog\/index.php?rest_route=\/wp\/v2\/posts\/50\/revisions"}],"predecessor-version":[{"id":4141,"href":"https:\/\/preservons-la-nature.fr\/blog\/index.php?rest_route=\/wp\/v2\/posts\/50\/revisions\/4141"}],"wp:attachment":[{"href":"https:\/\/preservons-la-nature.fr\/blog\/index.php?rest_route=%2Fwp%2Fv2%2Fmedia&parent=50"}],"wp:term":[{"taxonomy":"category","embeddable":true,"href":"https:\/\/preservons-la-nature.fr\/blog\/index.php?rest_route=%2Fwp%2Fv2%2Fcategories&post=50"},{"taxonomy":"post_tag","embeddable":true,"href":"https:\/\/preservons-la-nature.fr\/blog\/index.php?rest_route=%2Fwp%2Fv2%2Ftags&post=50"}],"curies":[{"name":"wp","href":"https:\/\/api.w.org\/{rel}","templated":true}]}}