{"id":466,"date":"2011-05-24T11:33:48","date_gmt":"2011-05-24T11:33:48","guid":{"rendered":"https:\/\/www.preservons-la-nature.fr\/blog\/?p=466"},"modified":"2014-02-27T13:52:46","modified_gmt":"2014-02-27T12:52:46","slug":"des-eaux-usees-egalement-en-loire-a-saint-denis-de-lhotel-loiret","status":"publish","type":"post","link":"https:\/\/preservons-la-nature.fr\/blog\/?p=466","title":{"rendered":"Des eaux us\u00e9es \u00e9galement en Loire \u00e0 Saint Denis de l&rsquo;h\u00f4tel (Loiret) ?"},"content":{"rendered":"<p>Retrouvez l&rsquo;historique complet de nos articles concernant les rejets d&rsquo;eaux us\u00e9es en Loire : <a href=\"https:\/\/www.preservons-la-nature.fr\/blog\/?tag=pollution\">ICI<\/a><\/p>\n<p>En r\u00e9action \u00e0 notre s\u00e9rie d&rsquo;articles concernant les rejets d&rsquo;eaux us\u00e9es en Loire par l&rsquo;Agglom\u00e9ration orl\u00e9anaise, monsieur Drey nous a signal\u00e9 \u00e9galement des rejets d&rsquo;eaux us\u00e9es en Loire \u00e0 Saint-Denis-de-L&rsquo;h\u00f4tel dans le loiret. Voici ce que nous rapporte cet habitant de la commune :<\/p>\n<p><em>Je suis scandalis\u00e9 par ce genre de pollution, il est pire que l\u2019incivilit\u00e9 dont fait preuve certaine personne qui d\u00e9verse des ordures en pleine nature. <strong>Je voulais vous faire part du m\u00eame type de pollution \u00e0 saint Denis de l\u2019h\u00f4tel<\/strong>, \u00e0 200m en aval du pont il y a un premier d\u00e9versement d\u2019eau pluviale dans lequel on peut voir et sentir une eau charg\u00e9e de polluants que je n\u2019ai pas encore\u00a0identifi\u00e9s, mais qui ressemblent \u00e0 des polluants genre lessive, il y a un deuxi\u00e8me d\u00e9versement d\u2019eau de pluie 100 m\u00e8tres plus loin en aval, \u00e0 cet endroit, apr\u00e8s un orage j\u2019ai vu sortir de la buse<strong> des serviettes hygi\u00e9niques, du papier toilettes et des excr\u00e9ments!<\/strong> les branchements sauvages doivent \u00eatre \u00e9limin\u00e9s sans d\u00e9lais, <strong>les communes sont responsables de ce genre de pollution.<\/strong><\/em><\/p>\n<p>A titre d&rsquo;illustration, voici ce que l&rsquo;on aper\u00e7oit sur certaines berges de Loire :<\/p>\n<div id=\"attachment_467\" style=\"width: 500px\" class=\"wp-caption aligncenter\"><a href=\"https:\/\/www.preservons-la-nature.fr\/blog\/?attachment_id=467\" rel=\"attachment wp-att-467\"><img loading=\"lazy\" decoding=\"async\" aria-describedby=\"caption-attachment-467\" class=\"size-full wp-image-467 \" title=\"Lingettes incrust\u00e9es dans la v\u00e9g\u00e9tation\" alt=\"Lingettes incrust\u00e9es dans la v\u00e9g\u00e9tation\" src=\"https:\/\/www.preservons-la-nature.fr\/blog\/wp-content\/uploads\/2011\/05\/DSC08854.jpg\" width=\"490\" height=\"327\" srcset=\"https:\/\/preservons-la-nature.fr\/blog\/wp-content\/uploads\/2011\/05\/DSC08854.jpg 700w, https:\/\/preservons-la-nature.fr\/blog\/wp-content\/uploads\/2011\/05\/DSC08854-300x200.jpg 300w\" sizes=\"auto, (max-width: 490px) 100vw, 490px\" \/><\/a><p id=\"caption-attachment-467\" class=\"wp-caption-text\">Lingettes incrust\u00e9es dans la v\u00e9g\u00e9tation<\/p><\/div>\n<p>On peut \u00e9galement observer au fond de la Loire, des lingettes qui ne se biod\u00e9gradent pas :<\/p>\n<div id=\"attachment_468\" style=\"width: 500px\" class=\"wp-caption aligncenter\"><a href=\"https:\/\/www.preservons-la-nature.fr\/blog\/?attachment_id=468\" rel=\"attachment wp-att-468\"><img loading=\"lazy\" decoding=\"async\" aria-describedby=\"caption-attachment-468\" class=\"size-full wp-image-468 \" title=\"Lingettes au fond\" alt=\"Lingettes au fond\" src=\"https:\/\/www.preservons-la-nature.fr\/blog\/wp-content\/uploads\/2011\/05\/DSC08841.jpg\" width=\"490\" height=\"327\" srcset=\"https:\/\/preservons-la-nature.fr\/blog\/wp-content\/uploads\/2011\/05\/DSC08841.jpg 700w, https:\/\/preservons-la-nature.fr\/blog\/wp-content\/uploads\/2011\/05\/DSC08841-300x200.jpg 300w\" sizes=\"auto, (max-width: 490px) 100vw, 490px\" \/><\/a><p id=\"caption-attachment-468\" class=\"wp-caption-text\">Lingettes au fond<\/p><\/div>\n<div id=\"attachment_469\" style=\"width: 500px\" class=\"wp-caption aligncenter\"><a href=\"https:\/\/www.preservons-la-nature.fr\/blog\/?attachment_id=469\" rel=\"attachment wp-att-469\"><img loading=\"lazy\" decoding=\"async\" aria-describedby=\"caption-attachment-469\" class=\"size-full wp-image-469 \" title=\"Lingettes au fond\" alt=\"Lingettes au fond\" src=\"https:\/\/www.preservons-la-nature.fr\/blog\/wp-content\/uploads\/2011\/05\/DSC08842.jpg\" width=\"490\" height=\"327\" srcset=\"https:\/\/preservons-la-nature.fr\/blog\/wp-content\/uploads\/2011\/05\/DSC08842.jpg 700w, https:\/\/preservons-la-nature.fr\/blog\/wp-content\/uploads\/2011\/05\/DSC08842-300x200.jpg 300w\" sizes=\"auto, (max-width: 490px) 100vw, 490px\" \/><\/a><p id=\"caption-attachment-469\" class=\"wp-caption-text\">Lingettes au fond<\/p><\/div>\n<div id=\"attachment_470\" style=\"width: 500px\" class=\"wp-caption aligncenter\"><a href=\"https:\/\/www.preservons-la-nature.fr\/blog\/?attachment_id=470\" rel=\"attachment wp-att-470\"><img loading=\"lazy\" decoding=\"async\" aria-describedby=\"caption-attachment-470\" class=\"size-full wp-image-470 \" title=\"Lingettes au fond\" alt=\"Lingettes au fond\" src=\"https:\/\/www.preservons-la-nature.fr\/blog\/wp-content\/uploads\/2011\/05\/DSC08844.jpg\" width=\"490\" height=\"327\" srcset=\"https:\/\/preservons-la-nature.fr\/blog\/wp-content\/uploads\/2011\/05\/DSC08844.jpg 700w, https:\/\/preservons-la-nature.fr\/blog\/wp-content\/uploads\/2011\/05\/DSC08844-300x200.jpg 300w\" sizes=\"auto, (max-width: 490px) 100vw, 490px\" \/><\/a><p id=\"caption-attachment-470\" class=\"wp-caption-text\">Lingettes au fond<\/p><\/div>\n<div id=\"attachment_471\" style=\"width: 500px\" class=\"wp-caption aligncenter\"><a href=\"https:\/\/www.preservons-la-nature.fr\/blog\/?attachment_id=471\" rel=\"attachment wp-att-471\"><img loading=\"lazy\" decoding=\"async\" aria-describedby=\"caption-attachment-471\" class=\"size-full wp-image-471 \" title=\"Un tapis de lingettes\" alt=\"Un tapis de lingettes\" src=\"https:\/\/www.preservons-la-nature.fr\/blog\/wp-content\/uploads\/2011\/05\/DSC08847.jpg\" width=\"490\" height=\"327\" srcset=\"https:\/\/preservons-la-nature.fr\/blog\/wp-content\/uploads\/2011\/05\/DSC08847.jpg 700w, https:\/\/preservons-la-nature.fr\/blog\/wp-content\/uploads\/2011\/05\/DSC08847-300x200.jpg 300w\" sizes=\"auto, (max-width: 490px) 100vw, 490px\" \/><\/a><p id=\"caption-attachment-471\" class=\"wp-caption-text\">Un tapis de lingettes<\/p><\/div>\n","protected":false},"excerpt":{"rendered":"<p>Retrouvez l&rsquo;historique complet de nos articles concernant les rejets d&rsquo;eaux us\u00e9es en Loire : ICI En r\u00e9action \u00e0 notre s\u00e9rie d&rsquo;articles concernant les rejets d&rsquo;eaux us\u00e9es en Loire par l&rsquo;Agglom\u00e9ration orl\u00e9anaise, monsieur Drey nous a signal\u00e9 \u00e9galement des rejets d&rsquo;eaux &hellip; <a href=\"https:\/\/preservons-la-nature.fr\/blog\/?p=466\">Continuer la lecture <span class=\"meta-nav\">&rarr;<\/span><\/a><\/p>\n","protected":false},"author":1,"featured_media":0,"comment_status":"open","ping_status":"open","sticky":false,"template":"","format":"standard","meta":{"footnotes":""},"categories":[93,3],"tags":[7,13,41],"class_list":["post-466","post","type-post","status-publish","format-standard","hentry","category-dossier-eaux-usees-a-orleans","category-laloire","tag-loire","tag-pollution","tag-saint-denis-de-lhotel"],"_links":{"self":[{"href":"https:\/\/preservons-la-nature.fr\/blog\/index.php?rest_route=\/wp\/v2\/posts\/466","targetHints":{"allow":["GET"]}}],"collection":[{"href":"https:\/\/preservons-la-nature.fr\/blog\/index.php?rest_route=\/wp\/v2\/posts"}],"about":[{"href":"https:\/\/preservons-la-nature.fr\/blog\/index.php?rest_route=\/wp\/v2\/types\/post"}],"author":[{"embeddable":true,"href":"https:\/\/preservons-la-nature.fr\/blog\/index.php?rest_route=\/wp\/v2\/users\/1"}],"replies":[{"embeddable":true,"href":"https:\/\/preservons-la-nature.fr\/blog\/index.php?rest_route=%2Fwp%2Fv2%2Fcomments&post=466"}],"version-history":[{"count":7,"href":"https:\/\/preservons-la-nature.fr\/blog\/index.php?rest_route=\/wp\/v2\/posts\/466\/revisions"}],"predecessor-version":[{"id":474,"href":"https:\/\/preservons-la-nature.fr\/blog\/index.php?rest_route=\/wp\/v2\/posts\/466\/revisions\/474"}],"wp:attachment":[{"href":"https:\/\/preservons-la-nature.fr\/blog\/index.php?rest_route=%2Fwp%2Fv2%2Fmedia&parent=466"}],"wp:term":[{"taxonomy":"category","embeddable":true,"href":"https:\/\/preservons-la-nature.fr\/blog\/index.php?rest_route=%2Fwp%2Fv2%2Fcategories&post=466"},{"taxonomy":"post_tag","embeddable":true,"href":"https:\/\/preservons-la-nature.fr\/blog\/index.php?rest_route=%2Fwp%2Fv2%2Ftags&post=466"}],"curies":[{"name":"wp","href":"https:\/\/api.w.org\/{rel}","templated":true}]}}