{"id":45,"date":"2011-01-15T08:30:19","date_gmt":"2011-01-15T08:30:19","guid":{"rendered":"https:\/\/www.preservons-la-nature.fr\/blog\/?p=45"},"modified":"2014-11-11T16:28:22","modified_gmt":"2014-11-11T15:28:22","slug":"fond-decran-a-telecharger-3","status":"publish","type":"post","link":"https:\/\/preservons-la-nature.fr\/blog\/?p=45","title":{"rendered":"Rhagonycha fulva"},"content":{"rendered":"<p>Voici un fond d&rsquo;\u00e9cran que vous pouvez librement t\u00e9l\u00e9charger :<\/p>\n<div id=\"attachment_46\" style=\"width: 624px\" class=\"wp-caption aligncenter\"><a href=\"https:\/\/www.preservons-la-nature.fr\/blog\/wp-content\/uploads\/2011\/01\/DSC4176.jpg\"><img loading=\"lazy\" decoding=\"async\" aria-describedby=\"caption-attachment-46\" class=\"size-full wp-image-46 \" title=\"Rhagonycha fulva\" src=\"https:\/\/www.preservons-la-nature.fr\/blog\/wp-content\/uploads\/2011\/01\/DSC4176.jpg\" alt=\"Rhagonycha fulva\" width=\"614\" height=\"410\" srcset=\"https:\/\/preservons-la-nature.fr\/blog\/wp-content\/uploads\/2011\/01\/DSC4176.jpg 1024w, https:\/\/preservons-la-nature.fr\/blog\/wp-content\/uploads\/2011\/01\/DSC4176-300x200.jpg 300w\" sizes=\"auto, (max-width: 614px) 100vw, 614px\" \/><\/a><p id=\"caption-attachment-46\" class=\"wp-caption-text\">Rhagonycha fulva<\/p><\/div>\n","protected":false},"excerpt":{"rendered":"<p>Voici un fond d&rsquo;\u00e9cran que vous pouvez librement t\u00e9l\u00e9charger :<\/p>\n","protected":false},"author":1,"featured_media":0,"comment_status":"open","ping_status":"open","sticky":false,"template":"","format":"standard","meta":{"footnotes":""},"categories":[139,4],"tags":[],"class_list":["post-45","post","type-post","status-publish","format-standard","hentry","category-faune-2","category-fond-decran"],"_links":{"self":[{"href":"https:\/\/preservons-la-nature.fr\/blog\/index.php?rest_route=\/wp\/v2\/posts\/45","targetHints":{"allow":["GET"]}}],"collection":[{"href":"https:\/\/preservons-la-nature.fr\/blog\/index.php?rest_route=\/wp\/v2\/posts"}],"about":[{"href":"https:\/\/preservons-la-nature.fr\/blog\/index.php?rest_route=\/wp\/v2\/types\/post"}],"author":[{"embeddable":true,"href":"https:\/\/preservons-la-nature.fr\/blog\/index.php?rest_route=\/wp\/v2\/users\/1"}],"replies":[{"embeddable":true,"href":"https:\/\/preservons-la-nature.fr\/blog\/index.php?rest_route=%2Fwp%2Fv2%2Fcomments&post=45"}],"version-history":[{"count":3,"href":"https:\/\/preservons-la-nature.fr\/blog\/index.php?rest_route=\/wp\/v2\/posts\/45\/revisions"}],"predecessor-version":[{"id":4143,"href":"https:\/\/preservons-la-nature.fr\/blog\/index.php?rest_route=\/wp\/v2\/posts\/45\/revisions\/4143"}],"wp:attachment":[{"href":"https:\/\/preservons-la-nature.fr\/blog\/index.php?rest_route=%2Fwp%2Fv2%2Fmedia&parent=45"}],"wp:term":[{"taxonomy":"category","embeddable":true,"href":"https:\/\/preservons-la-nature.fr\/blog\/index.php?rest_route=%2Fwp%2Fv2%2Fcategories&post=45"},{"taxonomy":"post_tag","embeddable":true,"href":"https:\/\/preservons-la-nature.fr\/blog\/index.php?rest_route=%2Fwp%2Fv2%2Ftags&post=45"}],"curies":[{"name":"wp","href":"https:\/\/api.w.org\/{rel}","templated":true}]}}