{"id":4275,"date":"2015-12-28T15:58:39","date_gmt":"2015-12-28T14:58:39","guid":{"rendered":"https:\/\/www.preservons-la-nature.fr\/blog\/?p=4275"},"modified":"2015-12-29T15:55:38","modified_gmt":"2015-12-29T14:55:38","slug":"la-flore-de-la-cote-rocheuse-des-alberes-pyrenees-orientales","status":"publish","type":"post","link":"https:\/\/preservons-la-nature.fr\/blog\/?p=4275","title":{"rendered":"La flore de la c\u00f4te rocheuse des Alb\u00e8res (Pyr\u00e9n\u00e9es-orientales)"},"content":{"rendered":"<p>Les Alb\u00e8res se situent dans les Pyr\u00e9n\u00e9es orientales \u00e0 proximit\u00e9 de l\u2019Espagne.<\/p>\n<div id=\"attachment_4278\" style=\"width: 650px\" class=\"wp-caption aligncenter\"><a href=\"https:\/\/www.preservons-la-nature.fr\/blog\/wp-content\/uploads\/2015\/12\/carte_alberes.jpg\"><img loading=\"lazy\" decoding=\"async\" aria-describedby=\"caption-attachment-4278\" class=\"size-large wp-image-4278\" src=\"https:\/\/www.preservons-la-nature.fr\/blog\/wp-content\/uploads\/2015\/12\/carte_alberes-1000x788.jpg\" alt=\"Pyr\u00e9n\u00e9es-orientales\" width=\"640\" height=\"504\" srcset=\"https:\/\/preservons-la-nature.fr\/blog\/wp-content\/uploads\/2015\/12\/carte_alberes.jpg 1000w, https:\/\/preservons-la-nature.fr\/blog\/wp-content\/uploads\/2015\/12\/carte_alberes-300x236.jpg 300w\" sizes=\"auto, (max-width: 640px) 100vw, 640px\" \/><\/a><p id=\"caption-attachment-4278\" class=\"wp-caption-text\">Pyr\u00e9n\u00e9es-orientales<\/p><\/div>\n<p>Nous avons observ\u00e9 la flore \u00e0 proximit\u00e9 de Cerb\u00e8re pr\u00e8s de la fronti\u00e8re espagnole et la flore de Banyuls-sur-Mer.<\/p>\n<div id=\"attachment_4279\" style=\"width: 650px\" class=\"wp-caption aligncenter\"><a href=\"https:\/\/www.preservons-la-nature.fr\/blog\/wp-content\/uploads\/2015\/12\/Stations_Alberes.jpg\"><img loading=\"lazy\" decoding=\"async\" aria-describedby=\"caption-attachment-4279\" class=\"size-large wp-image-4279\" src=\"https:\/\/www.preservons-la-nature.fr\/blog\/wp-content\/uploads\/2015\/12\/Stations_Alberes-1000x690.jpg\" alt=\"Quelques stations des Alberes\" width=\"640\" height=\"442\" srcset=\"https:\/\/preservons-la-nature.fr\/blog\/wp-content\/uploads\/2015\/12\/Stations_Alberes-1000x690.jpg 1000w, https:\/\/preservons-la-nature.fr\/blog\/wp-content\/uploads\/2015\/12\/Stations_Alberes-300x207.jpg 300w, https:\/\/preservons-la-nature.fr\/blog\/wp-content\/uploads\/2015\/12\/Stations_Alberes.jpg 1066w\" sizes=\"auto, (max-width: 640px) 100vw, 640px\" \/><\/a><p id=\"caption-attachment-4279\" class=\"wp-caption-text\">Quelques stations des Alberes<\/p><\/div>\n<p>La c\u00f4te rocheuse des Alb\u00e8res constitue les derniers reliefs \u00e0 l\u2019est de la chaine des Pyr\u00e9n\u00e9es. Cette zone limit\u00e9e abrite des esp\u00e8ces end\u00e9miques et constitue des associations v\u00e9g\u00e9tales uniques. Diff\u00e9rents facteurs participent \u00e0 cette richesse floristique : l\u2019altitude, l\u2019humidit\u00e9, l\u2019exposition aux embruns marins, le vent.<\/p>\n<div id=\"attachment_4300\" style=\"width: 650px\" class=\"wp-caption aligncenter\"><a href=\"https:\/\/www.preservons-la-nature.fr\/blog\/wp-content\/uploads\/2015\/12\/DSC01498.jpg\"><img loading=\"lazy\" decoding=\"async\" aria-describedby=\"caption-attachment-4300\" class=\"size-large wp-image-4300\" src=\"https:\/\/www.preservons-la-nature.fr\/blog\/wp-content\/uploads\/2015\/12\/DSC01498-1000x667.jpg\" alt=\"Vue sur Cerb\u00e8re\" width=\"640\" height=\"427\" srcset=\"https:\/\/preservons-la-nature.fr\/blog\/wp-content\/uploads\/2015\/12\/DSC01498.jpg 1000w, https:\/\/preservons-la-nature.fr\/blog\/wp-content\/uploads\/2015\/12\/DSC01498-300x200.jpg 300w\" sizes=\"auto, (max-width: 640px) 100vw, 640px\" \/><\/a><p id=\"caption-attachment-4300\" class=\"wp-caption-text\">Vue sur Cerb\u00e8re<\/p><\/div>\n<div id=\"attachment_4301\" style=\"width: 650px\" class=\"wp-caption aligncenter\"><a href=\"https:\/\/www.preservons-la-nature.fr\/blog\/wp-content\/uploads\/2015\/12\/DSC01507.jpg\"><img loading=\"lazy\" decoding=\"async\" aria-describedby=\"caption-attachment-4301\" class=\"size-large wp-image-4301\" src=\"https:\/\/www.preservons-la-nature.fr\/blog\/wp-content\/uploads\/2015\/12\/DSC01507-1000x667.jpg\" alt=\"La c\u00f4te rocheuse des Alb\u00e8res\" width=\"640\" height=\"427\" srcset=\"https:\/\/preservons-la-nature.fr\/blog\/wp-content\/uploads\/2015\/12\/DSC01507.jpg 1000w, https:\/\/preservons-la-nature.fr\/blog\/wp-content\/uploads\/2015\/12\/DSC01507-300x200.jpg 300w\" sizes=\"auto, (max-width: 640px) 100vw, 640px\" \/><\/a><p id=\"caption-attachment-4301\" class=\"wp-caption-text\">La c\u00f4te rocheuse des Alb\u00e8res<\/p><\/div>\n<p>La c\u00f4te rocheuse est constitu\u00e9e de hautes falaises siliceuses. Celles-ci sont constitu\u00e9s soit de roches dures, soit de schistes se d\u00e9litant plus facilement.<br \/>\nDans les zones o\u00f9 la roche est dure et o\u00f9 il n\u2019y a pas de sol, le <strong>Perce-Pierre (<em>Crithmum maritimum L.<\/em>)<\/strong> colonise le milieu via les fissures. Cette esp\u00e8ce supporte assez bien les embruns marins.<\/p>\n<div id=\"attachment_4281\" style=\"width: 650px\" class=\"wp-caption aligncenter\"><a href=\"https:\/\/www.preservons-la-nature.fr\/blog\/wp-content\/uploads\/2015\/12\/DSC09651.jpg\"><img loading=\"lazy\" decoding=\"async\" aria-describedby=\"caption-attachment-4281\" class=\"size-large wp-image-4281\" src=\"https:\/\/www.preservons-la-nature.fr\/blog\/wp-content\/uploads\/2015\/12\/DSC09651-1000x667.jpg\" alt=\"Crithmum maritimum L.\" width=\"640\" height=\"427\" srcset=\"https:\/\/preservons-la-nature.fr\/blog\/wp-content\/uploads\/2015\/12\/DSC09651.jpg 1000w, https:\/\/preservons-la-nature.fr\/blog\/wp-content\/uploads\/2015\/12\/DSC09651-300x200.jpg 300w\" sizes=\"auto, (max-width: 640px) 100vw, 640px\" \/><\/a><p id=\"caption-attachment-4281\" class=\"wp-caption-text\"><em>Crithmum maritimum L.<\/em><\/p><\/div>\n<p>Quand la roche permet la constitution d\u2019un l\u00e9ger sol et dans les zones moins expos\u00e9es aux embruns, <strong>l\u2019Arm\u00e9rie du Roussillon (<em>Armeria ruscinonensis Girard subsp. ruscinonensis<\/em>)<\/strong>, le <strong>Plantain subul\u00e9 (<em>Plantago subulata L.<\/em>)<\/strong> et <strong>la carotte marine (<em>Daucus carota subsp. hispanicus (Gouan) Thell.<\/em> )<\/strong> constituent de petites \u00e9tendues. Notons qu\u2019<strong><em>Armeria ruscinonensis subsp. littorifuga (Bernis) Malag.<\/em><\/strong> ne se trouve pas en contact avec ces populations puisque cette derni\u00e8re occupe une aire non littorale des Alb\u00e8res, de 500 \u00e0 1300 m\u00e8tres.<\/p>\n<div id=\"attachment_4283\" style=\"width: 544px\" class=\"wp-caption aligncenter\"><a href=\"https:\/\/www.preservons-la-nature.fr\/blog\/wp-content\/uploads\/2015\/12\/DSC02045.jpg\"><img loading=\"lazy\" decoding=\"async\" aria-describedby=\"caption-attachment-4283\" class=\"size-large wp-image-4283\" src=\"https:\/\/www.preservons-la-nature.fr\/blog\/wp-content\/uploads\/2015\/12\/DSC02045-534x800.jpg\" alt=\"Armeria ruscinonensis Girard subsp. ruscinonensis\" width=\"534\" height=\"800\" srcset=\"https:\/\/preservons-la-nature.fr\/blog\/wp-content\/uploads\/2015\/12\/DSC02045-534x800.jpg 534w, https:\/\/preservons-la-nature.fr\/blog\/wp-content\/uploads\/2015\/12\/DSC02045-200x300.jpg 200w, https:\/\/preservons-la-nature.fr\/blog\/wp-content\/uploads\/2015\/12\/DSC02045.jpg 667w\" sizes=\"auto, (max-width: 534px) 100vw, 534px\" \/><\/a><p id=\"caption-attachment-4283\" class=\"wp-caption-text\"><em>Armeria ruscinonensis Girard subsp. ruscinonensis<\/em><\/p><\/div>\n<div id=\"attachment_4284\" style=\"width: 650px\" class=\"wp-caption aligncenter\"><a href=\"https:\/\/www.preservons-la-nature.fr\/blog\/wp-content\/uploads\/2015\/12\/DSC01517.jpg\"><img loading=\"lazy\" decoding=\"async\" aria-describedby=\"caption-attachment-4284\" class=\"size-large wp-image-4284\" src=\"https:\/\/www.preservons-la-nature.fr\/blog\/wp-content\/uploads\/2015\/12\/DSC01517-1000x667.jpg\" alt=\"Plantago subulata L.\" width=\"640\" height=\"427\" srcset=\"https:\/\/preservons-la-nature.fr\/blog\/wp-content\/uploads\/2015\/12\/DSC01517.jpg 1000w, https:\/\/preservons-la-nature.fr\/blog\/wp-content\/uploads\/2015\/12\/DSC01517-300x200.jpg 300w\" sizes=\"auto, (max-width: 640px) 100vw, 640px\" \/><\/a><p id=\"caption-attachment-4284\" class=\"wp-caption-text\"><em>Plantago subulata L.<\/em><\/p><\/div>\n<p>Dans les zones plus schisteuses, on y rencontre le Perce-Pierre et le <strong>Statice de Tremols (<em>Limonium tremolsii (Rouy) Guinea &amp; Ceballos Jimenez<\/em>)<\/strong>. Ce dernier ne serait qu\u2019une variante naine de <strong><em>Limonium virgatum (Willd.) Fourr.<\/em><\/strong> d\u2019apr\u00e8s Flora Gallica et la Flore de la France m\u00e9diterran\u00e9enne continentale.<\/p>\n<div id=\"attachment_4285\" style=\"width: 650px\" class=\"wp-caption aligncenter\"><a href=\"https:\/\/www.preservons-la-nature.fr\/blog\/wp-content\/uploads\/2015\/12\/DSC02048.jpg\"><img loading=\"lazy\" decoding=\"async\" aria-describedby=\"caption-attachment-4285\" class=\"size-large wp-image-4285\" src=\"https:\/\/www.preservons-la-nature.fr\/blog\/wp-content\/uploads\/2015\/12\/DSC02048-1000x667.jpg\" alt=\"Limonium virgatum (Willd.) Fourr.\" width=\"640\" height=\"427\" srcset=\"https:\/\/preservons-la-nature.fr\/blog\/wp-content\/uploads\/2015\/12\/DSC02048.jpg 1000w, https:\/\/preservons-la-nature.fr\/blog\/wp-content\/uploads\/2015\/12\/DSC02048-300x200.jpg 300w\" sizes=\"auto, (max-width: 640px) 100vw, 640px\" \/><\/a><p id=\"caption-attachment-4285\" class=\"wp-caption-text\"><em>Limonium virgatum (Willd.) Fourr.<\/em><\/p><\/div>\n<p>Le haut des falaises littorales est occup\u00e9 par <strong>l\u2019\u0153illet de catalogne (<em>Dianthus pyrenaicus subsp. attenuatus (Sm.) Bernal, La\u00ednz &amp; Mu\u00f1oz Garm.<\/em>)<\/strong>, le <strong>plantain subul\u00e9 (<em>Plantago subulata L.<\/em>)<\/strong>, le<strong> polycarpon de Catalogne (<em>Polycarpon polycarpoides subsp. catalaunicum O.Bol\u00f2s &amp; Vigo<\/em>)<\/strong>.<\/p>\n<div id=\"attachment_4286\" style=\"width: 650px\" class=\"wp-caption aligncenter\"><a href=\"https:\/\/www.preservons-la-nature.fr\/blog\/wp-content\/uploads\/2015\/12\/DSC02076.jpg\"><img loading=\"lazy\" decoding=\"async\" aria-describedby=\"caption-attachment-4286\" class=\"size-large wp-image-4286\" src=\"https:\/\/www.preservons-la-nature.fr\/blog\/wp-content\/uploads\/2015\/12\/DSC02076-1000x667.jpg\" alt=\"Dianthus pyrenaicus subsp. attenuatus (Sm.) Bernal, La\u00ednz &amp; Mu\u00f1oz Garm.\" width=\"640\" height=\"427\" srcset=\"https:\/\/preservons-la-nature.fr\/blog\/wp-content\/uploads\/2015\/12\/DSC02076.jpg 1000w, https:\/\/preservons-la-nature.fr\/blog\/wp-content\/uploads\/2015\/12\/DSC02076-300x200.jpg 300w\" sizes=\"auto, (max-width: 640px) 100vw, 640px\" \/><\/a><p id=\"caption-attachment-4286\" class=\"wp-caption-text\"><em>Dianthus pyrenaicus subsp. attenuatus (Sm.) Bernal, La\u00ednz &amp; Mu\u00f1oz Garm.<\/em><\/p><\/div>\n<div id=\"attachment_4287\" style=\"width: 650px\" class=\"wp-caption aligncenter\"><a href=\"https:\/\/www.preservons-la-nature.fr\/blog\/wp-content\/uploads\/2015\/12\/DSC02029.jpg\"><img loading=\"lazy\" decoding=\"async\" aria-describedby=\"caption-attachment-4287\" class=\"size-large wp-image-4287\" src=\"https:\/\/www.preservons-la-nature.fr\/blog\/wp-content\/uploads\/2015\/12\/DSC02029-1000x667.jpg\" alt=\"le polycarpon de Catalogne (Polycarpon polycarpoides subsp. catalaunicum O.Bol\u00f2s &amp; Vigo)\" width=\"640\" height=\"427\" srcset=\"https:\/\/preservons-la-nature.fr\/blog\/wp-content\/uploads\/2015\/12\/DSC02029.jpg 1000w, https:\/\/preservons-la-nature.fr\/blog\/wp-content\/uploads\/2015\/12\/DSC02029-300x200.jpg 300w\" sizes=\"auto, (max-width: 640px) 100vw, 640px\" \/><\/a><p id=\"caption-attachment-4287\" class=\"wp-caption-text\">le polycarpon de Catalogne (<em>Polycarpon polycarpoides subsp. catalaunicum O.Bol\u00f2s &amp; Vigo<\/em>)<\/p><\/div>\n<p><strong>L\u2019\u0153illet de catalogne<\/strong> se trouve souvent en pr\u00e9sence de la <strong>Passerine hirsute (<em>Thymelaea hirsuta (L.) Endl.<\/em>)<\/strong> en particulier en arri\u00e8re des falaises o\u00f9 le vent et les embruns sont moins importants. S\u2019y ajoutent le <strong>plantain subul\u00e9 (<em>Plantago subulata L.<\/em>)<\/strong> et la <strong>f\u00e9tuque glauque (<em>Festuca glauca Vill.<\/em>)<\/strong>. C\u2019est dans cette zone que l\u2019on trouve en accompagnement des esp\u00e8ces plus caract\u00e9ristiques des falaises et d\u2019autres franchement plus x\u00e9rophiles et m\u00e9diterran\u00e9ennes.<\/p>\n<div id=\"attachment_4288\" style=\"width: 650px\" class=\"wp-caption aligncenter\"><a href=\"https:\/\/www.preservons-la-nature.fr\/blog\/wp-content\/uploads\/2015\/12\/DSC02058.jpg\"><img loading=\"lazy\" decoding=\"async\" aria-describedby=\"caption-attachment-4288\" class=\"size-large wp-image-4288\" src=\"https:\/\/www.preservons-la-nature.fr\/blog\/wp-content\/uploads\/2015\/12\/DSC02058-1000x667.jpg\" alt=\"la Passerine hirsute (Thymelaea hirsuta (L.) Endl.)\" width=\"640\" height=\"427\" srcset=\"https:\/\/preservons-la-nature.fr\/blog\/wp-content\/uploads\/2015\/12\/DSC02058.jpg 1000w, https:\/\/preservons-la-nature.fr\/blog\/wp-content\/uploads\/2015\/12\/DSC02058-300x200.jpg 300w\" sizes=\"auto, (max-width: 640px) 100vw, 640px\" \/><\/a><p id=\"caption-attachment-4288\" class=\"wp-caption-text\">la Passerine hirsute (<em>Thymelaea hirsuta (L.) Endl.<\/em>)<\/p><\/div>\n<div id=\"attachment_4335\" style=\"width: 544px\" class=\"wp-caption aligncenter\"><a href=\"https:\/\/www.preservons-la-nature.fr\/blog\/wp-content\/uploads\/2015\/12\/DSC03969.jpg\"><img loading=\"lazy\" decoding=\"async\" aria-describedby=\"caption-attachment-4335\" class=\"size-large wp-image-4335\" src=\"https:\/\/www.preservons-la-nature.fr\/blog\/wp-content\/uploads\/2015\/12\/DSC03969-534x800.jpg\" alt=\"la f\u00e9tuque glauque (Festuca glauca Vill.)\" width=\"534\" height=\"800\" srcset=\"https:\/\/preservons-la-nature.fr\/blog\/wp-content\/uploads\/2015\/12\/DSC03969-534x800.jpg 534w, https:\/\/preservons-la-nature.fr\/blog\/wp-content\/uploads\/2015\/12\/DSC03969-200x300.jpg 200w, https:\/\/preservons-la-nature.fr\/blog\/wp-content\/uploads\/2015\/12\/DSC03969.jpg 667w\" sizes=\"auto, (max-width: 534px) 100vw, 534px\" \/><\/a><p id=\"caption-attachment-4335\" class=\"wp-caption-text\">la f\u00e9tuque glauque (Festuca glauca Vill.)<\/p><\/div>\n<p>En haut des falaises, il n\u2019est pas rare de trouver \u00e9galement la <strong>Passerine hirsute (<em>Thymelaea hirsuta (L.) Endl.<\/em>)<\/strong>, la <strong>Camphorine de Montpelier (<em>Camphorosma monspeliaca L.<\/em>)<\/strong>, le <strong>laiteron d\u00e9licat (<em>Sonchus tenerrimus L.<\/em>)<\/strong> et le <strong>Lavandin (<em>Lavandula stoechas L.<\/em>)<\/strong>.<\/p>\n<div id=\"attachment_4290\" style=\"width: 650px\" class=\"wp-caption aligncenter\"><a href=\"https:\/\/www.preservons-la-nature.fr\/blog\/wp-content\/uploads\/2015\/12\/DSC01583.jpg\"><img loading=\"lazy\" decoding=\"async\" aria-describedby=\"caption-attachment-4290\" class=\"size-large wp-image-4290\" src=\"https:\/\/www.preservons-la-nature.fr\/blog\/wp-content\/uploads\/2015\/12\/DSC01583-1000x667.jpg\" alt=\"la Camphorine de Montpelier (Camphorosma monspeliaca L.)\" width=\"640\" height=\"427\" srcset=\"https:\/\/preservons-la-nature.fr\/blog\/wp-content\/uploads\/2015\/12\/DSC01583.jpg 1000w, https:\/\/preservons-la-nature.fr\/blog\/wp-content\/uploads\/2015\/12\/DSC01583-300x200.jpg 300w\" sizes=\"auto, (max-width: 640px) 100vw, 640px\" \/><\/a><p id=\"caption-attachment-4290\" class=\"wp-caption-text\">la Camphorine de Montpelier (<em>Camphorosma monspeliaca L.<\/em>)<\/p><\/div>\n<div id=\"attachment_4291\" style=\"width: 544px\" class=\"wp-caption aligncenter\"><a href=\"https:\/\/www.preservons-la-nature.fr\/blog\/wp-content\/uploads\/2015\/12\/DSC02087.jpg\"><img loading=\"lazy\" decoding=\"async\" aria-describedby=\"caption-attachment-4291\" class=\"size-large wp-image-4291\" src=\"https:\/\/www.preservons-la-nature.fr\/blog\/wp-content\/uploads\/2015\/12\/DSC02087-534x800.jpg\" alt=\"le Lavandin (Lavandula stoechas L.)\" width=\"534\" height=\"800\" srcset=\"https:\/\/preservons-la-nature.fr\/blog\/wp-content\/uploads\/2015\/12\/DSC02087-534x800.jpg 534w, https:\/\/preservons-la-nature.fr\/blog\/wp-content\/uploads\/2015\/12\/DSC02087-200x300.jpg 200w, https:\/\/preservons-la-nature.fr\/blog\/wp-content\/uploads\/2015\/12\/DSC02087.jpg 667w\" sizes=\"auto, (max-width: 534px) 100vw, 534px\" \/><\/a><p id=\"caption-attachment-4291\" class=\"wp-caption-text\">le Lavandin (<em>Lavandula stoechas L.<\/em>)<\/p><\/div>\n<p>Une autre association est plus en retrait, elle est constitu\u00e9e de pelouses x\u00e9rophiles m\u00e9so m\u00e9diterran\u00e9ennes avec des esp\u00e8ces telles que l\u2019<strong>Asphodel\u00e8le rameuse (<em>Asphodelus ramosus L.<\/em>)<\/strong>, le <strong>Dactyle d\u2019Espagne (<em>Dactylis glomerata subsp. hispanica (Roth) Nyman<\/em>)<\/strong>, le <strong>Brachypode rameux (<em>Brachypodium retusum (Pers.) P.Beauv.<\/em>)<\/strong> et la <strong>Frank\u00e9nie hirsute (<em>Frankenia hirsuta L.<\/em>)<\/strong>.<\/p>\n<div id=\"attachment_4292\" style=\"width: 650px\" class=\"wp-caption aligncenter\"><a href=\"https:\/\/www.preservons-la-nature.fr\/blog\/wp-content\/uploads\/2015\/12\/DSC01494.jpg\"><img loading=\"lazy\" decoding=\"async\" aria-describedby=\"caption-attachment-4292\" class=\"size-large wp-image-4292\" src=\"https:\/\/www.preservons-la-nature.fr\/blog\/wp-content\/uploads\/2015\/12\/DSC01494-1000x667.jpg\" alt=\"l\u2019Asphodel\u00e8le rameuse (Asphodelus ramosus L.) et le laiteron d\u00e9licat (Sonchus tenerrimus L.)\" width=\"640\" height=\"427\" srcset=\"https:\/\/preservons-la-nature.fr\/blog\/wp-content\/uploads\/2015\/12\/DSC01494.jpg 1000w, https:\/\/preservons-la-nature.fr\/blog\/wp-content\/uploads\/2015\/12\/DSC01494-300x200.jpg 300w\" sizes=\"auto, (max-width: 640px) 100vw, 640px\" \/><\/a><p id=\"caption-attachment-4292\" class=\"wp-caption-text\">l\u2019Asphodel\u00e8le rameuse (<em>Asphodelus ramosus L.<\/em>) et le laiteron d\u00e9licat (<em>Sonchus tenerrimus L.<\/em>)<\/p><\/div>\n<div id=\"attachment_4293\" style=\"width: 650px\" class=\"wp-caption aligncenter\"><a href=\"https:\/\/www.preservons-la-nature.fr\/blog\/wp-content\/uploads\/2015\/12\/DSC01920.jpg\"><img loading=\"lazy\" decoding=\"async\" aria-describedby=\"caption-attachment-4293\" class=\"size-large wp-image-4293\" src=\"https:\/\/www.preservons-la-nature.fr\/blog\/wp-content\/uploads\/2015\/12\/DSC01920-1000x667.jpg\" alt=\"la Frank\u00e9nie hirsute (Frankenia hirsuta L.)\" width=\"640\" height=\"427\" srcset=\"https:\/\/preservons-la-nature.fr\/blog\/wp-content\/uploads\/2015\/12\/DSC01920.jpg 1000w, https:\/\/preservons-la-nature.fr\/blog\/wp-content\/uploads\/2015\/12\/DSC01920-300x200.jpg 300w\" sizes=\"auto, (max-width: 640px) 100vw, 640px\" \/><\/a><p id=\"caption-attachment-4293\" class=\"wp-caption-text\">la Frank\u00e9nie hirsute (<em>Frankenia hirsuta L.<\/em>)<\/p><\/div>\n<p>Deux petits cours d\u2019eau souvent \u00e0 sec \u00ab fragmentent \u00bb les falaises littorales des Alb\u00e8res. On y retrouve des algues quand le degr\u00e9 d\u2019humidit\u00e9 est rest\u00e9 suffisant. Sinon les esp\u00e8ces occupant cet espace sont <em>Polygonum persicaria, polygonum hydropiper, Polygonum lapathifolium, Chenopodium ambrosoides, Chenopodium botrys, Lythrum salicaria, Cyperus fuscus, Paspalum distichum <\/em>et<em> Paspalum dilatatum<\/em>.<\/p>\n<p>A l\u2019embouchure des petits cours d\u2019eau, quand il y a un replat suffisant, ce sont les <strong>Tamaris africain (<em>Tamarix africana Poir.<\/em>)<\/strong> et <strong>Tamaris des canaries (<em>Tamarix canariensis Willd.<\/em>)<\/strong> qu\u2019on retrouve dans les zones les plus abrit\u00e9s et les plus chaudes du littoral. Ceci constitue l\u2019association phytosociologique <em>Tamaricion africanae<\/em>. Un peu au-dessus de cette derni\u00e8re, se trouvent les fourr\u00e9s de <strong>Gattiliers (<em>Vitex agnus-castus<\/em>)<\/strong> constituant l\u2019association <em>Nerion oleandri<\/em>.<\/p>\n<div id=\"attachment_4294\" style=\"width: 544px\" class=\"wp-caption aligncenter\"><a href=\"https:\/\/www.preservons-la-nature.fr\/blog\/wp-content\/uploads\/2015\/12\/DSC01921.jpg\"><img loading=\"lazy\" decoding=\"async\" aria-describedby=\"caption-attachment-4294\" class=\"size-large wp-image-4294\" src=\"https:\/\/www.preservons-la-nature.fr\/blog\/wp-content\/uploads\/2015\/12\/DSC01921-534x800.jpg\" alt=\"Tamaris africain (Tamarix africana Poir.)\" width=\"534\" height=\"800\" srcset=\"https:\/\/preservons-la-nature.fr\/blog\/wp-content\/uploads\/2015\/12\/DSC01921-534x800.jpg 534w, https:\/\/preservons-la-nature.fr\/blog\/wp-content\/uploads\/2015\/12\/DSC01921-200x300.jpg 200w, https:\/\/preservons-la-nature.fr\/blog\/wp-content\/uploads\/2015\/12\/DSC01921.jpg 667w\" sizes=\"auto, (max-width: 534px) 100vw, 534px\" \/><\/a><p id=\"caption-attachment-4294\" class=\"wp-caption-text\">Tamaris africain (<em>Tamarix africana Poir.<\/em>)<\/p><\/div>\n<p>Les collines littorales sont occup\u00e9es par des plantes m\u00e9so-m\u00e9diterran\u00e9ennes. On y retrouve le <strong>figuier d\u2019inde (<em>Opuntia ficus-indica (L.) Mill.<\/em>)<\/strong> et l\u2019<strong>Alo\u00e8s macul\u00e9 (<em>Aloe maculata All.<\/em>)<\/strong> qui s\u2019est naturalis\u00e9 , des matorrals constitu\u00e9s de <strong>Cytises \u00e9pineux (<em>Cytisus spinosus (L.) Bubani<\/em>)<\/strong> et du plus rare <em><strong>Cytisus infestus (C.Presl) Guss.<\/strong><\/em> avec ses gousses poilus (uniquement en France dans les Alb\u00e8res).<\/p>\n<div id=\"attachment_4295\" style=\"width: 650px\" class=\"wp-caption aligncenter\"><a href=\"https:\/\/www.preservons-la-nature.fr\/blog\/wp-content\/uploads\/2015\/12\/DSC01505.jpg\"><img loading=\"lazy\" decoding=\"async\" aria-describedby=\"caption-attachment-4295\" class=\"size-large wp-image-4295\" src=\"https:\/\/www.preservons-la-nature.fr\/blog\/wp-content\/uploads\/2015\/12\/DSC01505-1000x667.jpg\" alt=\"le figuier d\u2019inde (Opuntia ficus-indica (L.) Mill.)\" width=\"640\" height=\"427\" srcset=\"https:\/\/preservons-la-nature.fr\/blog\/wp-content\/uploads\/2015\/12\/DSC01505.jpg 1000w, https:\/\/preservons-la-nature.fr\/blog\/wp-content\/uploads\/2015\/12\/DSC01505-300x200.jpg 300w\" sizes=\"auto, (max-width: 640px) 100vw, 640px\" \/><\/a><p id=\"caption-attachment-4295\" class=\"wp-caption-text\">le figuier d\u2019inde (<em>Opuntia ficus-indica (L.) Mill.<\/em>)<\/p><\/div>\n<div id=\"attachment_4296\" style=\"width: 544px\" class=\"wp-caption aligncenter\"><a href=\"https:\/\/www.preservons-la-nature.fr\/blog\/wp-content\/uploads\/2015\/12\/DSC01510.jpg\"><img loading=\"lazy\" decoding=\"async\" aria-describedby=\"caption-attachment-4296\" class=\"size-large wp-image-4296\" src=\"https:\/\/www.preservons-la-nature.fr\/blog\/wp-content\/uploads\/2015\/12\/DSC01510-534x800.jpg\" alt=\"l\u2019Alo\u00e8s macul\u00e9 (Aloe maculata All.)\" width=\"534\" height=\"800\" srcset=\"https:\/\/preservons-la-nature.fr\/blog\/wp-content\/uploads\/2015\/12\/DSC01510-534x800.jpg 534w, https:\/\/preservons-la-nature.fr\/blog\/wp-content\/uploads\/2015\/12\/DSC01510-200x300.jpg 200w, https:\/\/preservons-la-nature.fr\/blog\/wp-content\/uploads\/2015\/12\/DSC01510.jpg 667w\" sizes=\"auto, (max-width: 534px) 100vw, 534px\" \/><\/a><p id=\"caption-attachment-4296\" class=\"wp-caption-text\">l\u2019Alo\u00e8s macul\u00e9 (<em>Aloe maculata All.<\/em>)<\/p><\/div>\n<div id=\"attachment_4297\" style=\"width: 650px\" class=\"wp-caption aligncenter\"><a href=\"https:\/\/www.preservons-la-nature.fr\/blog\/wp-content\/uploads\/2015\/12\/DSC01521.jpg\"><img loading=\"lazy\" decoding=\"async\" aria-describedby=\"caption-attachment-4297\" class=\"size-large wp-image-4297\" src=\"https:\/\/www.preservons-la-nature.fr\/blog\/wp-content\/uploads\/2015\/12\/DSC01521-1000x667.jpg\" alt=\"Cytises \u00e9pineux (Cytisus spinosus (L.) Bubani)\" width=\"640\" height=\"427\" srcset=\"https:\/\/preservons-la-nature.fr\/blog\/wp-content\/uploads\/2015\/12\/DSC01521.jpg 1000w, https:\/\/preservons-la-nature.fr\/blog\/wp-content\/uploads\/2015\/12\/DSC01521-300x200.jpg 300w\" sizes=\"auto, (max-width: 640px) 100vw, 640px\" \/><\/a><p id=\"caption-attachment-4297\" class=\"wp-caption-text\">Cytises \u00e9pineux (<em>Cytisus spinosus (L.) Bubani<\/em>)<\/p><\/div>\n<div id=\"attachment_4298\" style=\"width: 650px\" class=\"wp-caption aligncenter\"><a href=\"https:\/\/www.preservons-la-nature.fr\/blog\/wp-content\/uploads\/2015\/12\/DSC01554.jpg\"><img loading=\"lazy\" decoding=\"async\" aria-describedby=\"caption-attachment-4298\" class=\"size-large wp-image-4298\" src=\"https:\/\/www.preservons-la-nature.fr\/blog\/wp-content\/uploads\/2015\/12\/DSC01554-1000x667.jpg\" alt=\"Des Alb\u00e8res, vue sur l'Espagne\" width=\"640\" height=\"427\" srcset=\"https:\/\/preservons-la-nature.fr\/blog\/wp-content\/uploads\/2015\/12\/DSC01554.jpg 1000w, https:\/\/preservons-la-nature.fr\/blog\/wp-content\/uploads\/2015\/12\/DSC01554-300x200.jpg 300w\" sizes=\"auto, (max-width: 640px) 100vw, 640px\" \/><\/a><p id=\"caption-attachment-4298\" class=\"wp-caption-text\">Des Alb\u00e8res, vue sur Portbou en Espagne<\/p><\/div>\n","protected":false},"excerpt":{"rendered":"<p>Les Alb\u00e8res se situent dans les Pyr\u00e9n\u00e9es orientales \u00e0 proximit\u00e9 de l\u2019Espagne. Nous avons observ\u00e9 la flore \u00e0 proximit\u00e9 de Cerb\u00e8re pr\u00e8s de la fronti\u00e8re espagnole et la flore de Banyuls-sur-Mer. La c\u00f4te rocheuse des Alb\u00e8res constitue les derniers reliefs &hellip; <a href=\"https:\/\/preservons-la-nature.fr\/blog\/?p=4275\">Continuer la lecture <span class=\"meta-nav\">&rarr;<\/span><\/a><\/p>\n","protected":false},"author":1,"featured_media":4286,"comment_status":"open","ping_status":"open","sticky":false,"template":"","format":"standard","meta":{"footnotes":""},"categories":[87],"tags":[],"class_list":["post-4275","post","type-post","status-publish","format-standard","has-post-thumbnail","hentry","category-ficheplante"],"_links":{"self":[{"href":"https:\/\/preservons-la-nature.fr\/blog\/index.php?rest_route=\/wp\/v2\/posts\/4275","targetHints":{"allow":["GET"]}}],"collection":[{"href":"https:\/\/preservons-la-nature.fr\/blog\/index.php?rest_route=\/wp\/v2\/posts"}],"about":[{"href":"https:\/\/preservons-la-nature.fr\/blog\/index.php?rest_route=\/wp\/v2\/types\/post"}],"author":[{"embeddable":true,"href":"https:\/\/preservons-la-nature.fr\/blog\/index.php?rest_route=\/wp\/v2\/users\/1"}],"replies":[{"embeddable":true,"href":"https:\/\/preservons-la-nature.fr\/blog\/index.php?rest_route=%2Fwp%2Fv2%2Fcomments&post=4275"}],"version-history":[{"count":11,"href":"https:\/\/preservons-la-nature.fr\/blog\/index.php?rest_route=\/wp\/v2\/posts\/4275\/revisions"}],"predecessor-version":[{"id":4336,"href":"https:\/\/preservons-la-nature.fr\/blog\/index.php?rest_route=\/wp\/v2\/posts\/4275\/revisions\/4336"}],"wp:featuredmedia":[{"embeddable":true,"href":"https:\/\/preservons-la-nature.fr\/blog\/index.php?rest_route=\/wp\/v2\/media\/4286"}],"wp:attachment":[{"href":"https:\/\/preservons-la-nature.fr\/blog\/index.php?rest_route=%2Fwp%2Fv2%2Fmedia&parent=4275"}],"wp:term":[{"taxonomy":"category","embeddable":true,"href":"https:\/\/preservons-la-nature.fr\/blog\/index.php?rest_route=%2Fwp%2Fv2%2Fcategories&post=4275"},{"taxonomy":"post_tag","embeddable":true,"href":"https:\/\/preservons-la-nature.fr\/blog\/index.php?rest_route=%2Fwp%2Fv2%2Ftags&post=4275"}],"curies":[{"name":"wp","href":"https:\/\/api.w.org\/{rel}","templated":true}]}}