{"id":4245,"date":"2015-11-29T15:20:53","date_gmt":"2015-11-29T14:20:53","guid":{"rendered":"https:\/\/www.preservons-la-nature.fr\/blog\/?p=4245"},"modified":"2015-11-29T15:42:24","modified_gmt":"2015-11-29T14:42:24","slug":"la-flore-du-cirque-des-evettes-savoie","status":"publish","type":"post","link":"https:\/\/preservons-la-nature.fr\/blog\/?p=4245","title":{"rendered":"La flore du cirque des Evettes (Savoie)"},"content":{"rendered":"<p>Le Cirque des Evettes contient des tr\u00e9sors botaniques insoup\u00e7onn\u00e9s dont nous allons vous partager quelques-uns.<\/p>\n<div id=\"attachment_4247\" style=\"width: 650px\" class=\"wp-caption aligncenter\"><a href=\"https:\/\/www.preservons-la-nature.fr\/blog\/wp-content\/uploads\/2015\/11\/Evettes.jpg\"><img loading=\"lazy\" decoding=\"async\" aria-describedby=\"caption-attachment-4247\" class=\"size-large wp-image-4247\" src=\"https:\/\/www.preservons-la-nature.fr\/blog\/wp-content\/uploads\/2015\/11\/Evettes-1000x575.jpg\" alt=\"Les Evettes\" width=\"640\" height=\"368\" srcset=\"https:\/\/preservons-la-nature.fr\/blog\/wp-content\/uploads\/2015\/11\/Evettes-1000x575.jpg 1000w, https:\/\/preservons-la-nature.fr\/blog\/wp-content\/uploads\/2015\/11\/Evettes-300x172.jpg 300w, https:\/\/preservons-la-nature.fr\/blog\/wp-content\/uploads\/2015\/11\/Evettes.jpg 1498w\" sizes=\"auto, (max-width: 640px) 100vw, 640px\" \/><\/a><p id=\"caption-attachment-4247\" class=\"wp-caption-text\">Les Evettes<\/p><\/div>\n<p>C\u2019est apr\u00e8s une ascension \u00e0 partir de Bonneval-sur-Arc (environ 1600 m\u00e8tres d\u2019altitude) jusqu\u2019au col des Evettes (2580 m\u00e8tres environ) sur un versant Nord pr\u00e9sentant des pelouses alpines fraiches, que nous tombons sur la seule station fran\u00e7aise de Gentianella ramosa.<\/p>\n<div id=\"attachment_4246\" style=\"width: 544px\" class=\"wp-caption aligncenter\"><a href=\"https:\/\/www.preservons-la-nature.fr\/blog\/wp-content\/uploads\/2015\/11\/DSC05450.jpg\"><img loading=\"lazy\" decoding=\"async\" aria-describedby=\"caption-attachment-4246\" class=\"size-large wp-image-4246\" src=\"https:\/\/www.preservons-la-nature.fr\/blog\/wp-content\/uploads\/2015\/11\/DSC05450-534x800.jpg\" alt=\"Gentianella ramosa\" width=\"534\" height=\"800\" srcset=\"https:\/\/preservons-la-nature.fr\/blog\/wp-content\/uploads\/2015\/11\/DSC05450-534x800.jpg 534w, https:\/\/preservons-la-nature.fr\/blog\/wp-content\/uploads\/2015\/11\/DSC05450-200x300.jpg 200w, https:\/\/preservons-la-nature.fr\/blog\/wp-content\/uploads\/2015\/11\/DSC05450.jpg 667w\" sizes=\"auto, (max-width: 534px) 100vw, 534px\" \/><\/a><p id=\"caption-attachment-4246\" class=\"wp-caption-text\">Gentianella ramosa<\/p><\/div>\n<p>Toujours au niveau du col, nous apercevons plusieurs androsaces dont Androsace alpina et Androsace obtusifolia.<\/p>\n<div id=\"attachment_4248\" style=\"width: 650px\" class=\"wp-caption aligncenter\"><a href=\"https:\/\/www.preservons-la-nature.fr\/blog\/wp-content\/uploads\/2015\/11\/DSC05289.jpg\"><img loading=\"lazy\" decoding=\"async\" aria-describedby=\"caption-attachment-4248\" class=\"size-large wp-image-4248\" src=\"https:\/\/www.preservons-la-nature.fr\/blog\/wp-content\/uploads\/2015\/11\/DSC05289-1000x667.jpg\" alt=\"Androsace alpina\" width=\"640\" height=\"427\" srcset=\"https:\/\/preservons-la-nature.fr\/blog\/wp-content\/uploads\/2015\/11\/DSC05289.jpg 1000w, https:\/\/preservons-la-nature.fr\/blog\/wp-content\/uploads\/2015\/11\/DSC05289-300x200.jpg 300w\" sizes=\"auto, (max-width: 640px) 100vw, 640px\" \/><\/a><p id=\"caption-attachment-4248\" class=\"wp-caption-text\">Androsace alpina<\/p><\/div>\n<div id=\"attachment_4249\" style=\"width: 544px\" class=\"wp-caption aligncenter\"><a href=\"https:\/\/www.preservons-la-nature.fr\/blog\/wp-content\/uploads\/2015\/11\/DSC05451.jpg\"><img loading=\"lazy\" decoding=\"async\" aria-describedby=\"caption-attachment-4249\" class=\"size-large wp-image-4249\" src=\"https:\/\/www.preservons-la-nature.fr\/blog\/wp-content\/uploads\/2015\/11\/DSC05451-534x800.jpg\" alt=\"Androsace obtusifolia\" width=\"534\" height=\"800\" srcset=\"https:\/\/preservons-la-nature.fr\/blog\/wp-content\/uploads\/2015\/11\/DSC05451-534x800.jpg 534w, https:\/\/preservons-la-nature.fr\/blog\/wp-content\/uploads\/2015\/11\/DSC05451-200x300.jpg 200w, https:\/\/preservons-la-nature.fr\/blog\/wp-content\/uploads\/2015\/11\/DSC05451.jpg 667w\" sizes=\"auto, (max-width: 534px) 100vw, 534px\" \/><\/a><p id=\"caption-attachment-4249\" class=\"wp-caption-text\">Androsace obtusifolia<\/p><\/div>\n<p>Nous chercherons en vain la Saxifrage de seguier, pourtant signal\u00e9 dans le secteur. A d\u00e9faut, nous pourrons observer Saxifraga androsacea, Saxifraga biflora et Saxifraga oppositifolia.<\/p>\n<div id=\"attachment_4250\" style=\"width: 650px\" class=\"wp-caption aligncenter\"><a href=\"https:\/\/www.preservons-la-nature.fr\/blog\/wp-content\/uploads\/2015\/11\/DSC05437.jpg\"><img loading=\"lazy\" decoding=\"async\" aria-describedby=\"caption-attachment-4250\" class=\"size-large wp-image-4250\" src=\"https:\/\/www.preservons-la-nature.fr\/blog\/wp-content\/uploads\/2015\/11\/DSC05437-1000x667.jpg\" alt=\"Saxifraga androsacea\" width=\"640\" height=\"427\" srcset=\"https:\/\/preservons-la-nature.fr\/blog\/wp-content\/uploads\/2015\/11\/DSC05437.jpg 1000w, https:\/\/preservons-la-nature.fr\/blog\/wp-content\/uploads\/2015\/11\/DSC05437-300x200.jpg 300w\" sizes=\"auto, (max-width: 640px) 100vw, 640px\" \/><\/a><p id=\"caption-attachment-4250\" class=\"wp-caption-text\">Saxifraga androsacea<\/p><\/div>\n<div id=\"attachment_4251\" style=\"width: 650px\" class=\"wp-caption aligncenter\"><a href=\"https:\/\/www.preservons-la-nature.fr\/blog\/wp-content\/uploads\/2015\/11\/DSC06279.jpg\"><img loading=\"lazy\" decoding=\"async\" aria-describedby=\"caption-attachment-4251\" class=\"size-large wp-image-4251\" src=\"https:\/\/www.preservons-la-nature.fr\/blog\/wp-content\/uploads\/2015\/11\/DSC06279-1000x667.jpg\" alt=\"Saxifraga biflora\" width=\"640\" height=\"427\" srcset=\"https:\/\/preservons-la-nature.fr\/blog\/wp-content\/uploads\/2015\/11\/DSC06279.jpg 1000w, https:\/\/preservons-la-nature.fr\/blog\/wp-content\/uploads\/2015\/11\/DSC06279-300x200.jpg 300w\" sizes=\"auto, (max-width: 640px) 100vw, 640px\" \/><\/a><p id=\"caption-attachment-4251\" class=\"wp-caption-text\">Saxifraga biflora<\/p><\/div>\n<div id=\"attachment_4252\" style=\"width: 650px\" class=\"wp-caption aligncenter\"><a href=\"https:\/\/www.preservons-la-nature.fr\/blog\/wp-content\/uploads\/2015\/11\/DSC06291.jpg\"><img loading=\"lazy\" decoding=\"async\" aria-describedby=\"caption-attachment-4252\" class=\"size-large wp-image-4252\" src=\"https:\/\/www.preservons-la-nature.fr\/blog\/wp-content\/uploads\/2015\/11\/DSC06291-1000x667.jpg\" alt=\"Saxifraga oppositifolia\" width=\"640\" height=\"427\" srcset=\"https:\/\/preservons-la-nature.fr\/blog\/wp-content\/uploads\/2015\/11\/DSC06291.jpg 1000w, https:\/\/preservons-la-nature.fr\/blog\/wp-content\/uploads\/2015\/11\/DSC06291-300x200.jpg 300w\" sizes=\"auto, (max-width: 640px) 100vw, 640px\" \/><\/a><p id=\"caption-attachment-4252\" class=\"wp-caption-text\">Saxifraga oppositifolia<\/p><\/div>\n<p>La vue sur le cirque est magnifique.<\/p>\n<div id=\"attachment_4253\" style=\"width: 650px\" class=\"wp-caption aligncenter\"><a href=\"https:\/\/www.preservons-la-nature.fr\/blog\/wp-content\/uploads\/2015\/11\/DSC05455.jpg\"><img loading=\"lazy\" decoding=\"async\" aria-describedby=\"caption-attachment-4253\" class=\"size-large wp-image-4253\" src=\"https:\/\/www.preservons-la-nature.fr\/blog\/wp-content\/uploads\/2015\/11\/DSC05455-1000x667.jpg\" alt=\"Cirque des Evettes\" width=\"640\" height=\"427\" srcset=\"https:\/\/preservons-la-nature.fr\/blog\/wp-content\/uploads\/2015\/11\/DSC05455.jpg 1000w, https:\/\/preservons-la-nature.fr\/blog\/wp-content\/uploads\/2015\/11\/DSC05455-300x200.jpg 300w\" sizes=\"auto, (max-width: 640px) 100vw, 640px\" \/><\/a><p id=\"caption-attachment-4253\" class=\"wp-caption-text\">Cirque des Evettes<\/p><\/div>\n<p>A noter, que le glacier des Evettes a recul\u00e9 de plusieurs kilom\u00e8tres entre 1950 et aujourd\u2019hui : Le r\u00e9chauffement climatique est clairement ind\u00e9niable \u00e0 l\u2019\u00e9chelle de temps humaine.<\/p>\n<div id=\"attachment_4255\" style=\"width: 650px\" class=\"wp-caption aligncenter\"><a href=\"https:\/\/www.preservons-la-nature.fr\/blog\/wp-content\/uploads\/2015\/11\/DSC05490.jpg\"><img loading=\"lazy\" decoding=\"async\" aria-describedby=\"caption-attachment-4255\" class=\"size-large wp-image-4255\" src=\"https:\/\/www.preservons-la-nature.fr\/blog\/wp-content\/uploads\/2015\/11\/DSC05490-1000x667.jpg\" alt=\"Lac des Evettes\" width=\"640\" height=\"427\" srcset=\"https:\/\/preservons-la-nature.fr\/blog\/wp-content\/uploads\/2015\/11\/DSC05490.jpg 1000w, https:\/\/preservons-la-nature.fr\/blog\/wp-content\/uploads\/2015\/11\/DSC05490-300x200.jpg 300w\" sizes=\"auto, (max-width: 640px) 100vw, 640px\" \/><\/a><p id=\"caption-attachment-4255\" class=\"wp-caption-text\">Lac des Evettes<\/p><\/div>\n<p>Nous poursuivons en direction du lac s\u2019\u00e9tant cr\u00e9\u00e9 apr\u00e8s le recul glaciaire. Saxifraga aizoides accompagne Carex bicolor (protection nationale) et tout un cort\u00e8ge de saules dont Salix helvetica (protection nationale), Salix reticulata, Salix retusa. Trifolium badium abonde, ainsi que Ranunculus glacialis sur les bords des torrents avec Juncus jacquini.<\/p>\n<div id=\"attachment_4257\" style=\"width: 650px\" class=\"wp-caption aligncenter\"><a href=\"https:\/\/www.preservons-la-nature.fr\/blog\/wp-content\/uploads\/2015\/11\/DSC1604.jpg\"><img loading=\"lazy\" decoding=\"async\" aria-describedby=\"caption-attachment-4257\" class=\"size-large wp-image-4257\" src=\"https:\/\/www.preservons-la-nature.fr\/blog\/wp-content\/uploads\/2015\/11\/DSC1604-1000x667.jpg\" alt=\"Saxifraga aizoides\" width=\"640\" height=\"427\" srcset=\"https:\/\/preservons-la-nature.fr\/blog\/wp-content\/uploads\/2015\/11\/DSC1604.jpg 1000w, https:\/\/preservons-la-nature.fr\/blog\/wp-content\/uploads\/2015\/11\/DSC1604-300x200.jpg 300w\" sizes=\"auto, (max-width: 640px) 100vw, 640px\" \/><\/a><p id=\"caption-attachment-4257\" class=\"wp-caption-text\">Saxifraga aizoides<\/p><\/div>\n<div id=\"attachment_4258\" style=\"width: 544px\" class=\"wp-caption aligncenter\"><a href=\"https:\/\/www.preservons-la-nature.fr\/blog\/wp-content\/uploads\/2015\/11\/DSC05519.jpg\"><img loading=\"lazy\" decoding=\"async\" aria-describedby=\"caption-attachment-4258\" class=\"size-large wp-image-4258\" src=\"https:\/\/www.preservons-la-nature.fr\/blog\/wp-content\/uploads\/2015\/11\/DSC05519-534x800.jpg\" alt=\"Carex bicolor\" width=\"534\" height=\"800\" srcset=\"https:\/\/preservons-la-nature.fr\/blog\/wp-content\/uploads\/2015\/11\/DSC05519-534x800.jpg 534w, https:\/\/preservons-la-nature.fr\/blog\/wp-content\/uploads\/2015\/11\/DSC05519-200x300.jpg 200w, https:\/\/preservons-la-nature.fr\/blog\/wp-content\/uploads\/2015\/11\/DSC05519.jpg 667w\" sizes=\"auto, (max-width: 534px) 100vw, 534px\" \/><\/a><p id=\"caption-attachment-4258\" class=\"wp-caption-text\">Carex bicolor<\/p><\/div>\n<div id=\"attachment_4259\" style=\"width: 544px\" class=\"wp-caption aligncenter\"><a href=\"https:\/\/www.preservons-la-nature.fr\/blog\/wp-content\/uploads\/2015\/11\/DSC1923.jpg\"><img loading=\"lazy\" decoding=\"async\" aria-describedby=\"caption-attachment-4259\" class=\"size-large wp-image-4259\" src=\"https:\/\/www.preservons-la-nature.fr\/blog\/wp-content\/uploads\/2015\/11\/DSC1923-534x800.jpg\" alt=\"Carex bicolor\" width=\"534\" height=\"800\" srcset=\"https:\/\/preservons-la-nature.fr\/blog\/wp-content\/uploads\/2015\/11\/DSC1923-534x800.jpg 534w, https:\/\/preservons-la-nature.fr\/blog\/wp-content\/uploads\/2015\/11\/DSC1923-200x300.jpg 200w, https:\/\/preservons-la-nature.fr\/blog\/wp-content\/uploads\/2015\/11\/DSC1923.jpg 667w\" sizes=\"auto, (max-width: 534px) 100vw, 534px\" \/><\/a><p id=\"caption-attachment-4259\" class=\"wp-caption-text\">Carex bicolor<\/p><\/div>\n<div id=\"attachment_4260\" style=\"width: 544px\" class=\"wp-caption aligncenter\"><a href=\"https:\/\/www.preservons-la-nature.fr\/blog\/wp-content\/uploads\/2015\/11\/DSC05501.jpg\"><img loading=\"lazy\" decoding=\"async\" aria-describedby=\"caption-attachment-4260\" class=\"size-large wp-image-4260\" src=\"https:\/\/www.preservons-la-nature.fr\/blog\/wp-content\/uploads\/2015\/11\/DSC05501-534x800.jpg\" alt=\"Salix helvetica\" width=\"534\" height=\"800\" srcset=\"https:\/\/preservons-la-nature.fr\/blog\/wp-content\/uploads\/2015\/11\/DSC05501-534x800.jpg 534w, https:\/\/preservons-la-nature.fr\/blog\/wp-content\/uploads\/2015\/11\/DSC05501-200x300.jpg 200w, https:\/\/preservons-la-nature.fr\/blog\/wp-content\/uploads\/2015\/11\/DSC05501.jpg 667w\" sizes=\"auto, (max-width: 534px) 100vw, 534px\" \/><\/a><p id=\"caption-attachment-4260\" class=\"wp-caption-text\">Salix helvetica<\/p><\/div>\n<div id=\"attachment_4261\" style=\"width: 650px\" class=\"wp-caption aligncenter\"><a href=\"https:\/\/www.preservons-la-nature.fr\/blog\/wp-content\/uploads\/2015\/11\/DSC06337.jpg\"><img loading=\"lazy\" decoding=\"async\" aria-describedby=\"caption-attachment-4261\" class=\"size-large wp-image-4261\" src=\"https:\/\/www.preservons-la-nature.fr\/blog\/wp-content\/uploads\/2015\/11\/DSC06337-1000x667.jpg\" alt=\"Salix reticulata\" width=\"640\" height=\"427\" srcset=\"https:\/\/preservons-la-nature.fr\/blog\/wp-content\/uploads\/2015\/11\/DSC06337.jpg 1000w, https:\/\/preservons-la-nature.fr\/blog\/wp-content\/uploads\/2015\/11\/DSC06337-300x200.jpg 300w\" sizes=\"auto, (max-width: 640px) 100vw, 640px\" \/><\/a><p id=\"caption-attachment-4261\" class=\"wp-caption-text\">Salix reticulata<\/p><\/div>\n<div id=\"attachment_4262\" style=\"width: 650px\" class=\"wp-caption aligncenter\"><a href=\"https:\/\/www.preservons-la-nature.fr\/blog\/wp-content\/uploads\/2015\/11\/DSC05507.jpg\"><img loading=\"lazy\" decoding=\"async\" aria-describedby=\"caption-attachment-4262\" class=\"size-large wp-image-4262\" src=\"https:\/\/www.preservons-la-nature.fr\/blog\/wp-content\/uploads\/2015\/11\/DSC05507-1000x667.jpg\" alt=\"Salix retusa\" width=\"640\" height=\"427\" srcset=\"https:\/\/preservons-la-nature.fr\/blog\/wp-content\/uploads\/2015\/11\/DSC05507.jpg 1000w, https:\/\/preservons-la-nature.fr\/blog\/wp-content\/uploads\/2015\/11\/DSC05507-300x200.jpg 300w\" sizes=\"auto, (max-width: 640px) 100vw, 640px\" \/><\/a><p id=\"caption-attachment-4262\" class=\"wp-caption-text\">Salix retusa<\/p><\/div>\n<div id=\"attachment_4263\" style=\"width: 650px\" class=\"wp-caption aligncenter\"><a href=\"https:\/\/www.preservons-la-nature.fr\/blog\/wp-content\/uploads\/2015\/11\/DSC05319.jpg\"><img loading=\"lazy\" decoding=\"async\" aria-describedby=\"caption-attachment-4263\" class=\"size-large wp-image-4263\" src=\"https:\/\/www.preservons-la-nature.fr\/blog\/wp-content\/uploads\/2015\/11\/DSC05319-1000x667.jpg\" alt=\"Ranunculus glacialis\" width=\"640\" height=\"427\" srcset=\"https:\/\/preservons-la-nature.fr\/blog\/wp-content\/uploads\/2015\/11\/DSC05319.jpg 1000w, https:\/\/preservons-la-nature.fr\/blog\/wp-content\/uploads\/2015\/11\/DSC05319-300x200.jpg 300w\" sizes=\"auto, (max-width: 640px) 100vw, 640px\" \/><\/a><p id=\"caption-attachment-4263\" class=\"wp-caption-text\">Ranunculus glacialis<\/p><\/div>\n<div id=\"attachment_4264\" style=\"width: 544px\" class=\"wp-caption aligncenter\"><a href=\"https:\/\/www.preservons-la-nature.fr\/blog\/wp-content\/uploads\/2015\/11\/DSC05513.jpg\"><img loading=\"lazy\" decoding=\"async\" aria-describedby=\"caption-attachment-4264\" class=\"size-large wp-image-4264\" src=\"https:\/\/www.preservons-la-nature.fr\/blog\/wp-content\/uploads\/2015\/11\/DSC05513-534x800.jpg\" alt=\"Juncus jacquini\" width=\"534\" height=\"800\" srcset=\"https:\/\/preservons-la-nature.fr\/blog\/wp-content\/uploads\/2015\/11\/DSC05513-534x800.jpg 534w, https:\/\/preservons-la-nature.fr\/blog\/wp-content\/uploads\/2015\/11\/DSC05513-200x300.jpg 200w, https:\/\/preservons-la-nature.fr\/blog\/wp-content\/uploads\/2015\/11\/DSC05513.jpg 667w\" sizes=\"auto, (max-width: 534px) 100vw, 534px\" \/><\/a><p id=\"caption-attachment-4264\" class=\"wp-caption-text\">Juncus jacquini<\/p><\/div>\n<p>La redescente vers le refuge nous permet d\u2019observer le commun Sparganium angustifolium dans plusieurs petits lacs.<\/p>\n<div id=\"attachment_4266\" style=\"width: 650px\" class=\"wp-caption aligncenter\"><a href=\"https:\/\/www.preservons-la-nature.fr\/blog\/wp-content\/uploads\/2015\/11\/DSC05571.jpg\"><img loading=\"lazy\" decoding=\"async\" aria-describedby=\"caption-attachment-4266\" class=\"size-large wp-image-4266\" src=\"https:\/\/www.preservons-la-nature.fr\/blog\/wp-content\/uploads\/2015\/11\/DSC05571-1000x667.jpg\" alt=\"Petits lacs pr\u00e8s du refuge des Evettes\" width=\"640\" height=\"427\" srcset=\"https:\/\/preservons-la-nature.fr\/blog\/wp-content\/uploads\/2015\/11\/DSC05571.jpg 1000w, https:\/\/preservons-la-nature.fr\/blog\/wp-content\/uploads\/2015\/11\/DSC05571-300x200.jpg 300w\" sizes=\"auto, (max-width: 640px) 100vw, 640px\" \/><\/a><p id=\"caption-attachment-4266\" class=\"wp-caption-text\">Petits lacs pr\u00e8s du refuge des Evettes<\/p><\/div>\n<div id=\"attachment_4267\" style=\"width: 650px\" class=\"wp-caption aligncenter\"><a href=\"https:\/\/www.preservons-la-nature.fr\/blog\/wp-content\/uploads\/2015\/11\/DSC05545.jpg\"><img loading=\"lazy\" decoding=\"async\" aria-describedby=\"caption-attachment-4267\" class=\"size-large wp-image-4267\" src=\"https:\/\/www.preservons-la-nature.fr\/blog\/wp-content\/uploads\/2015\/11\/DSC05545-1000x667.jpg\" alt=\"Sparganium angustifolium\" width=\"640\" height=\"427\" srcset=\"https:\/\/preservons-la-nature.fr\/blog\/wp-content\/uploads\/2015\/11\/DSC05545.jpg 1000w, https:\/\/preservons-la-nature.fr\/blog\/wp-content\/uploads\/2015\/11\/DSC05545-300x200.jpg 300w\" sizes=\"auto, (max-width: 640px) 100vw, 640px\" \/><\/a><p id=\"caption-attachment-4267\" class=\"wp-caption-text\">Sparganium angustifolium<\/p><\/div>\n<p>Nous envisageons la descente le long de la cascade via des cordes. Cette descente ne pose pas de probl\u00e8me particulier. Nous y observons sur le versant est Campanula barbata qui n\u2019est pas rare dans ce secteur. Selaginella selaginoides est abondante dans ce milieu frais.<\/p>\n<div id=\"attachment_4268\" style=\"width: 544px\" class=\"wp-caption aligncenter\"><a href=\"https:\/\/www.preservons-la-nature.fr\/blog\/wp-content\/uploads\/2015\/11\/DSC05553.jpg\"><img loading=\"lazy\" decoding=\"async\" aria-describedby=\"caption-attachment-4268\" class=\"size-large wp-image-4268\" src=\"https:\/\/www.preservons-la-nature.fr\/blog\/wp-content\/uploads\/2015\/11\/DSC05553-534x800.jpg\" alt=\"Campanula barbata\" width=\"534\" height=\"800\" srcset=\"https:\/\/preservons-la-nature.fr\/blog\/wp-content\/uploads\/2015\/11\/DSC05553-534x800.jpg 534w, https:\/\/preservons-la-nature.fr\/blog\/wp-content\/uploads\/2015\/11\/DSC05553-200x300.jpg 200w, https:\/\/preservons-la-nature.fr\/blog\/wp-content\/uploads\/2015\/11\/DSC05553.jpg 667w\" sizes=\"auto, (max-width: 534px) 100vw, 534px\" \/><\/a><p id=\"caption-attachment-4268\" class=\"wp-caption-text\">Campanula barbata<\/p><\/div>\n<div id=\"attachment_4269\" style=\"width: 650px\" class=\"wp-caption aligncenter\"><a href=\"https:\/\/www.preservons-la-nature.fr\/blog\/wp-content\/uploads\/2015\/11\/DSC05577.jpg\"><img loading=\"lazy\" decoding=\"async\" aria-describedby=\"caption-attachment-4269\" class=\"size-large wp-image-4269\" src=\"https:\/\/www.preservons-la-nature.fr\/blog\/wp-content\/uploads\/2015\/11\/DSC05577-1000x667.jpg\" alt=\"Selaginella selaginoides\" width=\"640\" height=\"427\" srcset=\"https:\/\/preservons-la-nature.fr\/blog\/wp-content\/uploads\/2015\/11\/DSC05577.jpg 1000w, https:\/\/preservons-la-nature.fr\/blog\/wp-content\/uploads\/2015\/11\/DSC05577-300x200.jpg 300w\" sizes=\"auto, (max-width: 640px) 100vw, 640px\" \/><\/a><p id=\"caption-attachment-4269\" class=\"wp-caption-text\">Selaginella selaginoides<\/p><\/div>\n<p>En poursuivant notre descente, nous rencontrons Bupleurum stellatum, puis diff\u00e9rentes aconits dans la d\u00e9termination n\u2019est pas des plus \u00e9videntes (sommes-nous en pr\u00e9sence d\u2019hybrides ? ou de l\u2019aconit du valais signal\u00e9 dans le secteur puis contest\u00e9) .<\/p>\n<div id=\"attachment_4270\" style=\"width: 544px\" class=\"wp-caption aligncenter\"><a href=\"https:\/\/www.preservons-la-nature.fr\/blog\/wp-content\/uploads\/2015\/11\/DSC05582.jpg\"><img loading=\"lazy\" decoding=\"async\" aria-describedby=\"caption-attachment-4270\" class=\"size-large wp-image-4270\" src=\"https:\/\/www.preservons-la-nature.fr\/blog\/wp-content\/uploads\/2015\/11\/DSC05582-534x800.jpg\" alt=\"Bupleurum stellatum\" width=\"534\" height=\"800\" srcset=\"https:\/\/preservons-la-nature.fr\/blog\/wp-content\/uploads\/2015\/11\/DSC05582-534x800.jpg 534w, https:\/\/preservons-la-nature.fr\/blog\/wp-content\/uploads\/2015\/11\/DSC05582-200x300.jpg 200w, https:\/\/preservons-la-nature.fr\/blog\/wp-content\/uploads\/2015\/11\/DSC05582.jpg 667w\" sizes=\"auto, (max-width: 534px) 100vw, 534px\" \/><\/a><p id=\"caption-attachment-4270\" class=\"wp-caption-text\">Bupleurum stellatum<\/p><\/div>\n<div id=\"attachment_4271\" style=\"width: 544px\" class=\"wp-caption aligncenter\"><a href=\"https:\/\/www.preservons-la-nature.fr\/blog\/wp-content\/uploads\/2015\/11\/DSC05605.jpg\"><img loading=\"lazy\" decoding=\"async\" aria-describedby=\"caption-attachment-4271\" class=\"size-large wp-image-4271\" src=\"https:\/\/www.preservons-la-nature.fr\/blog\/wp-content\/uploads\/2015\/11\/DSC05605-534x800.jpg\" alt=\"Aconitum variegatum\" width=\"534\" height=\"800\" srcset=\"https:\/\/preservons-la-nature.fr\/blog\/wp-content\/uploads\/2015\/11\/DSC05605-534x800.jpg 534w, https:\/\/preservons-la-nature.fr\/blog\/wp-content\/uploads\/2015\/11\/DSC05605-200x300.jpg 200w, https:\/\/preservons-la-nature.fr\/blog\/wp-content\/uploads\/2015\/11\/DSC05605.jpg 667w\" sizes=\"auto, (max-width: 534px) 100vw, 534px\" \/><\/a><p id=\"caption-attachment-4271\" class=\"wp-caption-text\">Aconitum variegatum<\/p><\/div>\n<p>Nous avons \u00e9videmment r\u00e9alis\u00e9 un inventaire bien plus important mais nous ne pouvions pas tout vous pr\u00e9senter dans le cadre de cet article. Une belle randonn\u00e9e vous permettra de d\u00e9couvrir d\u2019autres esp\u00e8ces typiques de ces milieux d\u2019altitude, certaines sont tr\u00e8s rares.<\/p>\n","protected":false},"excerpt":{"rendered":"<p>Le Cirque des Evettes contient des tr\u00e9sors botaniques insoup\u00e7onn\u00e9s dont nous allons vous partager quelques-uns. C\u2019est apr\u00e8s une ascension \u00e0 partir de Bonneval-sur-Arc (environ 1600 m\u00e8tres d\u2019altitude) jusqu\u2019au col des Evettes (2580 m\u00e8tres environ) sur un versant Nord pr\u00e9sentant des &hellip; <a href=\"https:\/\/preservons-la-nature.fr\/blog\/?p=4245\">Continuer la lecture <span class=\"meta-nav\">&rarr;<\/span><\/a><\/p>\n","protected":false},"author":1,"featured_media":0,"comment_status":"open","ping_status":"open","sticky":false,"template":"","format":"standard","meta":{"footnotes":""},"categories":[11,87],"tags":[],"class_list":["post-4245","post","type-post","status-publish","format-standard","hentry","category-contempler","category-ficheplante"],"_links":{"self":[{"href":"https:\/\/preservons-la-nature.fr\/blog\/index.php?rest_route=\/wp\/v2\/posts\/4245","targetHints":{"allow":["GET"]}}],"collection":[{"href":"https:\/\/preservons-la-nature.fr\/blog\/index.php?rest_route=\/wp\/v2\/posts"}],"about":[{"href":"https:\/\/preservons-la-nature.fr\/blog\/index.php?rest_route=\/wp\/v2\/types\/post"}],"author":[{"embeddable":true,"href":"https:\/\/preservons-la-nature.fr\/blog\/index.php?rest_route=\/wp\/v2\/users\/1"}],"replies":[{"embeddable":true,"href":"https:\/\/preservons-la-nature.fr\/blog\/index.php?rest_route=%2Fwp%2Fv2%2Fcomments&post=4245"}],"version-history":[{"count":4,"href":"https:\/\/preservons-la-nature.fr\/blog\/index.php?rest_route=\/wp\/v2\/posts\/4245\/revisions"}],"predecessor-version":[{"id":4272,"href":"https:\/\/preservons-la-nature.fr\/blog\/index.php?rest_route=\/wp\/v2\/posts\/4245\/revisions\/4272"}],"wp:attachment":[{"href":"https:\/\/preservons-la-nature.fr\/blog\/index.php?rest_route=%2Fwp%2Fv2%2Fmedia&parent=4245"}],"wp:term":[{"taxonomy":"category","embeddable":true,"href":"https:\/\/preservons-la-nature.fr\/blog\/index.php?rest_route=%2Fwp%2Fv2%2Fcategories&post=4245"},{"taxonomy":"post_tag","embeddable":true,"href":"https:\/\/preservons-la-nature.fr\/blog\/index.php?rest_route=%2Fwp%2Fv2%2Ftags&post=4245"}],"curies":[{"name":"wp","href":"https:\/\/api.w.org\/{rel}","templated":true}]}}