{"id":4235,"date":"2015-03-26T11:17:29","date_gmt":"2015-03-26T10:17:29","guid":{"rendered":"https:\/\/www.preservons-la-nature.fr\/blog\/?p=4235"},"modified":"2015-03-26T11:30:38","modified_gmt":"2015-03-26T10:30:38","slug":"carex-dauvergne","status":"publish","type":"post","link":"https:\/\/preservons-la-nature.fr\/blog\/?p=4235","title":{"rendered":"Carex d&rsquo;Auvergne"},"content":{"rendered":"<p>Voici un livre remarquable que je viens de d\u00e9couvrir : Carex d&rsquo;Auvergne. Il est \u00e9dit\u00e9 par l&rsquo;association Digitalis et les auteurs sont Robert Portal et Maryse Tort. Les dessins de Robert Portal sont superbes et les informations d\u00e9livr\u00e9es par Maryse Tort ajoutent de la pertinence \u00e0 ce livre. Une partie de l&rsquo;ouvrage est consacr\u00e9e \u00e0 l&rsquo;architecture de l&rsquo;appareil v\u00e9g\u00e9tatif, ce qui ajoute un int\u00e9r\u00eat suppl\u00e9mentaire \u00e0 l&rsquo;ouvrage.<\/p>\n<div id=\"attachment_4236\" style=\"width: 481px\" class=\"wp-caption aligncenter\"><a href=\"https:\/\/www.preservons-la-nature.fr\/blog\/wp-content\/uploads\/2015\/03\/Carex-Auvergne.jpg\"><img loading=\"lazy\" decoding=\"async\" aria-describedby=\"caption-attachment-4236\" src=\"https:\/\/www.preservons-la-nature.fr\/blog\/wp-content\/uploads\/2015\/03\/Carex-Auvergne.jpg\" alt=\"Carex d&#039;Auvergne\" width=\"471\" height=\"683\" class=\"size-full wp-image-4236\" srcset=\"https:\/\/preservons-la-nature.fr\/blog\/wp-content\/uploads\/2015\/03\/Carex-Auvergne.jpg 471w, https:\/\/preservons-la-nature.fr\/blog\/wp-content\/uploads\/2015\/03\/Carex-Auvergne-207x300.jpg 207w\" sizes=\"auto, (max-width: 471px) 100vw, 471px\" \/><\/a><p id=\"caption-attachment-4236\" class=\"wp-caption-text\">Carex d&rsquo;Auvergne<\/p><\/div>\n<p>Vous trouverez un exemple de page <a href=\"https:\/\/docs.google.com\/file\/d\/0B6pTei_AAQJlcnRTNm8xYWRjVlE\/edit\" target=\"_blank\">ICI<\/a>. A noter que le prix du livre est de 30\u20ac50 pour 2015. Voici le site de l&rsquo;association DIGITALIS : <a href=\"http:\/\/associationdigitalis.blogspot.fr\" target=\"_blank\">http:\/\/associationdigitalis.blogspot.fr<\/a><\/p>\n<p>Vous trouverez plus de 60 carex d\u00e9crits dans ce livre (un livre qui peut donc couvrir d&rsquo;autres r\u00e9gions!) :<\/p>\n<ul>\n<li><a href=\"https:\/\/www.preservons-la-nature.fr\/flore\/taxon\/186.html\">Carex acuta L.<\/a><\/li>\n<li><a href=\"https:\/\/www.preservons-la-nature.fr\/flore\/taxon\/187.html\">Carex acutiformis Ehrh.<\/a><\/li>\n<li><a href=\"https:\/\/www.preservons-la-nature.fr\/flore\/taxon\/1890.html\">Carex appropinquata Schumach.<\/a><\/li>\n<li><a href=\"https:\/\/www.preservons-la-nature.fr\/flore\/taxon\/188.html\">Carex atrata L.<\/a><\/li>\n<li><a href=\"https:\/\/www.preservons-la-nature.fr\/flore\/taxon\/1899.html\">Carex brizoides L.<\/a><\/li>\n<li><a href=\"https:\/\/www.preservons-la-nature.fr\/flore\/taxon\/1901.html\">Carex canescens L.<\/a><\/li>\n<li><a href=\"https:\/\/www.preservons-la-nature.fr\/flore\/taxon\/190.html\">Carex caryophyllea Latourr.<\/a><\/li>\n<li><a href=\"https:\/\/www.preservons-la-nature.fr\/flore\/taxon\/1902.html\">Carex chordorrhiza L.f.<\/a><\/li>\n<li><a href=\"https:\/\/www.preservons-la-nature.fr\/flore\/taxon\/1903.html\">Carex curvula All.<\/a><\/li>\n<li><a href=\"https:\/\/www.preservons-la-nature.fr\/flore\/taxon\/1904.html\">Carex davalliana Sm.<\/a><\/li>\n<li><a href=\"https:\/\/www.preservons-la-nature.fr\/flore\/taxon\/6228.html\">Carex demissa Vahl ex Hartm.<\/a><\/li>\n<li><a href=\"https:\/\/www.preservons-la-nature.fr\/flore\/taxon\/193.html\">Carex depauperata Curtis ex With.<\/a><\/li>\n<li><a href=\"https:\/\/www.preservons-la-nature.fr\/flore\/taxon\/1906.html\">Carex diandra Schrank<\/a><\/li>\n<li><a href=\"https:\/\/www.preservons-la-nature.fr\/flore\/taxon\/1907.html\">Carex digitata L.<\/a><\/li>\n<li><a href=\"https:\/\/www.preservons-la-nature.fr\/flore\/taxon\/1908.html\">Carex dioica L.<\/a><\/li>\n<li><a href=\"https:\/\/www.preservons-la-nature.fr\/flore\/taxon\/194.html\">Carex distans L.<\/a><\/li>\n<li><a href=\"https:\/\/www.preservons-la-nature.fr\/flore\/taxon\/195.html\">Carex disticha Huds.<\/a><\/li>\n<li><a href=\"https:\/\/www.preservons-la-nature.fr\/flore\/taxon\/1910.html\">Carex divisa Huds.<\/a><\/li>\n<li><a href=\"https:\/\/www.preservons-la-nature.fr\/flore\/taxon\/197.html\">Carex echinata Murray<\/a><\/li>\n<li><a href=\"https:\/\/www.preservons-la-nature.fr\/flore\/taxon\/1307.html\">Carex elata All.<\/a><\/li>\n<li><a href=\"https:\/\/www.preservons-la-nature.fr\/flore\/taxon\/198.html\">Carex elongata L.<\/a><\/li>\n<li><a href=\"https:\/\/www.preservons-la-nature.fr\/flore\/taxon\/1912.html\">Carex ericetorum Pollich<\/a><\/li>\n<li><a href=\"https:\/\/www.preservons-la-nature.fr\/flore\/taxon\/199.html\">Carex flacca Schreb.<\/a><\/li>\n<li><a href=\"https:\/\/www.preservons-la-nature.fr\/flore\/taxon\/201.html\">Carex flava L.<\/a><\/li>\n<li><a href=\"https:\/\/www.preservons-la-nature.fr\/flore\/taxon\/202.html\">Carex halleriana Asso<\/a><\/li>\n<li><a href=\"https:\/\/www.preservons-la-nature.fr\/flore\/taxon\/203.html\">Carex hartmanii Cajander<\/a><\/li>\n<li><a href=\"https:\/\/www.preservons-la-nature.fr\/flore\/taxon\/1923.html\">Carex hordeistichos Vill.<\/a><\/li>\n<li><a href=\"https:\/\/www.preservons-la-nature.fr\/flore\/taxon\/206.html\">Carex hostiana DC.<\/a><\/li>\n<li><a href=\"https:\/\/www.preservons-la-nature.fr\/flore\/taxon\/207.html\">Carex humilis Leyss. [1758]<\/a><\/li>\n<li><a href=\"https:\/\/www.preservons-la-nature.fr\/flore\/taxon\/208.html\">Carex laevigata Sm.<\/a><\/li>\n<li><a href=\"https:\/\/www.preservons-la-nature.fr\/flore\/taxon\/209.html\">Carex lasiocarpa Ehrh.<\/a><\/li>\n<li><a href=\"https:\/\/www.preservons-la-nature.fr\/flore\/taxon\/6227.html\">Carex leersii F.W.Schultz<\/a><\/li>\n<li><a href=\"https:\/\/www.preservons-la-nature.fr\/flore\/taxon\/210.html\">Carex lepidocarpa Tausch<\/a><\/li>\n<li><a href=\"https:\/\/www.preservons-la-nature.fr\/flore\/taxon\/211.html\">Carex leporina L.<\/a><\/li>\n<li><a href=\"https:\/\/www.preservons-la-nature.fr\/flore\/taxon\/1925.html\">Carex limosa L.<\/a><\/li>\n<li><a href=\"https:\/\/www.preservons-la-nature.fr\/flore\/taxon\/214.html\">Carex montana L.<\/a><\/li>\n<li><a href=\"https:\/\/www.preservons-la-nature.fr\/flore\/taxon\/215.html\">Carex nigra (L.) Reichard<\/a><\/li>\n<li><a href=\"https:\/\/www.preservons-la-nature.fr\/flore\/taxon\/191.html\">Carex otrubae Podp.<\/a><\/li>\n<li><a href=\"https:\/\/www.preservons-la-nature.fr\/flore\/taxon\/216.html\">Carex pairae F.W.Schultz<\/a><\/li>\n<li><a href=\"https:\/\/www.preservons-la-nature.fr\/flore\/taxon\/217.html\">Carex pallescens L.<\/a><\/li>\n<li><a href=\"https:\/\/www.preservons-la-nature.fr\/flore\/taxon\/218.html\">Carex panicea L.<\/a><\/li>\n<li><a href=\"https:\/\/www.preservons-la-nature.fr\/flore\/taxon\/219.html\">Carex paniculata L.<\/a><\/li>\n<li><a href=\"https:\/\/www.preservons-la-nature.fr\/flore\/taxon\/1941.html\">Carex pauciflora Lightf.<\/a><\/li>\n<li><a href=\"https:\/\/www.preservons-la-nature.fr\/flore\/taxon\/221.html\">Carex pendula Huds.<\/a><\/li>\n<li><a href=\"https:\/\/www.preservons-la-nature.fr\/flore\/taxon\/1942.html\">Carex pilosa Scop.<\/a><\/li>\n<li><a href=\"https:\/\/www.preservons-la-nature.fr\/flore\/taxon\/1308.html\">Carex pilulifera L.<\/a><\/li>\n<li><a href=\"https:\/\/www.preservons-la-nature.fr\/flore\/taxon\/222.html\">Carex praecox Schreb.<\/a><\/li>\n<li><a href=\"https:\/\/www.preservons-la-nature.fr\/flore\/taxon\/223.html\">Carex pseudocyperus L.<\/a><\/li>\n<li><a href=\"https:\/\/www.preservons-la-nature.fr\/flore\/taxon\/224.html\">Carex pulicaris L.<\/a><\/li>\n<li><a href=\"https:\/\/www.preservons-la-nature.fr\/flore\/taxon\/1943.html\">Carex punctata Gaudin<\/a><\/li>\n<li><a href=\"https:\/\/www.preservons-la-nature.fr\/flore\/taxon\/225.html\">Carex remota L.<\/a><\/li>\n<li><a href=\"https:\/\/www.preservons-la-nature.fr\/flore\/taxon\/226.html\">Carex riparia Curtis<\/a><\/li>\n<li><a href=\"https:\/\/www.preservons-la-nature.fr\/flore\/taxon\/1945.html\">Carex rostrata Stokes<\/a><\/li>\n<li><a href=\"https:\/\/www.preservons-la-nature.fr\/flore\/taxon\/227.html\">Carex spicata Huds.<\/a><\/li>\n<li><a href=\"https:\/\/www.preservons-la-nature.fr\/flore\/taxon\/14133.html\">Carex stenophylla Wahlenb.<\/a><\/li>\n<li><a href=\"https:\/\/www.preservons-la-nature.fr\/flore\/taxon\/1948.html\">Carex strigosa Huds.<\/a><\/li>\n<li><a href=\"https:\/\/www.preservons-la-nature.fr\/flore\/taxon\/1398.html\">Carex sylvatica Huds.<\/a><\/li>\n<li><a href=\"https:\/\/www.preservons-la-nature.fr\/flore\/taxon\/228.html\">Carex tomentosa L.<\/a><\/li>\n<li><a href=\"https:\/\/www.preservons-la-nature.fr\/flore\/taxon\/1951.html\">Carex umbrosa Host<\/a><\/li>\n<li><a href=\"https:\/\/www.preservons-la-nature.fr\/flore\/taxon\/1952.html\">Carex vaginata Tausch<\/a><\/li>\n<li><a href=\"https:\/\/www.preservons-la-nature.fr\/flore\/taxon\/229.html\">Carex vesicaria L.<\/a><\/li>\n<li><a href=\"https:\/\/www.preservons-la-nature.fr\/flore\/taxon\/231.html\">Carex vulpina L.<\/a><\/li>\n<\/ul>\n","protected":false},"excerpt":{"rendered":"<p>Voici un livre remarquable que je viens de d\u00e9couvrir : Carex d&rsquo;Auvergne. Il est \u00e9dit\u00e9 par l&rsquo;association Digitalis et les auteurs sont Robert Portal et Maryse Tort. Les dessins de Robert Portal sont superbes et les informations d\u00e9livr\u00e9es par Maryse &hellip; <a href=\"https:\/\/preservons-la-nature.fr\/blog\/?p=4235\">Continuer la lecture <span class=\"meta-nav\">&rarr;<\/span><\/a><\/p>\n","protected":false},"author":1,"featured_media":0,"comment_status":"open","ping_status":"open","sticky":false,"template":"","format":"standard","meta":{"footnotes":""},"categories":[87,140],"tags":[],"class_list":["post-4235","post","type-post","status-publish","format-standard","hentry","category-ficheplante","category-livres"],"_links":{"self":[{"href":"https:\/\/preservons-la-nature.fr\/blog\/index.php?rest_route=\/wp\/v2\/posts\/4235","targetHints":{"allow":["GET"]}}],"collection":[{"href":"https:\/\/preservons-la-nature.fr\/blog\/index.php?rest_route=\/wp\/v2\/posts"}],"about":[{"href":"https:\/\/preservons-la-nature.fr\/blog\/index.php?rest_route=\/wp\/v2\/types\/post"}],"author":[{"embeddable":true,"href":"https:\/\/preservons-la-nature.fr\/blog\/index.php?rest_route=\/wp\/v2\/users\/1"}],"replies":[{"embeddable":true,"href":"https:\/\/preservons-la-nature.fr\/blog\/index.php?rest_route=%2Fwp%2Fv2%2Fcomments&post=4235"}],"version-history":[{"count":5,"href":"https:\/\/preservons-la-nature.fr\/blog\/index.php?rest_route=\/wp\/v2\/posts\/4235\/revisions"}],"predecessor-version":[{"id":4241,"href":"https:\/\/preservons-la-nature.fr\/blog\/index.php?rest_route=\/wp\/v2\/posts\/4235\/revisions\/4241"}],"wp:attachment":[{"href":"https:\/\/preservons-la-nature.fr\/blog\/index.php?rest_route=%2Fwp%2Fv2%2Fmedia&parent=4235"}],"wp:term":[{"taxonomy":"category","embeddable":true,"href":"https:\/\/preservons-la-nature.fr\/blog\/index.php?rest_route=%2Fwp%2Fv2%2Fcategories&post=4235"},{"taxonomy":"post_tag","embeddable":true,"href":"https:\/\/preservons-la-nature.fr\/blog\/index.php?rest_route=%2Fwp%2Fv2%2Ftags&post=4235"}],"curies":[{"name":"wp","href":"https:\/\/api.w.org\/{rel}","templated":true}]}}