{"id":4180,"date":"2014-12-27T16:18:13","date_gmt":"2014-12-27T15:18:13","guid":{"rendered":"https:\/\/www.preservons-la-nature.fr\/blog\/?p=4180"},"modified":"2014-12-27T16:18:13","modified_gmt":"2014-12-27T15:18:13","slug":"partez-a-la-decouverte-des-caryophyllacees-3","status":"publish","type":"post","link":"https:\/\/preservons-la-nature.fr\/blog\/?p=4180","title":{"rendered":"Partez \u00e0 la d\u00e9couverte des Caryophyllac\u00e9es"},"content":{"rendered":"<p>D\u00e9couvrez ces fleurs de la famille des caryophyllac\u00e9es bien reconnaissable. Vous pourrez d\u00e9couvrir leur r\u00e9partition, leur milieu privil\u00e9gi\u00e9, les fa\u00e7ons de les reconna\u00eetre. Il vous suffit de cliquer sur une des photos suivantes pour acc\u00e9der \u00e0 la fiche :<\/p>\n<p><a href=\"https:\/\/www.preservons-la-nature.fr\/flore\/taxon\/1284.html\"><img decoding=\"async\" src=\"https:\/\/www.preservons-la-nature.fr\/flore\/image\/1284\/_DSC9948_150.jpg\" alt=\"Agrostemma githago L.\" \/><\/a> <a href=\"https:\/\/www.preservons-la-nature.fr\/flore\/taxon\/4008.html\"><img decoding=\"async\" src=\"https:\/\/www.preservons-la-nature.fr\/flore\/image\/4008\/DSC09179_150.jpg\" alt=\"Arenaria grandiflora L.\" \/><\/a> <a href=\"https:\/\/www.preservons-la-nature.fr\/flore\/taxon\/93.html\"><img decoding=\"async\" src=\"https:\/\/www.preservons-la-nature.fr\/flore\/image\/93\/DSC01050_150.jpg\" alt=\"Arenaria leptoclados (Rchb.) Guss.\" \/><\/a> <a href=\"https:\/\/www.preservons-la-nature.fr\/flore\/taxon\/7806.html\"><img decoding=\"async\" src=\"https:\/\/www.preservons-la-nature.fr\/flore\/image\/7806\/_DSC1694_150.jpg\" alt=\"Arenaria multicaulis L.\" \/><\/a> <a href=\"https:\/\/www.preservons-la-nature.fr\/flore\/taxon\/94.html\"><img decoding=\"async\" src=\"https:\/\/www.preservons-la-nature.fr\/flore\/image\/94\/_DSC6243_150.jpg\" alt=\"Arenaria serpyllifolia L.\" \/><\/a> <a href=\"https:\/\/www.preservons-la-nature.fr\/flore\/taxon\/4415.html\"><img decoding=\"async\" src=\"https:\/\/www.preservons-la-nature.fr\/flore\/image\/4415\/_DSC3237_150.jpg\" alt=\"Atocion rupestre (L.) B.Oxelman\" \/><\/a> <a href=\"https:\/\/www.preservons-la-nature.fr\/flore\/taxon\/247.html\"><img decoding=\"async\" src=\"https:\/\/www.preservons-la-nature.fr\/flore\/image\/247\/DSC09187_150.jpg\" alt=\"Cerastium arvense L.\" \/><\/a> <a href=\"https:\/\/www.preservons-la-nature.fr\/flore\/taxon\/248.html\"><img decoding=\"async\" src=\"https:\/\/www.preservons-la-nature.fr\/flore\/image\/248\/_DSC5365_150.jpg\" alt=\"Cerastium brachypetalum Desp. ex Pers.\" \/><\/a> <a href=\"https:\/\/www.preservons-la-nature.fr\/flore\/taxon\/8651.html\"><img decoding=\"async\" src=\"https:\/\/www.preservons-la-nature.fr\/flore\/image\/8651\/DSC00746_150.jpg\" alt=\"Cerastium diffusum Pers.\" \/><\/a> <a href=\"https:\/\/www.preservons-la-nature.fr\/flore\/taxon\/249.html\"><img decoding=\"async\" src=\"https:\/\/www.preservons-la-nature.fr\/flore\/image\/249\/DSC04124_150.jpg\" alt=\"Cerastium fontanum Baumg.\" \/><\/a> <a href=\"https:\/\/www.preservons-la-nature.fr\/flore\/taxon\/250.html\"><img decoding=\"async\" src=\"https:\/\/www.preservons-la-nature.fr\/flore\/image\/250\/_DSC5356_150.jpg\" alt=\"Cerastium glomeratum Thuill.\" \/><\/a> <a href=\"https:\/\/www.preservons-la-nature.fr\/flore\/taxon\/2005.html\"><img decoding=\"async\" src=\"https:\/\/www.preservons-la-nature.fr\/flore\/image\/2005\/_DSC2474_150.jpg\" alt=\"Cerastium latifolium L.\" \/><\/a> <a href=\"https:\/\/www.preservons-la-nature.fr\/flore\/taxon\/251.html\"><img decoding=\"async\" src=\"https:\/\/www.preservons-la-nature.fr\/flore\/image\/251\/DSC04198_150.jpg\" alt=\"Cerastium pumilum Curtis\" \/><\/a> <a href=\"https:\/\/www.preservons-la-nature.fr\/flore\/taxon\/252.html\"><img decoding=\"async\" src=\"https:\/\/www.preservons-la-nature.fr\/flore\/image\/252\/DSC08389_150.jpg\" alt=\"Cerastium semidecandrum L.\" \/><\/a> <a href=\"https:\/\/www.preservons-la-nature.fr\/flore\/taxon\/6234.html\"><img decoding=\"async\" src=\"https:\/\/www.preservons-la-nature.fr\/flore\/image\/6234\/DSC09183_150.jpg\" alt=\"Cerastium tomentosum L.\" \/><\/a> <a href=\"https:\/\/www.preservons-la-nature.fr\/flore\/taxon\/1320.html\"><img decoding=\"async\" src=\"https:\/\/www.preservons-la-nature.fr\/flore\/image\/1320\/DSC09007_150.jpg\" alt=\"Dianthus armeria L.\" \/><\/a> <a href=\"https:\/\/www.preservons-la-nature.fr\/flore\/taxon\/353.html\"><img decoding=\"async\" src=\"https:\/\/www.preservons-la-nature.fr\/flore\/image\/353\/_DSC0748_150.jpg\" alt=\"Dianthus carthusianorum L.\" \/><\/a> <a href=\"https:\/\/www.preservons-la-nature.fr\/flore\/taxon\/4081.html\"><img decoding=\"async\" src=\"https:\/\/www.preservons-la-nature.fr\/flore\/image\/4081\/_DSC2800_150.jpg\" alt=\"Dianthus deltoides L.\" \/><\/a> <a href=\"https:\/\/www.preservons-la-nature.fr\/flore\/taxon\/4082.html\"><img decoding=\"async\" src=\"https:\/\/www.preservons-la-nature.fr\/flore\/image\/4082\/DSC06095_150.jpg\" alt=\"Dianthus furcatus Balb.\" \/><\/a> <a href=\"https:\/\/www.preservons-la-nature.fr\/flore\/taxon\/2203.html\"><img decoding=\"async\" src=\"https:\/\/www.preservons-la-nature.fr\/flore\/image\/2203\/DSC09805_150.jpg\" alt=\"Dianthus gallicus Pers.\" \/><\/a> <a href=\"https:\/\/www.preservons-la-nature.fr\/flore\/taxon\/7474.html\"><img decoding=\"async\" src=\"https:\/\/www.preservons-la-nature.fr\/flore\/image\/7474\/_DSC3117_150.jpg\" alt=\"Dianthus hyssopifolius L.\" \/><\/a> <a href=\"https:\/\/www.preservons-la-nature.fr\/flore\/taxon\/7864.html\"><img decoding=\"async\" src=\"https:\/\/www.preservons-la-nature.fr\/flore\/image\/7864\/DSC06354_150.jpg\" alt=\"Dianthus longicaulis Ten.\" \/><\/a> <a href=\"https:\/\/www.preservons-la-nature.fr\/flore\/taxon\/2207.html\"><img decoding=\"async\" src=\"https:\/\/www.preservons-la-nature.fr\/flore\/image\/2207\/DSC05716_150.jpg\" alt=\"Dianthus pavonius Tausch\" \/><\/a> <a href=\"https:\/\/www.preservons-la-nature.fr\/flore\/taxon\/8072.html\"><img decoding=\"async\" src=\"https:\/\/www.preservons-la-nature.fr\/flore\/image\/8072\/DSC03819_150.jpg\" alt=\"Dianthus plumarius L.\" \/><\/a> <a href=\"https:\/\/www.preservons-la-nature.fr\/flore\/taxon\/6624.html\"><img decoding=\"async\" src=\"https:\/\/www.preservons-la-nature.fr\/flore\/image\/6624\/DSC09403_150.jpg\" alt=\"Dianthus saxicola Jord.\" \/><\/a> <a href=\"https:\/\/www.preservons-la-nature.fr\/flore\/taxon\/4084.html\"><img decoding=\"async\" src=\"https:\/\/www.preservons-la-nature.fr\/flore\/image\/4084\/DSC06363_150.jpg\" alt=\"Dianthus seguieri Vill.\" \/><\/a> <a href=\"https:\/\/www.preservons-la-nature.fr\/flore\/taxon\/2212.html\"><img decoding=\"async\" src=\"https:\/\/www.preservons-la-nature.fr\/flore\/image\/2212\/DSC05577_150.jpg\" alt=\"Dianthus superbus L.\" \/><\/a> <a href=\"https:\/\/www.preservons-la-nature.fr\/flore\/taxon\/2514.html\"><img decoding=\"async\" src=\"https:\/\/www.preservons-la-nature.fr\/flore\/image\/2514\/_DSC2665_150.jpg\" alt=\"Gypsophila repens L.\" \/><\/a> <a href=\"https:\/\/www.preservons-la-nature.fr\/flore\/taxon\/1337.html\"><img decoding=\"async\" src=\"https:\/\/www.preservons-la-nature.fr\/flore\/image\/1337\/DSC06847_150.jpg\" alt=\"Herniaria glabra L.\" \/><\/a> <a href=\"https:\/\/www.preservons-la-nature.fr\/flore\/taxon\/540.html\"><img decoding=\"async\" src=\"https:\/\/www.preservons-la-nature.fr\/flore\/image\/540\/DSC03294_150.jpg\" alt=\"Herniaria hirsuta L.\" \/><\/a> <a href=\"https:\/\/www.preservons-la-nature.fr\/flore\/taxon\/4121.html\"><img decoding=\"async\" src=\"https:\/\/www.preservons-la-nature.fr\/flore\/image\/4121\/DSC05786_150.jpg\" alt=\"Herniaria incana Lam.\" \/><\/a> <a href=\"https:\/\/www.preservons-la-nature.fr\/flore\/taxon\/553.html\"><img decoding=\"async\" src=\"https:\/\/www.preservons-la-nature.fr\/flore\/image\/553\/DSC00464_150.jpg\" alt=\"Holosteum umbellatum L.\" \/><\/a> <a href=\"https:\/\/www.preservons-la-nature.fr\/flore\/taxon\/4124.html\"><img decoding=\"async\" src=\"https:\/\/www.preservons-la-nature.fr\/flore\/image\/4124\/DSC09412_150.jpg\" alt=\"Honckenya peploides (L.) Ehrh.\" \/><\/a> <a href=\"https:\/\/www.preservons-la-nature.fr\/flore\/taxon\/581.html\"><img decoding=\"async\" src=\"https:\/\/www.preservons-la-nature.fr\/flore\/image\/581\/DSC06171_150.jpg\" alt=\"Illecebrum verticillatum L.\" \/><\/a> <a href=\"https:\/\/www.preservons-la-nature.fr\/flore\/taxon\/2875.html\"><img decoding=\"async\" src=\"https:\/\/www.preservons-la-nature.fr\/flore\/image\/2875\/_DSC7860_150.jpg\" alt=\"Lychnis coronaria (L.) Desr.\" \/><\/a> <a href=\"https:\/\/www.preservons-la-nature.fr\/flore\/taxon\/1445.html\"><img decoding=\"async\" src=\"https:\/\/www.preservons-la-nature.fr\/flore\/image\/1445\/DSC09042_150.jpg\" alt=\"Lychnis flos-cuculi L. subsp. flos-cuculi\" \/><\/a> <a href=\"https:\/\/www.preservons-la-nature.fr\/flore\/taxon\/2876.html\"><img decoding=\"async\" src=\"https:\/\/www.preservons-la-nature.fr\/flore\/image\/2876\/DSC07193_150.jpg\" alt=\"Lychnis flos-jovis (L.) Desr.\" \/><\/a> <a href=\"https:\/\/www.preservons-la-nature.fr\/flore\/taxon\/2961.html\"><img decoding=\"async\" src=\"https:\/\/www.preservons-la-nature.fr\/flore\/image\/2961\/DSC06943_150.jpg\" alt=\"Minuartia recurva (All.) Schinz &amp; Thell.\" \/><\/a> <a href=\"https:\/\/www.preservons-la-nature.fr\/flore\/taxon\/2962.html\"><img decoding=\"async\" src=\"https:\/\/www.preservons-la-nature.fr\/flore\/image\/2962\/_DSC7035_150.jpg\" alt=\"Minuartia rostrata (Pers.) Rchb.\" \/><\/a> <a href=\"https:\/\/www.preservons-la-nature.fr\/flore\/taxon\/6156.html\"><img decoding=\"async\" src=\"https:\/\/www.preservons-la-nature.fr\/flore\/image\/6156\/_DSC8071_150.jpg\" alt=\"Minuartia rupestris (Scop.) Schinz &amp; Thell.\" \/><\/a> <a href=\"https:\/\/www.preservons-la-nature.fr\/flore\/taxon\/2965.html\"><img decoding=\"async\" src=\"https:\/\/www.preservons-la-nature.fr\/flore\/image\/2965\/DSC06044_150.jpg\" alt=\"Minuartia sedoides (L.) Hiern\" \/><\/a> <a href=\"https:\/\/www.preservons-la-nature.fr\/flore\/taxon\/2970.html\"><img decoding=\"async\" src=\"https:\/\/www.preservons-la-nature.fr\/flore\/image\/2970\/DSC09777_150.jpg\" alt=\"Moehringia muscosa L.\" \/><\/a> <a href=\"https:\/\/www.preservons-la-nature.fr\/flore\/taxon\/750.html\"><img decoding=\"async\" src=\"https:\/\/www.preservons-la-nature.fr\/flore\/image\/750\/DSC04660_150.jpg\" alt=\"Moehringia trinervia (L.) Clairv.\" \/><\/a> <a href=\"https:\/\/www.preservons-la-nature.fr\/flore\/taxon\/765.html\"><img decoding=\"async\" src=\"https:\/\/www.preservons-la-nature.fr\/flore\/image\/765\/_DSC0572_150.jpg\" alt=\"Myosoton aquaticum (L.) Moench\" \/><\/a> <a href=\"https:\/\/www.preservons-la-nature.fr\/flore\/taxon\/3146.html\"><img decoding=\"async\" src=\"https:\/\/www.preservons-la-nature.fr\/flore\/image\/3146\/DSC02565_150.jpg\" alt=\"Paronychia echinulata Chater\" \/><\/a> <a href=\"https:\/\/www.preservons-la-nature.fr\/flore\/taxon\/7921.html\"><img decoding=\"async\" src=\"https:\/\/www.preservons-la-nature.fr\/flore\/image\/7921\/_DSC9961_150.jpg\" alt=\"Paronychia kapela (Hacq.) A.Kern.\" \/><\/a> <a href=\"https:\/\/www.preservons-la-nature.fr\/flore\/taxon\/7619.html\"><img decoding=\"async\" src=\"https:\/\/www.preservons-la-nature.fr\/flore\/image\/7619\/_DSC7557_150.jpg\" alt=\"Paronychia kapela subsp. serpyllifolia (Chaix) Graebn.\" \/><\/a> <a href=\"https:\/\/www.preservons-la-nature.fr\/flore\/taxon\/846.html\"><img decoding=\"async\" src=\"https:\/\/www.preservons-la-nature.fr\/flore\/image\/846\/_DSC7366_150.jpg\" alt=\"Petrorhagia prolifera (L.) P.W.Ball &amp; Heywood\" \/><\/a> <a href=\"https:\/\/www.preservons-la-nature.fr\/flore\/taxon\/3165.html\"><img decoding=\"async\" src=\"https:\/\/www.preservons-la-nature.fr\/flore\/image\/3165\/DSC05409_150.jpg\" alt=\"Petrorhagia saxifraga (L.) Link\" \/><\/a> <a href=\"https:\/\/www.preservons-la-nature.fr\/flore\/taxon\/8170.html\"><img decoding=\"async\" src=\"https:\/\/www.preservons-la-nature.fr\/flore\/image\/8170\/DSC02586_150.jpg\" alt=\"Petrorhagia velutina (Guss.) P.W.Ball &amp; Heywood\" \/><\/a> <a href=\"https:\/\/www.preservons-la-nature.fr\/flore\/taxon\/5598.html\"><img decoding=\"async\" src=\"https:\/\/www.preservons-la-nature.fr\/flore\/image\/5598\/DSC02694_150.jpg\" alt=\"Polycarpon tetraphyllum subsp. alsinifolium (Biv.) Ball\" \/><\/a> <a href=\"https:\/\/www.preservons-la-nature.fr\/flore\/taxon\/1023.html\"><img decoding=\"async\" src=\"https:\/\/www.preservons-la-nature.fr\/flore\/image\/1023\/DSC06114_150.jpg\" alt=\"Sagina procumbens L.\" \/><\/a> <a href=\"https:\/\/www.preservons-la-nature.fr\/flore\/taxon\/3515.html\"><img decoding=\"async\" src=\"https:\/\/www.preservons-la-nature.fr\/flore\/image\/3515\/_DSC3363_150.jpg\" alt=\"Saponaria ocymoides L.\" \/><\/a> <a href=\"https:\/\/www.preservons-la-nature.fr\/flore\/taxon\/1043.html\"><img decoding=\"async\" src=\"https:\/\/www.preservons-la-nature.fr\/flore\/image\/1043\/DSC04394_150.jpg\" alt=\"Saponaria officinalis L.\" \/><\/a> <a href=\"https:\/\/www.preservons-la-nature.fr\/flore\/taxon\/1055.html\"><img decoding=\"async\" src=\"https:\/\/www.preservons-la-nature.fr\/flore\/image\/1055\/_DSC7955_150.jpg\" alt=\"Scleranthus annuus L.\" \/><\/a> <a href=\"https:\/\/www.preservons-la-nature.fr\/flore\/taxon\/7654.html\"><img decoding=\"async\" src=\"https:\/\/www.preservons-la-nature.fr\/flore\/image\/7654\/DSC06931_150.jpg\" alt=\"Silene acaulis subsp. bryoides (Jord.) Nyman\" \/><\/a> <a href=\"https:\/\/www.preservons-la-nature.fr\/flore\/taxon\/7655.html\"><img decoding=\"async\" src=\"https:\/\/www.preservons-la-nature.fr\/flore\/image\/7655\/DSC06007_150.jpg\" alt=\"Silene acaulis subsp. longiscapa Vierh.\" \/><\/a> <a href=\"https:\/\/www.preservons-la-nature.fr\/flore\/taxon\/1085.html\"><img decoding=\"async\" src=\"https:\/\/www.preservons-la-nature.fr\/flore\/image\/1085\/DSC06093_150.jpg\" alt=\"Silene baccifera (L.) Roth\" \/><\/a> <a href=\"https:\/\/www.preservons-la-nature.fr\/flore\/taxon\/5.html\"><img decoding=\"async\" src=\"https:\/\/www.preservons-la-nature.fr\/flore\/image\/5\/_DSC6928_150.jpg\" alt=\"Silene conica L.\" \/><\/a> <a href=\"https:\/\/www.preservons-la-nature.fr\/flore\/taxon\/1086.html\"><img decoding=\"async\" src=\"https:\/\/www.preservons-la-nature.fr\/flore\/image\/1086\/DSC09192_150.jpg\" alt=\"Silene dioica (L.) Clairv.\" \/><\/a> <a href=\"https:\/\/www.preservons-la-nature.fr\/flore\/taxon\/3656.html\"><img decoding=\"async\" src=\"https:\/\/www.preservons-la-nature.fr\/flore\/image\/3656\/DSC09461_150.jpg\" alt=\"Silene gallica L.\" \/><\/a> <a href=\"https:\/\/www.preservons-la-nature.fr\/flore\/taxon\/4229.html\"><img decoding=\"async\" src=\"https:\/\/www.preservons-la-nature.fr\/flore\/image\/4229\/DSC09195_150.jpg\" alt=\"Silene italica (L.) Pers.\" \/><\/a> <a href=\"https:\/\/www.preservons-la-nature.fr\/flore\/taxon\/3657.html\"><img decoding=\"async\" src=\"https:\/\/www.preservons-la-nature.fr\/flore\/image\/3657\/_DSC5986_150.jpg\" alt=\"Silene latifolia subsp. alba (Mill.) Greuter &amp; Burdet\" \/><\/a> <a href=\"https:\/\/www.preservons-la-nature.fr\/flore\/taxon\/1089.html\"><img decoding=\"async\" src=\"https:\/\/www.preservons-la-nature.fr\/flore\/image\/1089\/DSC04402_150.jpg\" alt=\"Silene nutans L.\" \/><\/a> <a href=\"https:\/\/www.preservons-la-nature.fr\/flore\/taxon\/13.html\"><img decoding=\"async\" src=\"https:\/\/www.preservons-la-nature.fr\/flore\/image\/13\/_DSC7018_150.jpg\" alt=\"Silene otites (L.) Wibel\" \/><\/a> <a href=\"https:\/\/www.preservons-la-nature.fr\/flore\/taxon\/3668.html\"><img decoding=\"async\" src=\"https:\/\/www.preservons-la-nature.fr\/flore\/image\/3668\/DSC06896_150.jpg\" alt=\"Silene saxifraga L.\" \/><\/a> <a href=\"https:\/\/www.preservons-la-nature.fr\/flore\/taxon\/6071.html\"><img decoding=\"async\" src=\"https:\/\/www.preservons-la-nature.fr\/flore\/image\/6071\/DSC05097_150.jpg\" alt=\"Silene uniflora Roth subsp. uniflora\" \/><\/a> <a href=\"https:\/\/www.preservons-la-nature.fr\/flore\/taxon\/1090.html\"><img decoding=\"async\" src=\"https:\/\/www.preservons-la-nature.fr\/flore\/image\/1090\/DSC04441_150.jpg\" alt=\"Silene vulgaris (Moench) Garcke\" \/><\/a> <a href=\"https:\/\/www.preservons-la-nature.fr\/flore\/taxon\/7656.html\"><img decoding=\"async\" src=\"https:\/\/www.preservons-la-nature.fr\/flore\/image\/7656\/_DSC1421_150.jpg\" alt=\"Silene vulgaris subsp. prostrata (Gaudin) Schinz &amp; Thell.\" \/><\/a> <a href=\"https:\/\/www.preservons-la-nature.fr\/flore\/taxon\/1124.html\"><img decoding=\"async\" src=\"https:\/\/www.preservons-la-nature.fr\/flore\/image\/1124\/DSC01662_150.jpg\" alt=\"Spergula arvensis L.\" \/><\/a> <a href=\"https:\/\/www.preservons-la-nature.fr\/flore\/taxon\/1127.html\"><img decoding=\"async\" src=\"https:\/\/www.preservons-la-nature.fr\/flore\/image\/1127\/DSC02391_150.jpg\" alt=\"Spergula pentandra L.\" \/><\/a> <a href=\"https:\/\/www.preservons-la-nature.fr\/flore\/taxon\/1128.html\"><img decoding=\"async\" src=\"https:\/\/www.preservons-la-nature.fr\/flore\/image\/1128\/DSC02943_150.jpg\" alt=\"Spergula rubra (L.) D.Dietr.\" \/><\/a> <a href=\"https:\/\/www.preservons-la-nature.fr\/flore\/taxon\/1136.html\"><img decoding=\"async\" src=\"https:\/\/www.preservons-la-nature.fr\/flore\/image\/1136\/DSC07873_150.jpg\" alt=\"Stellaria alsine Grimm\" \/><\/a> <a href=\"https:\/\/www.preservons-la-nature.fr\/flore\/taxon\/1137.html\"><img decoding=\"async\" src=\"https:\/\/www.preservons-la-nature.fr\/flore\/image\/1137\/DSC08880_150.jpg\" alt=\"Stellaria graminea L.\" \/><\/a> <a href=\"https:\/\/www.preservons-la-nature.fr\/flore\/taxon\/1138.html\"><img decoding=\"async\" src=\"https:\/\/www.preservons-la-nature.fr\/flore\/image\/1138\/DSC04428_150.jpg\" alt=\"Stellaria holostea L.\" \/><\/a> <a href=\"https:\/\/www.preservons-la-nature.fr\/flore\/taxon\/1380.html\"><img decoding=\"async\" src=\"https:\/\/www.preservons-la-nature.fr\/flore\/image\/1380\/Stellaria_media2_150.jpg\" alt=\"Stellaria media (L.) Vill.\" \/><\/a> <a href=\"https:\/\/www.preservons-la-nature.fr\/flore\/taxon\/6723.html\"><img decoding=\"async\" src=\"https:\/\/www.preservons-la-nature.fr\/flore\/image\/6723\/_DSC7573_150.jpg\" alt=\"Vaccaria hispanica (Mill.) Rauschert\" \/><\/a> <a href=\"https:\/\/www.preservons-la-nature.fr\/flore\/taxon\/3960.html\"><img decoding=\"async\" src=\"https:\/\/www.preservons-la-nature.fr\/flore\/image\/3960\/DSC03881_150.jpg\" alt=\"Viscaria vulgaris Bernh.\" \/><\/a><\/p>\n<div id=\"attachment_4181\" style=\"width: 543px\" class=\"wp-caption aligncenter\"><a href=\"https:\/\/www.preservons-la-nature.fr\/blog\/wp-content\/uploads\/2014\/12\/DSC09185_1000.jpg\"><img loading=\"lazy\" decoding=\"async\" aria-describedby=\"caption-attachment-4181\" class=\"size-large wp-image-4181\" src=\"https:\/\/www.preservons-la-nature.fr\/blog\/wp-content\/uploads\/2014\/12\/DSC09185_1000-533x800.jpg\" alt=\"Cerastium tomentosum\" width=\"533\" height=\"800\" srcset=\"https:\/\/preservons-la-nature.fr\/blog\/wp-content\/uploads\/2014\/12\/DSC09185_1000-533x800.jpg 533w, https:\/\/preservons-la-nature.fr\/blog\/wp-content\/uploads\/2014\/12\/DSC09185_1000-200x300.jpg 200w, https:\/\/preservons-la-nature.fr\/blog\/wp-content\/uploads\/2014\/12\/DSC09185_1000.jpg 666w\" sizes=\"auto, (max-width: 533px) 100vw, 533px\" \/><\/a><p id=\"caption-attachment-4181\" class=\"wp-caption-text\">Cerastium tomentosum<\/p><\/div>\n","protected":false},"excerpt":{"rendered":"<p>D\u00e9couvrez ces fleurs de la famille des caryophyllac\u00e9es bien reconnaissable. Vous pourrez d\u00e9couvrir leur r\u00e9partition, leur milieu privil\u00e9gi\u00e9, les fa\u00e7ons de les reconna\u00eetre. Il vous suffit de cliquer sur une des photos suivantes pour acc\u00e9der \u00e0 la fiche :<\/p>\n","protected":false},"author":1,"featured_media":0,"comment_status":"open","ping_status":"open","sticky":false,"template":"","format":"standard","meta":{"footnotes":""},"categories":[87],"tags":[],"class_list":["post-4180","post","type-post","status-publish","format-standard","hentry","category-ficheplante"],"_links":{"self":[{"href":"https:\/\/preservons-la-nature.fr\/blog\/index.php?rest_route=\/wp\/v2\/posts\/4180","targetHints":{"allow":["GET"]}}],"collection":[{"href":"https:\/\/preservons-la-nature.fr\/blog\/index.php?rest_route=\/wp\/v2\/posts"}],"about":[{"href":"https:\/\/preservons-la-nature.fr\/blog\/index.php?rest_route=\/wp\/v2\/types\/post"}],"author":[{"embeddable":true,"href":"https:\/\/preservons-la-nature.fr\/blog\/index.php?rest_route=\/wp\/v2\/users\/1"}],"replies":[{"embeddable":true,"href":"https:\/\/preservons-la-nature.fr\/blog\/index.php?rest_route=%2Fwp%2Fv2%2Fcomments&post=4180"}],"version-history":[{"count":1,"href":"https:\/\/preservons-la-nature.fr\/blog\/index.php?rest_route=\/wp\/v2\/posts\/4180\/revisions"}],"predecessor-version":[{"id":4182,"href":"https:\/\/preservons-la-nature.fr\/blog\/index.php?rest_route=\/wp\/v2\/posts\/4180\/revisions\/4182"}],"wp:attachment":[{"href":"https:\/\/preservons-la-nature.fr\/blog\/index.php?rest_route=%2Fwp%2Fv2%2Fmedia&parent=4180"}],"wp:term":[{"taxonomy":"category","embeddable":true,"href":"https:\/\/preservons-la-nature.fr\/blog\/index.php?rest_route=%2Fwp%2Fv2%2Fcategories&post=4180"},{"taxonomy":"post_tag","embeddable":true,"href":"https:\/\/preservons-la-nature.fr\/blog\/index.php?rest_route=%2Fwp%2Fv2%2Ftags&post=4180"}],"curies":[{"name":"wp","href":"https:\/\/api.w.org\/{rel}","templated":true}]}}