{"id":41,"date":"2011-01-14T01:30:44","date_gmt":"2011-01-14T01:30:44","guid":{"rendered":"https:\/\/www.preservons-la-nature.fr\/blog\/?p=41"},"modified":"2014-11-11T16:29:02","modified_gmt":"2014-11-11T15:29:02","slug":"fond-decran-a-telecharger-2","status":"publish","type":"post","link":"https:\/\/preservons-la-nature.fr\/blog\/?p=41","title":{"rendered":"Euchorthippus sp."},"content":{"rendered":"<p>Voici un fond d&rsquo;\u00e9cran que vous pouvez librement t\u00e9l\u00e9charger :<\/p>\n<div id=\"attachment_42\" style=\"width: 624px\" class=\"wp-caption aligncenter\"><a href=\"https:\/\/www.preservons-la-nature.fr\/blog\/wp-content\/uploads\/2011\/01\/DSC4147.jpg\"><img loading=\"lazy\" decoding=\"async\" aria-describedby=\"caption-attachment-42\" class=\"size-full wp-image-42 \" title=\"Euchorthippus sp.\" src=\"https:\/\/www.preservons-la-nature.fr\/blog\/wp-content\/uploads\/2011\/01\/DSC4147.jpg\" alt=\"Euchorthippus sp.\" width=\"614\" height=\"410\" srcset=\"https:\/\/preservons-la-nature.fr\/blog\/wp-content\/uploads\/2011\/01\/DSC4147.jpg 1024w, https:\/\/preservons-la-nature.fr\/blog\/wp-content\/uploads\/2011\/01\/DSC4147-300x200.jpg 300w\" sizes=\"auto, (max-width: 614px) 100vw, 614px\" \/><\/a><p id=\"caption-attachment-42\" class=\"wp-caption-text\">Euchorthippus sp.<\/p><\/div>\n","protected":false},"excerpt":{"rendered":"<p>Voici un fond d&rsquo;\u00e9cran que vous pouvez librement t\u00e9l\u00e9charger :<\/p>\n","protected":false},"author":1,"featured_media":0,"comment_status":"open","ping_status":"open","sticky":false,"template":"","format":"standard","meta":{"footnotes":""},"categories":[139,4],"tags":[],"class_list":["post-41","post","type-post","status-publish","format-standard","hentry","category-faune-2","category-fond-decran"],"_links":{"self":[{"href":"https:\/\/preservons-la-nature.fr\/blog\/index.php?rest_route=\/wp\/v2\/posts\/41","targetHints":{"allow":["GET"]}}],"collection":[{"href":"https:\/\/preservons-la-nature.fr\/blog\/index.php?rest_route=\/wp\/v2\/posts"}],"about":[{"href":"https:\/\/preservons-la-nature.fr\/blog\/index.php?rest_route=\/wp\/v2\/types\/post"}],"author":[{"embeddable":true,"href":"https:\/\/preservons-la-nature.fr\/blog\/index.php?rest_route=\/wp\/v2\/users\/1"}],"replies":[{"embeddable":true,"href":"https:\/\/preservons-la-nature.fr\/blog\/index.php?rest_route=%2Fwp%2Fv2%2Fcomments&post=41"}],"version-history":[{"count":5,"href":"https:\/\/preservons-la-nature.fr\/blog\/index.php?rest_route=\/wp\/v2\/posts\/41\/revisions"}],"predecessor-version":[{"id":4144,"href":"https:\/\/preservons-la-nature.fr\/blog\/index.php?rest_route=\/wp\/v2\/posts\/41\/revisions\/4144"}],"wp:attachment":[{"href":"https:\/\/preservons-la-nature.fr\/blog\/index.php?rest_route=%2Fwp%2Fv2%2Fmedia&parent=41"}],"wp:term":[{"taxonomy":"category","embeddable":true,"href":"https:\/\/preservons-la-nature.fr\/blog\/index.php?rest_route=%2Fwp%2Fv2%2Fcategories&post=41"},{"taxonomy":"post_tag","embeddable":true,"href":"https:\/\/preservons-la-nature.fr\/blog\/index.php?rest_route=%2Fwp%2Fv2%2Ftags&post=41"}],"curies":[{"name":"wp","href":"https:\/\/api.w.org\/{rel}","templated":true}]}}