{"id":408,"date":"2011-05-04T11:26:02","date_gmt":"2011-05-04T11:26:02","guid":{"rendered":"https:\/\/www.preservons-la-nature.fr\/blog\/?p=408"},"modified":"2013-11-10T18:25:28","modified_gmt":"2013-11-10T17:25:28","slug":"lepiaire-raide-stachys-recta","status":"publish","type":"post","link":"https:\/\/preservons-la-nature.fr\/blog\/?p=408","title":{"rendered":"Stachys recta ( Epiaire raide )"},"content":{"rendered":"<p><strong>L&rsquo;\u00e9piaire raide (<em>Stachys recta<\/em>)<\/strong> fait partie de <strong>la famille des Lamiac\u00e9es<\/strong>. Sa p\u00e9riode de floraison s&rsquo;\u00e9tale de\u00a0Mai \u00e0 Septembre. On la retrouve dans les talus, pelouses ou friches en milieu calcaire. Elle n&rsquo;est pas rare sur les lev\u00e9es de la Loire.<\/p>\n<div id=\"attachment_409\" style=\"width: 384px\" class=\"wp-caption aligncenter\"><a href=\"https:\/\/www.preservons-la-nature.fr\/blog\/wp-content\/uploads\/2011\/05\/DSC0633.jpg\"><img loading=\"lazy\" decoding=\"async\" aria-describedby=\"caption-attachment-409\" class=\" wp-image-409 \" title=\"L'\u00e9piaire raide (Stachys recta)\" alt=\"L'\u00e9piaire raide (Stachys recta)\" src=\"https:\/\/www.preservons-la-nature.fr\/blog\/wp-content\/uploads\/2011\/05\/DSC0633.jpg\" width=\"374\" height=\"560\" srcset=\"https:\/\/preservons-la-nature.fr\/blog\/wp-content\/uploads\/2011\/05\/DSC0633.jpg 467w, https:\/\/preservons-la-nature.fr\/blog\/wp-content\/uploads\/2011\/05\/DSC0633-200x300.jpg 200w\" sizes=\"auto, (max-width: 374px) 100vw, 374px\" \/><\/a><p id=\"caption-attachment-409\" class=\"wp-caption-text\">L&rsquo;\u00e9piaire raide (Stachys recta)<\/p><\/div>\n<p>La hauteur de la plante varie de 20 \u00e0 50 cm. Le froissement des feuilles d\u00e9gage une odeur plut\u00f4t d\u00e9sagr\u00e9able. La corolle est blanc-jaun\u00e2tre m\u00eal\u00e9e de pourpre.<br \/>\nElle est prot\u00e9g\u00e9e en r\u00e9gion Basse-Normandie et dans le Limousin<\/p>\n","protected":false},"excerpt":{"rendered":"<p>L&rsquo;\u00e9piaire raide (Stachys recta) fait partie de la famille des Lamiac\u00e9es. Sa p\u00e9riode de floraison s&rsquo;\u00e9tale de\u00a0Mai \u00e0 Septembre. On la retrouve dans les talus, pelouses ou friches en milieu calcaire. Elle n&rsquo;est pas rare sur les lev\u00e9es de la &hellip; <a href=\"https:\/\/preservons-la-nature.fr\/blog\/?p=408\">Continuer la lecture <span class=\"meta-nav\">&rarr;<\/span><\/a><\/p>\n","protected":false},"author":1,"featured_media":0,"comment_status":"open","ping_status":"open","sticky":false,"template":"","format":"standard","meta":{"footnotes":""},"categories":[87,49,3],"tags":[25],"class_list":["post-408","post","type-post","status-publish","format-standard","hentry","category-ficheplante","category-flore-de-lile-arrault-orleans","category-laloire","tag-lamiacees"],"_links":{"self":[{"href":"https:\/\/preservons-la-nature.fr\/blog\/index.php?rest_route=\/wp\/v2\/posts\/408","targetHints":{"allow":["GET"]}}],"collection":[{"href":"https:\/\/preservons-la-nature.fr\/blog\/index.php?rest_route=\/wp\/v2\/posts"}],"about":[{"href":"https:\/\/preservons-la-nature.fr\/blog\/index.php?rest_route=\/wp\/v2\/types\/post"}],"author":[{"embeddable":true,"href":"https:\/\/preservons-la-nature.fr\/blog\/index.php?rest_route=\/wp\/v2\/users\/1"}],"replies":[{"embeddable":true,"href":"https:\/\/preservons-la-nature.fr\/blog\/index.php?rest_route=%2Fwp%2Fv2%2Fcomments&post=408"}],"version-history":[{"count":10,"href":"https:\/\/preservons-la-nature.fr\/blog\/index.php?rest_route=\/wp\/v2\/posts\/408\/revisions"}],"predecessor-version":[{"id":1968,"href":"https:\/\/preservons-la-nature.fr\/blog\/index.php?rest_route=\/wp\/v2\/posts\/408\/revisions\/1968"}],"wp:attachment":[{"href":"https:\/\/preservons-la-nature.fr\/blog\/index.php?rest_route=%2Fwp%2Fv2%2Fmedia&parent=408"}],"wp:term":[{"taxonomy":"category","embeddable":true,"href":"https:\/\/preservons-la-nature.fr\/blog\/index.php?rest_route=%2Fwp%2Fv2%2Fcategories&post=408"},{"taxonomy":"post_tag","embeddable":true,"href":"https:\/\/preservons-la-nature.fr\/blog\/index.php?rest_route=%2Fwp%2Fv2%2Ftags&post=408"}],"curies":[{"name":"wp","href":"https:\/\/api.w.org\/{rel}","templated":true}]}}