{"id":4055,"date":"2014-09-24T07:52:37","date_gmt":"2014-09-24T06:52:37","guid":{"rendered":"https:\/\/www.preservons-la-nature.fr\/blog\/?p=4055"},"modified":"2014-09-24T07:52:37","modified_gmt":"2014-09-24T06:52:37","slug":"erythronium-dens-canis-l-erythrone-dent-de-chien","status":"publish","type":"post","link":"https:\/\/preservons-la-nature.fr\/blog\/?p=4055","title":{"rendered":"Erythronium dens-canis L. ( Erythrone dent-de-chien )"},"content":{"rendered":"<p><STRONG>Une fiche plus r&eacute;cente existe, vous pouvez la consulter <a href=\"https:\/\/www.preservons-la-nature.fr\/flore\/taxon\/2327.html\">ICI<\/a><\/STRONG><div id=\"attachment_4056\" style=\"width: 1010px\" class=\"wp-caption aligncenter\"><a href=\"https:\/\/www.preservons-la-nature.fr\/blog\/wp-content\/uploads\/2014\/09\/DSC6380.jpg\" target=\"_blank\"><img loading=\"lazy\" decoding=\"async\" aria-describedby=\"caption-attachment-4056\" class=\"wp-image-4056 size-full\" title=\"Erythronium dens-canis L. ( Erythrone dent-de-chien )\" src=\"https:\/\/www.preservons-la-nature.fr\/blog\/wp-content\/uploads\/2014\/09\/DSC6380.jpg\" alt=\"Erythronium dens-canis L. ( Erythrone dent-de-chien )\" width=\"1000\" height=\"667\" srcset=\"https:\/\/preservons-la-nature.fr\/blog\/wp-content\/uploads\/2014\/09\/DSC6380.jpg 1000w, https:\/\/preservons-la-nature.fr\/blog\/wp-content\/uploads\/2014\/09\/DSC6380-300x200.jpg 300w\" sizes=\"auto, (max-width: 1000px) 100vw, 1000px\" \/><\/a><p id=\"caption-attachment-4056\" class=\"wp-caption-text\">Erythronium dens-canis L. ( Erythrone dent-de-chien )<\/p><\/div><br \/>\n<strong><span style=\"text-decoration: underline;\">Nom :<\/span><\/strong> <i>Erythronium dens-canis L.<\/i> ( Erythrone dent-de-chien )<\/p>\n<p><strong><span style=\"text-decoration: underline;\">Nom(s) vernaculaire(s) :<\/span><\/strong><br \/>\nErythrone dent-de-chien, \u00c9rythronium Dent-de-chien.<\/p>\n<p><strong><span style=\"text-decoration: underline;\">Famille :<\/span><\/strong> LILIACEAE<\/p>\n<p><strong><span style=\"text-decoration: underline;\">Floraison :<\/span><\/strong> Mars &#8211; Avril<\/p>\n<p><strong><span style=\"text-decoration: underline;\">Forme biologique :<\/span><\/strong><br \/>\nG\u00e9ophyte.<\/p>\n<p><strong><span style=\"text-decoration: underline;\">Protection :<\/span><\/strong><br \/>\n&#8211; Liste des esp\u00e8ces v\u00e9g\u00e9tales prot\u00e9g\u00e9es en r\u00e9gion Franche-Comt\u00e9 Article 1 (1992)<\/p>\n<p><strong><span style=\"text-decoration: underline;\">Description dans la flore de Coste :<\/span><\/strong><br \/>\nPlante vivace de 10 \u00e0 30 cm, glabre, \u00e0 bulbe blanc, oblong, en forme de dent canine ; tiges florif\u00e8res \u00e0 2 feuilles oppos\u00e9es, elliptiques-lanc\u00e9ol\u00e9es, \u00e9tal\u00e9es ; feuilles primordiales ovales en coeur, toutes les feuilles p\u00e9tiol\u00e9es, glauques, fortement tach\u00e9es de brun rouge\u00e2tre ; fleur grande, rose tach\u00e9e de blanc et de jaune \u00e0 la base, solitaire, pench\u00e9e ; p\u00e9rianthe marcescent, \u00e0 6 divisions libres, lanc\u00e9ol\u00e9es, conniventes \u00e0 la base, puis r\u00e9fract\u00e9es en arri\u00e8re, les 3 int\u00e9rieures ayant \u00e0 la base 2 callosit\u00e9s ; six \u00e9tamines, plus courtes que le p\u00e9rianthe, \u00e0 filets en fuseau ; anth\u00e8res bleues, dress\u00e9es, fix\u00e9es par la base creuse ; style filiforme, \u00e0 stigmate trifide ; capsule r\u00e9fl\u00e9chie, subglobuleuse-trigone ; graines ovo\u00efdes, renfl\u00e9es, arill\u00e9es.<br \/>\n<div id=\"attachment_4057\" style=\"width: 543px\" class=\"wp-caption aligncenter\"><a href=\"https:\/\/www.preservons-la-nature.fr\/blog\/wp-content\/uploads\/2014\/09\/DSC6430.jpg\" target=\"_blank\"><img loading=\"lazy\" decoding=\"async\" aria-describedby=\"caption-attachment-4057\" class=\"wp-image-4057 size-large\" title=\"Erythronium dens-canis L. ( Erythrone dent-de-chien )\" src=\"https:\/\/www.preservons-la-nature.fr\/blog\/wp-content\/uploads\/2014\/09\/DSC6430-533x800.jpg\" alt=\"Erythronium dens-canis L. ( Erythrone dent-de-chien )\" width=\"533\" height=\"800\" srcset=\"https:\/\/preservons-la-nature.fr\/blog\/wp-content\/uploads\/2014\/09\/DSC6430-533x800.jpg 533w, https:\/\/preservons-la-nature.fr\/blog\/wp-content\/uploads\/2014\/09\/DSC6430-200x300.jpg 200w, https:\/\/preservons-la-nature.fr\/blog\/wp-content\/uploads\/2014\/09\/DSC6430.jpg 667w\" sizes=\"auto, (max-width: 533px) 100vw, 533px\" \/><\/a><p id=\"caption-attachment-4057\" class=\"wp-caption-text\">Erythronium dens-canis L. ( Erythrone dent-de-chien )<\/p><\/div><br \/>\n<strong><span style=\"text-decoration: underline;\">Pr\u00e9sent dans le(s) d\u00e9partement(s) suivant(s) :<\/span><\/strong><br \/>\nAin, Alpes-de-Haute-Provence, Alpes-Maritimes, Ari\u00e8ge, Aveyron, Cantal, Corr\u00e8ze, Creuse, Dr\u00f4me, Haute-Garonne, Haute-Savoie, Hautes-Pyr\u00e9n\u00e9es, Haute-Vienne, H\u00e9rault, Is\u00e8re, Jura, Landes, Lot, Loz\u00e8re, Puy-de-D\u00f4me, Pyr\u00e9n\u00e9es-Atlantiques, Savoie, Tarn, Tarn-et-Garonne, Var.<br \/>\n<div id=\"attachment_4058\" style=\"width: 610px\" class=\"wp-caption aligncenter\"><a href=\"https:\/\/www.preservons-la-nature.fr\/blog\/wp-content\/uploads\/2014\/09\/carte43.jpg\"><img loading=\"lazy\" decoding=\"async\" aria-describedby=\"caption-attachment-4058\" src=\"https:\/\/www.preservons-la-nature.fr\/blog\/wp-content\/uploads\/2014\/09\/carte43.jpg\" alt=\"R\u00e9partition d&#039;Erythronium dens-canis L. ( Erythrone dent-de-chien )\" width=\"600\" height=\"600\" class=\"size-full wp-image-4058\" srcset=\"https:\/\/preservons-la-nature.fr\/blog\/wp-content\/uploads\/2014\/09\/carte43.jpg 600w, https:\/\/preservons-la-nature.fr\/blog\/wp-content\/uploads\/2014\/09\/carte43-150x150.jpg 150w, https:\/\/preservons-la-nature.fr\/blog\/wp-content\/uploads\/2014\/09\/carte43-300x300.jpg 300w\" sizes=\"auto, (max-width: 600px) 100vw, 600px\" \/><\/a><p id=\"caption-attachment-4058\" class=\"wp-caption-text\">R\u00e9partition d&rsquo;Erythronium dens-canis L. ( Erythrone dent-de-chien )<\/p><\/div><br \/>\n<strong><span style=\"text-decoration: underline;\">Phytosociologie :<\/span><\/strong><i><\/i><\/p>\n<table>\n<tbody>\n<tr>\n<td>Alliance<\/td>\n<td>Sous-ordre<\/td>\n<td>Ordre<\/td>\n<td>Classe<\/td>\n<\/tr>\n<tr>\n<td><strong>Carpinion betuli<\/strong><\/td>\n<td><strong>Carpino betuli-Fagenalia sylvaticae<\/strong><\/td>\n<td><strong>Fagetalia sylvaticae<\/strong><\/td>\n<td><strong>Querco roboris-Fagetea sylvaticae<\/strong><\/td>\n<\/tr>\n<tr>\n<td>Communaut\u00e9s sur sols plus ressuy\u00e9s mais sans d\u00e9ficit hydrique marqu\u00e9.<\/td>\n<td>Communaut\u00e9s planitiaires \u00e0 collin\u00e9ennes m\u00e9sohygroclines \u00e0 x\u00e9roclines, acidiclines \u00e0 calcicoles.<\/td>\n<td>Communaut\u00e9s collin\u00e9ennes et montagnardes, acidiclines \u00e0 calcicoles, non thermophiles.<\/td>\n<td>For\u00eats temp\u00e9r\u00e9es caducifoli\u00e9es ou mixtes, collin\u00e9ennes et montagnardes (plus rarement subalpines), ainsi que supram\u00e9diterran\u00e9ennes.<\/td>\n<\/tr>\n<\/tbody>\n<\/table>\n<table>\n<tbody>\n<tr>\n<td>Alliance<\/td>\n<td>Ordre<\/td>\n<td>Classe<\/td>\n<\/tr>\n<tr>\n<td><strong>Nardion strictae<\/strong><\/td>\n<td><strong>Caricetalia curvulae<\/strong><\/td>\n<td><strong>Caricetea curvulae<\/strong><\/td>\n<\/tr>\n<tr>\n<td>Communaut\u00e9s des d\u00e9pressions et replats, \u00e0 tendance chionophile, en g\u00e9n\u00e9ral fortement p\u00e2tur\u00e9es.<\/td>\n<td>Communaut\u00e9s du Jura, Massif central, Alpes et Pyr\u00e9n\u00e9es.<\/td>\n<td>Pelouses acidiphiles montagnardes, subalpines et alpines.<\/td>\n<\/tr>\n<\/tbody>\n<\/table>\n<table>\n<tbody>\n<tr>\n<td>Alliance<\/td>\n<td>Ordre<\/td>\n<td>Classe<\/td>\n<\/tr>\n<tr>\n<td><strong>Seslerion caeruleae<\/strong><\/td>\n<td><strong>Seslerietalia caeruleae<\/strong><\/td>\n<td><strong>Festuco-Seslerietea caeruleae<\/strong><\/td>\n<\/tr>\n<tr>\n<td>Communaut\u00e9s m\u00e9so-x\u00e9rophiles du Jura et des Alpes.<\/td>\n<td>Communaut\u00e9s montagnardes, subalpines et alpines des massifs europ\u00e9ens.<\/td>\n<td>Pelouses calcicoles nordiques et orophiles.<\/td>\n<\/tr>\n<\/tbody>\n<\/table>\n<p><strong><span style=\"text-decoration: underline;\">Taxonomie :<\/span><\/strong><br \/>\n<i>Erythronium dens-canis L.<\/i> a pour synonymes (Informations issues de la BDTFX Version 2.0, <a href=\"http:\/\/www.tela-botanica.org\" target=\"_blank\">Tela Botanica<\/a>) :<i><br \/>\n&#8211; Erythronium bifidum Sweet<br \/>\n&#8211; Erythronium bulbosum St.-Lag.<br \/>\n&#8211; Erythronium caninum Dulac<br \/>\n&#8211; Erythronium dens-canis var. sibiricum Fisch. &amp; C.A.Mey.<br \/>\n&#8211; Erythronium longifolium Mill.<br \/>\n&#8211; Erythronium maculosum Lam.<br \/>\n&#8211; Erythronium ovatifolium Poir.<br \/>\n&#8211; Erythronium sibiricum (Fisch. &amp; C.A.Mey.) Krylov<br \/>\n&#8211; Erythronium vernale Salisb.<br \/>\n<\/i><br \/>\n<strong><span style=\"text-decoration: underline;\">Bibliographie :<\/span><\/strong><\/p>\n<ul>\n<li>Atlas de la flore d&rsquo;Auvergne ; P. Antonetti, E. Brugel, F. Kessler, J-P. Barbe, M. Tort ; Editions Biotope 2006<\/li>\n<li>Flora helvetica ; K. Lauber, G. Wagner, A. Gigax, E. Geller ; Editions Belin 2012<\/li>\n<li>Flore de France ; H. Coste ; Librairie des sciences et des Arts 1937<\/li>\n<li>Flore de la Dr\u00f4me, Atlas \u00e9cologique et floristique ; L. Garraud ; Conservatoire botanique national alpin de Gap-Charance 2003<\/li>\n<li>Guide de la flore des Alpes-Maritimes, du Mercantour \u00e0 la M\u00e9diterran\u00e9e ; L. Carles, L. Th\u00e9bault ; Giletta Nice-Matin 2010<\/li>\n<li>Les quatre flores de France ; P. Fournier ; Editions Lechevalier 1961<\/li>\n<li>Nouvelle flore de la Belgique, du G.-D. de Luxembourg, du Nord de la France et des r\u00e9gions voisines (5\u00e8me \u00e9dition) ; J. Lambinon, L. Delvosalle, J. Duvigneaud ; Edition du jardin botanique national de Belgique 2008<\/li>\n<li>Plantes et v\u00e9g\u00e9tation en Limousin, atlas de la flore vasculaire ; E. Brugel, L. Brunerye, A. Vilks ; Espaces naturels du Limousin 2001<\/li>\n<\/ul>\n","protected":false},"excerpt":{"rendered":"<p>Une fiche plus r&eacute;cente existe, vous pouvez la consulter ICI Nom : Erythronium dens-canis L. ( Erythrone dent-de-chien ) Nom(s) vernaculaire(s) : Erythrone dent-de-chien, \u00c9rythronium Dent-de-chien. Famille : LILIACEAE Floraison : Mars &#8211; Avril Forme biologique : G\u00e9ophyte. Protection : &hellip; <a href=\"https:\/\/preservons-la-nature.fr\/blog\/?p=4055\">Continuer la lecture <span class=\"meta-nav\">&rarr;<\/span><\/a><\/p>\n","protected":false},"author":1,"featured_media":0,"comment_status":"open","ping_status":"open","sticky":false,"template":"","format":"standard","meta":{"footnotes":""},"categories":[87],"tags":[129],"class_list":["post-4055","post","type-post","status-publish","format-standard","hentry","category-ficheplante","tag-liliaceae"],"_links":{"self":[{"href":"https:\/\/preservons-la-nature.fr\/blog\/index.php?rest_route=\/wp\/v2\/posts\/4055","targetHints":{"allow":["GET"]}}],"collection":[{"href":"https:\/\/preservons-la-nature.fr\/blog\/index.php?rest_route=\/wp\/v2\/posts"}],"about":[{"href":"https:\/\/preservons-la-nature.fr\/blog\/index.php?rest_route=\/wp\/v2\/types\/post"}],"author":[{"embeddable":true,"href":"https:\/\/preservons-la-nature.fr\/blog\/index.php?rest_route=\/wp\/v2\/users\/1"}],"replies":[{"embeddable":true,"href":"https:\/\/preservons-la-nature.fr\/blog\/index.php?rest_route=%2Fwp%2Fv2%2Fcomments&post=4055"}],"version-history":[{"count":1,"href":"https:\/\/preservons-la-nature.fr\/blog\/index.php?rest_route=\/wp\/v2\/posts\/4055\/revisions"}],"predecessor-version":[{"id":4059,"href":"https:\/\/preservons-la-nature.fr\/blog\/index.php?rest_route=\/wp\/v2\/posts\/4055\/revisions\/4059"}],"wp:attachment":[{"href":"https:\/\/preservons-la-nature.fr\/blog\/index.php?rest_route=%2Fwp%2Fv2%2Fmedia&parent=4055"}],"wp:term":[{"taxonomy":"category","embeddable":true,"href":"https:\/\/preservons-la-nature.fr\/blog\/index.php?rest_route=%2Fwp%2Fv2%2Fcategories&post=4055"},{"taxonomy":"post_tag","embeddable":true,"href":"https:\/\/preservons-la-nature.fr\/blog\/index.php?rest_route=%2Fwp%2Fv2%2Ftags&post=4055"}],"curies":[{"name":"wp","href":"https:\/\/api.w.org\/{rel}","templated":true}]}}