{"id":4044,"date":"2014-10-23T00:53:23","date_gmt":"2014-10-22T23:53:23","guid":{"rendered":"https:\/\/www.preservons-la-nature.fr\/blog\/?p=4044"},"modified":"2014-10-27T14:29:21","modified_gmt":"2014-10-27T13:29:21","slug":"dioscorea-communis-l-caddick-wilkin-herbe-aux-femmes-battues","status":"publish","type":"post","link":"https:\/\/preservons-la-nature.fr\/blog\/?p=4044","title":{"rendered":"Dioscorea communis (L.) Caddick &#038; Wilkin ( Herbe-aux-femmes-battues )"},"content":{"rendered":"<p><STRONG>Une fiche plus r&eacute;cente existe, vous pouvez la consulter <a href=\"https:\/\/www.preservons-la-nature.fr\/flore\/taxon\/1427.html\">ICI<\/a><\/STRONG><div id=\"attachment_4045\" style=\"width: 543px\" class=\"wp-caption aligncenter\"><a href=\"https:\/\/www.preservons-la-nature.fr\/blog\/wp-content\/uploads\/2014\/09\/DSC9705.jpg\" target=\"_blank\"><img loading=\"lazy\" decoding=\"async\" aria-describedby=\"caption-attachment-4045\" class=\"wp-image-4045 size-large\" title=\"Dioscorea communis (L.) Caddick &amp; Wilkin ( Herbe-aux-femmes-battues )\" src=\"https:\/\/www.preservons-la-nature.fr\/blog\/wp-content\/uploads\/2014\/09\/DSC9705-533x800.jpg\" alt=\"Dioscorea communis (L.) Caddick &amp; Wilkin ( Herbe-aux-femmes-battues )\" width=\"533\" height=\"800\" srcset=\"https:\/\/preservons-la-nature.fr\/blog\/wp-content\/uploads\/2014\/09\/DSC9705-533x800.jpg 533w, https:\/\/preservons-la-nature.fr\/blog\/wp-content\/uploads\/2014\/09\/DSC9705-200x300.jpg 200w, https:\/\/preservons-la-nature.fr\/blog\/wp-content\/uploads\/2014\/09\/DSC9705.jpg 667w\" sizes=\"auto, (max-width: 533px) 100vw, 533px\" \/><\/a><p id=\"caption-attachment-4045\" class=\"wp-caption-text\">Dioscorea communis (L.) Caddick &amp; Wilkin ( Herbe-aux-femmes-battues )<\/p><\/div><\/p>\n<p><strong><span style=\"text-decoration: underline;\">Nom :<\/span><\/strong> <i>Dioscorea communis (L.) Caddick &amp; Wilkin<\/i> ( Herbe-aux-femmes-battues )<\/p>\n<p><strong><span style=\"text-decoration: underline;\">Autre(s) nom(s) :<\/span><\/strong><br \/>\nHerbe-aux-femmes-battues, Sceau de Notre Dame, Tamier commun.<\/p>\n<p><strong><span style=\"text-decoration: underline;\">Famille :<\/span><\/strong> DIOSCOREACEAE<\/p>\n<p><strong><span style=\"text-decoration: underline;\">Floraison :<\/span><\/strong> Mars &#8211; Juillet<\/p>\n<p><strong><span style=\"text-decoration: underline;\">Description dans la flore de Coste :<\/span><\/strong><br \/>\nPlante vivace de 1-3 m\u00e8tres, glabre, \u00e0 souche grosse, noire, cylindrac\u00e9e en navet ; tige herbac\u00e9e, gr\u00eale, volubile, rameuse ; feuilles \u00e0 p\u00e9tiole muni de 2 glandes, largement ovales en coeur, \u00e0 sinus tr\u00e8s ouvert, acumin\u00e9es en pointe filiforme, minces, luisantes, transparentes, \u00e0 5-7 nervures ramifi\u00e9es ; fleurs vert-jaun\u00e2tre, en grappes gr\u00eales et l\u00e2ches, allong\u00e9es et multiflores dans les pieds m\u00e2les, courtes et pauciflores dans les femelles ; baie ovo\u00efde arrondie, rouge, luisante, \u00e0 graines globuleuses.<\/p>\n<div id=\"attachment_4046\" style=\"width: 543px\" class=\"wp-caption aligncenter\"><a href=\"https:\/\/www.preservons-la-nature.fr\/blog\/wp-content\/uploads\/2014\/09\/DSC04649.jpg\" target=\"_blank\"><img loading=\"lazy\" decoding=\"async\" aria-describedby=\"caption-attachment-4046\" class=\"wp-image-4046 size-large\" title=\"Dioscorea communis (L.) Caddick &amp; Wilkin ( Herbe-aux-femmes-battues )\" src=\"https:\/\/www.preservons-la-nature.fr\/blog\/wp-content\/uploads\/2014\/09\/DSC04649-533x800.jpg\" alt=\"Dioscorea communis (L.) Caddick &amp; Wilkin ( Herbe-aux-femmes-battues )\" width=\"533\" height=\"800\" srcset=\"https:\/\/preservons-la-nature.fr\/blog\/wp-content\/uploads\/2014\/09\/DSC04649-533x800.jpg 533w, https:\/\/preservons-la-nature.fr\/blog\/wp-content\/uploads\/2014\/09\/DSC04649-200x300.jpg 200w, https:\/\/preservons-la-nature.fr\/blog\/wp-content\/uploads\/2014\/09\/DSC04649.jpg 667w\" sizes=\"auto, (max-width: 533px) 100vw, 533px\" \/><\/a><p id=\"caption-attachment-4046\" class=\"wp-caption-text\">Dioscorea communis (L.) Caddick &amp; Wilkin ( Herbe-aux-femmes-battues )<\/p><\/div>\n<p><strong><span style=\"text-decoration: underline;\">Pr\u00e9sent dans le(s) d\u00e9partement(s) suivant(s) :<\/span><\/strong><br \/>\nAin, Aisne, Allier, Alpes-de-Haute-Provence, Alpes-Maritimes, Ardennes, Aube, Aveyron, Bas-Rhin, Bouches-du-Rh\u00f4ne, Calvados, Cantal, Charente, Charente-Maritime, Cher, Corr\u00e8ze, Corse-du-Sud, C\u00f4te-d&rsquo;Or, C\u00f4tes-d&rsquo;Armor, Creuse, Deux-S\u00e8vres, Dordogne, Doubs, Dr\u00f4me, Essonne, Eure, Eure-et-Loir, Finist\u00e8re, Gers, Gironde, Haute-Corse, Haute-Garonne, Haute-Loire, Haute-Marne, Hautes-Alpes, Haute-Sa\u00f4ne, Haute-Savoie, Haute-Vienne, Haut-Rhin, Hauts-de-Seine, Ille-et-Vilaine, Indre, Indre-et-Loire, Is\u00e8re, Jura, Landes, Loire-Atlantique, Loiret, Loir-et-Cher, Lot, Lot-et-Garonne, Loz\u00e8re, Maine-et-Loire, Manche, Marne, Mayenne, Meurthe-et-Moselle, Meuse, Morbihan, Moselle, Ni\u00e8vre, Nord, Oise, Orne, Paris, Pas-de-Calais, Puy-de-D\u00f4me, Pyr\u00e9n\u00e9es-Atlantiques, Sa\u00f4ne-et-Loire, Sarthe, Seine-et-Marne, Seine-Maritime, Seine-Saint-Denis, Somme, Tarn-et-Garonne, Territoire-de-Belfort, Val-de-Marne, Val-d&rsquo;Oise, Var, Vaucluse, Vend\u00e9e, Vienne, Vosges, Yonne, Yvelines.<\/p>\n<div id=\"attachment_4047\" style=\"width: 610px\" class=\"wp-caption aligncenter\"><a href=\"https:\/\/www.preservons-la-nature.fr\/blog\/wp-content\/uploads\/2014\/09\/carte41.jpg\"><img loading=\"lazy\" decoding=\"async\" aria-describedby=\"caption-attachment-4047\" class=\"size-full wp-image-4047\" src=\"https:\/\/www.preservons-la-nature.fr\/blog\/wp-content\/uploads\/2014\/09\/carte41.jpg\" alt=\"R\u00e9partition de Dioscorea communis (L.) Caddick &amp; Wilkin ( Herbe-aux-femmes-battues )\" width=\"600\" height=\"600\" srcset=\"https:\/\/preservons-la-nature.fr\/blog\/wp-content\/uploads\/2014\/09\/carte41.jpg 600w, https:\/\/preservons-la-nature.fr\/blog\/wp-content\/uploads\/2014\/09\/carte41-150x150.jpg 150w, https:\/\/preservons-la-nature.fr\/blog\/wp-content\/uploads\/2014\/09\/carte41-300x300.jpg 300w\" sizes=\"auto, (max-width: 600px) 100vw, 600px\" \/><\/a><p id=\"caption-attachment-4047\" class=\"wp-caption-text\">R\u00e9partition de Dioscorea communis (L.) Caddick &amp; Wilkin ( Herbe-aux-femmes-battues )<\/p><\/div>\n<p><strong><span style=\"text-decoration: underline;\">Phytosociologie :<\/span><\/strong><i><\/i><\/p>\n<table>\n<tbody>\n<tr>\n<td>Alliance<\/td>\n<td>Ordre<\/td>\n<td>Classe<\/td>\n<\/tr>\n<tr>\n<td><strong>Berberidion vulgaris<\/strong><\/td>\n<td><strong>Prunetalia spinosae<\/strong><\/td>\n<td><strong>Crataego monogynae-Prunetea spinosae<\/strong><\/td>\n<\/tr>\n<tr>\n<td>Communaut\u00e9s nord-atlantiques, subatlantiques, m\u00e9dioeurop\u00e9ennes et supram\u00e9diterran\u00e9ennes, calcicoles, x\u00e9rophiles \u00e0 m\u00e9so-x\u00e9rophiles.<\/td>\n<td>Communaut\u00e9s arbustives non dunaires, des sols carbonat\u00e9s ou plus ou moins d\u00e9satur\u00e9s.<\/td>\n<td>V\u00e9g\u00e9tation principalement europ\u00e9enne de manteaux arbustifs, frutic\u00e9es et haies. Nota : diverses communaut\u00e9s domin\u00e9es par des Rubus (spp.), non encore \u00e9tudi\u00e9es en France, ne sont pas int\u00e9gr\u00e9es \u00e0 la pr\u00e9sente classification.<\/td>\n<\/tr>\n<\/tbody>\n<\/table>\n<table>\n<tbody>\n<tr>\n<td>Alliance<\/td>\n<td>Sous-ordre<\/td>\n<td>Ordre<\/td>\n<td>Classe<\/td>\n<\/tr>\n<tr>\n<td><strong>Carpinion betuli<\/strong><\/td>\n<td><strong>Carpino betuli-Fagenalia sylvaticae<\/strong><\/td>\n<td><strong>Fagetalia sylvaticae<\/strong><\/td>\n<td><strong>Querco roboris-Fagetea sylvaticae<\/strong><\/td>\n<\/tr>\n<tr>\n<td>Communaut\u00e9s sur sols plus ressuy\u00e9s mais sans d\u00e9ficit hydrique marqu\u00e9.<\/td>\n<td>Communaut\u00e9s planitiaires \u00e0 collin\u00e9ennes m\u00e9sohygroclines \u00e0 x\u00e9roclines, acidiclines \u00e0 calcicoles.<\/td>\n<td>Communaut\u00e9s collin\u00e9ennes et montagnardes, acidiclines \u00e0 calcicoles, non thermophiles.<\/td>\n<td>For\u00eats temp\u00e9r\u00e9es caducifoli\u00e9es ou mixtes, collin\u00e9ennes et montagnardes (plus rarement subalpines), ainsi que supram\u00e9diterran\u00e9ennes.<\/td>\n<\/tr>\n<\/tbody>\n<\/table>\n<table>\n<tbody>\n<tr>\n<td>Alliance<\/td>\n<td>Ordre<\/td>\n<td>Classe<\/td>\n<\/tr>\n<tr>\n<td><strong>Conopodio majoris-Teucrion scorodoniae<\/strong><\/td>\n<td><strong>Melampyro pratensis-Holcetalia mollis<\/strong><\/td>\n<td><strong>Melampyro pratensis-Holcetea mollis<\/strong><\/td>\n<\/tr>\n<tr>\n<td>Communaut\u00e9s atlantiques et subatlantiques avec irradiations m\u00e9ridionales, du collin\u00e9en et de la base du montagnard.<\/td>\n<td><\/td>\n<td>Pelouses pr\u00e9foresti\u00e8res et ourlets, sur sols acides oligotrophes.<\/td>\n<\/tr>\n<\/tbody>\n<\/table>\n<table>\n<tbody>\n<tr>\n<td>Alliance<\/td>\n<td>Sous-ordre<\/td>\n<td>Ordre<\/td>\n<td>Classe<\/td>\n<\/tr>\n<tr>\n<td><strong>Fraxino excelsioris-Quercion roboris<\/strong><\/td>\n<td><strong>Carpino betuli-Fagenalia sylvaticae<\/strong><\/td>\n<td><strong>Fagetalia sylvaticae<\/strong><\/td>\n<td><strong>Querco roboris-Fagetea sylvaticae<\/strong><\/td>\n<\/tr>\n<tr>\n<td>Communaut\u00e9s des sols \u00e0 bonne r\u00e9serve hydrique.<\/td>\n<td>Communaut\u00e9s planitiaires \u00e0 collin\u00e9ennes m\u00e9sohygroclines \u00e0 x\u00e9roclines, acidiclines \u00e0 calcicoles.<\/td>\n<td>Communaut\u00e9s collin\u00e9ennes et montagnardes, acidiclines \u00e0 calcicoles, non thermophiles.<\/td>\n<td>For\u00eats temp\u00e9r\u00e9es caducifoli\u00e9es ou mixtes, collin\u00e9ennes et montagnardes (plus rarement subalpines), ainsi que supram\u00e9diterran\u00e9ennes.<\/td>\n<\/tr>\n<\/tbody>\n<\/table>\n<table>\n<tbody>\n<tr>\n<td>Alliance<\/td>\n<td>Sous-ordre<\/td>\n<td>Ordre<\/td>\n<td>Classe<\/td>\n<\/tr>\n<tr>\n<td><strong>Polysticho setiferi-Fraxinion excelsioris<\/strong><\/td>\n<td><strong>Carpino betuli-Fagenalia sylvaticae<\/strong><\/td>\n<td><strong>Fagetalia sylvaticae<\/strong><\/td>\n<td><strong>Querco roboris-Fagetea sylvaticae<\/strong><\/td>\n<\/tr>\n<tr>\n<td>Communaut\u00e9s de ravins ou de versants tr\u00e8s pentus.<\/td>\n<td>Communaut\u00e9s planitiaires \u00e0 collin\u00e9ennes m\u00e9sohygroclines \u00e0 x\u00e9roclines, acidiclines \u00e0 calcicoles.<\/td>\n<td>Communaut\u00e9s collin\u00e9ennes et montagnardes, acidiclines \u00e0 calcicoles, non thermophiles.<\/td>\n<td>For\u00eats temp\u00e9r\u00e9es caducifoli\u00e9es ou mixtes, collin\u00e9ennes et montagnardes (plus rarement subalpines), ainsi que supram\u00e9diterran\u00e9ennes.<\/td>\n<\/tr>\n<\/tbody>\n<\/table>\n<table>\n<tbody>\n<tr>\n<td>Ordre<\/td>\n<td>Classe<\/td>\n<\/tr>\n<tr>\n<td><strong>Prunetalia spinosae<\/strong><\/td>\n<td><strong>Crataego monogynae-Prunetea spinosae<\/strong><\/td>\n<\/tr>\n<tr>\n<td>Communaut\u00e9s arbustives non dunaires, des sols carbonat\u00e9s ou plus ou moins d\u00e9satur\u00e9s.<\/td>\n<td>V\u00e9g\u00e9tation principalement europ\u00e9enne de manteaux arbustifs, frutic\u00e9es et haies. Nota : diverses communaut\u00e9s domin\u00e9es par des Rubus (spp.), non encore \u00e9tudi\u00e9es en France, ne sont pas int\u00e9gr\u00e9es \u00e0 la pr\u00e9sente classification.<\/td>\n<\/tr>\n<\/tbody>\n<\/table>\n<table>\n<tbody>\n<tr>\n<td>Alliance<\/td>\n<td>Ordre<\/td>\n<td>Classe<\/td>\n<\/tr>\n<tr>\n<td><strong>Quercion robori-pyrenaicae<\/strong><\/td>\n<td><strong>Quercetalia roboris<\/strong><\/td>\n<td><strong>Querco roboris-Fagetea sylvaticae<\/strong><\/td>\n<\/tr>\n<tr>\n<td>Communaut\u00e9s ib\u00e9riques, ib\u00e9ro-atlantiques, aquitaniennes et lig\u00e9riennes.<\/td>\n<td>Communaut\u00e9s acidiphiles collin\u00e9ennes atlantiques et continentales (y compris supram\u00e9diterran\u00e9ennes).<\/td>\n<td>For\u00eats temp\u00e9r\u00e9es caducifoli\u00e9es ou mixtes, collin\u00e9ennes et montagnardes (plus rarement subalpines), ainsi que supram\u00e9diterran\u00e9ennes.<\/td>\n<\/tr>\n<\/tbody>\n<\/table>\n<table>\n<tbody>\n<tr>\n<td>Alliance<\/td>\n<td>Sous-ordre<\/td>\n<td>Ordre<\/td>\n<td>Classe<\/td>\n<\/tr>\n<tr>\n<td><strong>Tilion platyphylli<\/strong><\/td>\n<td><strong>Cephalanthero rubrae-Fagenalia sylvaticae<\/strong><\/td>\n<td><strong>Fagetalia sylvaticae<\/strong><\/td>\n<td><strong>Querco roboris-Fagetea sylvaticae<\/strong><\/td>\n<\/tr>\n<tr>\n<td>Communaut\u00e9s x\u00e9rophiles, sur \u00e9boulis grossiers.<\/td>\n<td>Communaut\u00e9s collin\u00e9ennes et montagnardes, (thermo) x\u00e9ro-, m\u00e9sox\u00e9rophiles, calcaricoles \u00e0 calcicoles.<\/td>\n<td>Communaut\u00e9s collin\u00e9ennes et montagnardes, acidiclines \u00e0 calcicoles, non thermophiles.<\/td>\n<td>For\u00eats temp\u00e9r\u00e9es caducifoli\u00e9es ou mixtes, collin\u00e9ennes et montagnardes (plus rarement subalpines), ainsi que supram\u00e9diterran\u00e9ennes.<\/td>\n<\/tr>\n<\/tbody>\n<\/table>\n<p><strong><span style=\"text-decoration: underline;\">Taxonomie :<\/span><\/strong><br \/>\n<i>Dioscorea communis (L.) Caddick &amp; Wilkin<\/i> a pour synonymes (Informations issues de la BDTFX Version 2.0, <a href=\"http:\/\/www.tela-botanica.org\" target=\"_blank\">Tela Botanica<\/a>) :<i><br \/>\n&#8211; Smilax rubra Willd.<br \/>\n&#8211; Tamus communis L.<br \/>\n&#8211; Tamus communis subsp. cretica (L.) Nyman<br \/>\n&#8211; Tamus communis var. smilacifolia (Jullien ex Boreau) Rouy<br \/>\n&#8211; Tamus cordifolia Stokes<br \/>\n&#8211; Tamus cretica L.<br \/>\n&#8211; Tamus edulis Lowe<br \/>\n&#8211; Tamus orientalis J.Thi\u00e9baut<br \/>\n&#8211; Tamus racemosa Gouan<br \/>\n&#8211; Tamus smilacifolia Jullien ex Boreau<br \/>\n<\/i><br \/>\n<strong><span style=\"text-decoration: underline;\">Bibliographie :<\/span><\/strong><\/p>\n<ul>\n<li>Atlas de la flore d&rsquo;Auvergne ; P. Antonetti, E. Brugel, F. Kessler, J-P. Barbe, M. Tort ; Editions Biotope 2006<\/li>\n<li>Atlas de la flore de sauvage de Seine-et-Marne ; S. Filoche, F. Perriat, J. Moret, F. Hendoux ; Librairie des mus\u00e9es 2010<\/li>\n<li>Atlas de la flore des Hautes-Alpes ; E. Chas ; Conservatoire botanique national alpin de Gap-Charance 1994<\/li>\n<li>Atlas de la flore sauvage de Bourgogne ; O. Bardet, E. F\u00e9doroff, G. Causse, J. Moret ; Editions Biotope 2008<\/li>\n<li>Atlas de la flore sauvage du d\u00e9partement de la Sarthe ; G. Hunault, J. Moret ; Editions Biotope 2009<\/li>\n<li>Atlas de la flore sauvage du d\u00e9partement de l&rsquo;Essonne ; G. Arnal, J. Guittet ; Editions Biotope 2004<\/li>\n<li>Atlas de la flore sauvage du d\u00e9partement d&rsquo;Eure-et-Loir ; R. Dupr\u00e9, P. Boudier, P. Delahaye, M. Joly, J. Cordier, J. Moret ; Editions Biotope 2009<\/li>\n<li>Atlas de la flore sauvage du d\u00e9partement du Loiret ; D. Pujol, J. Cordier, J. Moret ; Editions Biotope 2008<\/li>\n<li>Atlas floristique de la Loire-Atlantique et de la Vend\u00e9e ; P. Dupont ; Editions Silo\u00eb 2001<\/li>\n<li>Flora helvetica ; K. Lauber, G. Wagner, A. Gigax, E. Geller ; Editions Belin 2012<\/li>\n<li>Flore de Dordogne ; B. B\u00e9d\u00e9 ; Soci\u00e9t\u00e9 botanique du P\u00e9rigord 2011<\/li>\n<li>Flore de France ; H. Coste ; Librairie des sciences et des Arts 1937<\/li>\n<li>Flore de la Dr\u00f4me, Atlas \u00e9cologique et floristique ; L. Garraud ; Conservatoire botanique national alpin de Gap-Charance 2003<\/li>\n<li>Flore d&rsquo;Ile de France ; P. Jauzein, O. Nawrot ; Editions Quae 2011<\/li>\n<li>Flore d&rsquo;Ile de France &#8211; cl\u00e9s de d\u00e9termination, taxonomie et statuts ; P. Jauzein, O. Nawrot ; Editions Quae 2013<\/li>\n<li>Flore vasculaire de Basse-Normandie ; M. Provost ; Presses universitaires de Caen 1998<\/li>\n<li>Guide de la flore de Haute-Loire Tome 1 et 2 ; M. Tort, P. Antonetti, B. Belin, R. Portal ; Editions Jeanne d&rsquo;Arc 2010<\/li>\n<li>Guide de la flore des Alpes-Maritimes, du Mercantour \u00e0 la M\u00e9diterran\u00e9e ; L. Carles, L. Th\u00e9bault ; Giletta Nice-Matin 2010<\/li>\n<li>La flore d\u2019Ille et vilaine ; L. Diard ; Editions Silo\u00eb 2005<\/li>\n<li>La flore de la Mayenne ; C. David, M. G\u00e9rard, H. Hubert, B. Jarri, Y. de Labarre, M. Ravet ; Editions Silo\u00eb 2009<\/li>\n<li>La flore des C\u00f4tes d\u2019Armor ; D. Philippon, R. Preli, L. Poux ; Editions Silo\u00eb 2006<\/li>\n<li>La flore du d\u00e9partement de Vaucluse ; B. Girerd ; Editions Barth\u00e9l\u00e9my 1993<\/li>\n<li>La flore du Finist\u00e8re ; E. Qu\u00e9r\u00e9, S. Magnanon, R. Ragot, L. Gager, F. Hardy ; Editions Silo\u00eb 2009<\/li>\n<li>La flore du Morbihan ; G. Rivi\u00e8re ; Editions Silo\u00eb 2007<\/li>\n<li>Les quatre flores de France ; P. Fournier ; Editions Lechevalier 1961<\/li>\n<li>Nouvelle flore de la Belgique, du G.-D. de Luxembourg, du Nord de la France et des r\u00e9gions voisines (5\u00e8me \u00e9dition) ; J. Lambinon, L. Delvosalle, J. Duvigneaud ; Edition du jardin botanique national de Belgique 2008<\/li>\n<li>Plantes et v\u00e9g\u00e9tation en Limousin, atlas de la flore vasculaire ; E. Brugel, L. Brunerye, A. Vilks ; Espaces naturels du Limousin 2001<\/li>\n<\/ul>\n","protected":false},"excerpt":{"rendered":"<p>Une fiche plus r&eacute;cente existe, vous pouvez la consulter ICI Nom : Dioscorea communis (L.) Caddick &amp; Wilkin ( Herbe-aux-femmes-battues ) Autre(s) nom(s) : Herbe-aux-femmes-battues, Sceau de Notre Dame, Tamier commun. Famille : DIOSCOREACEAE Floraison : Mars &#8211; Juillet Description &hellip; <a href=\"https:\/\/preservons-la-nature.fr\/blog\/?p=4044\">Continuer la lecture <span class=\"meta-nav\">&rarr;<\/span><\/a><\/p>\n","protected":false},"author":1,"featured_media":0,"comment_status":"open","ping_status":"open","sticky":false,"template":"","format":"standard","meta":{"footnotes":""},"categories":[87],"tags":[137],"class_list":["post-4044","post","type-post","status-publish","format-standard","hentry","category-ficheplante","tag-dioscoreaceae"],"_links":{"self":[{"href":"https:\/\/preservons-la-nature.fr\/blog\/index.php?rest_route=\/wp\/v2\/posts\/4044","targetHints":{"allow":["GET"]}}],"collection":[{"href":"https:\/\/preservons-la-nature.fr\/blog\/index.php?rest_route=\/wp\/v2\/posts"}],"about":[{"href":"https:\/\/preservons-la-nature.fr\/blog\/index.php?rest_route=\/wp\/v2\/types\/post"}],"author":[{"embeddable":true,"href":"https:\/\/preservons-la-nature.fr\/blog\/index.php?rest_route=\/wp\/v2\/users\/1"}],"replies":[{"embeddable":true,"href":"https:\/\/preservons-la-nature.fr\/blog\/index.php?rest_route=%2Fwp%2Fv2%2Fcomments&post=4044"}],"version-history":[{"count":1,"href":"https:\/\/preservons-la-nature.fr\/blog\/index.php?rest_route=\/wp\/v2\/posts\/4044\/revisions"}],"predecessor-version":[{"id":4048,"href":"https:\/\/preservons-la-nature.fr\/blog\/index.php?rest_route=\/wp\/v2\/posts\/4044\/revisions\/4048"}],"wp:attachment":[{"href":"https:\/\/preservons-la-nature.fr\/blog\/index.php?rest_route=%2Fwp%2Fv2%2Fmedia&parent=4044"}],"wp:term":[{"taxonomy":"category","embeddable":true,"href":"https:\/\/preservons-la-nature.fr\/blog\/index.php?rest_route=%2Fwp%2Fv2%2Fcategories&post=4044"},{"taxonomy":"post_tag","embeddable":true,"href":"https:\/\/preservons-la-nature.fr\/blog\/index.php?rest_route=%2Fwp%2Fv2%2Ftags&post=4044"}],"curies":[{"name":"wp","href":"https:\/\/api.w.org\/{rel}","templated":true}]}}