{"id":4028,"date":"2014-10-26T00:41:44","date_gmt":"2014-10-25T23:41:44","guid":{"rendered":"https:\/\/www.preservons-la-nature.fr\/blog\/?p=4028"},"modified":"2014-09-23T12:45:10","modified_gmt":"2014-09-23T11:45:10","slug":"cistus-salviifolius-l-ciste-a-feuilles-de-sauge","status":"publish","type":"post","link":"https:\/\/preservons-la-nature.fr\/blog\/?p=4028","title":{"rendered":"Cistus salviifolius L. ( Ciste \u00e0 feuilles de sauge )"},"content":{"rendered":"<p><STRONG>Une fiche plus r&eacute;cente existe, vous pouvez la consulter <a href=\"https:\/\/www.preservons-la-nature.fr\/flore\/taxon\/2056.html\">ICI<\/a><\/STRONG><div id=\"attachment_4029\" style=\"width: 1010px\" class=\"wp-caption aligncenter\"><a href=\"https:\/\/www.preservons-la-nature.fr\/blog\/wp-content\/uploads\/2014\/09\/DSC02152.jpg\" target=\"_blank\"><img loading=\"lazy\" decoding=\"async\" aria-describedby=\"caption-attachment-4029\" class=\"wp-image-4029 size-full\" title=\"Cistus salviifolius L. ( Ciste \u00e0 feuilles de sauge )\" src=\"https:\/\/www.preservons-la-nature.fr\/blog\/wp-content\/uploads\/2014\/09\/DSC02152.jpg\" alt=\"Cistus salviifolius L. ( Ciste \u00e0 feuilles de sauge )\" width=\"1000\" height=\"667\" srcset=\"https:\/\/preservons-la-nature.fr\/blog\/wp-content\/uploads\/2014\/09\/DSC02152.jpg 1000w, https:\/\/preservons-la-nature.fr\/blog\/wp-content\/uploads\/2014\/09\/DSC02152-300x200.jpg 300w\" sizes=\"auto, (max-width: 1000px) 100vw, 1000px\" \/><\/a><p id=\"caption-attachment-4029\" class=\"wp-caption-text\">Cistus salviifolius L. ( Ciste \u00e0 feuilles de sauge )<\/p><\/div><\/p>\n<p><strong><span style=\"text-decoration: underline;\">Nom :<\/span><\/strong> <i>Cistus salviifolius L.<\/i> ( Ciste \u00e0 feuilles de sauge )<\/p>\n<p><strong><span style=\"text-decoration: underline;\">Autre(s) nom(s) :<\/span><\/strong><br \/>\nCiste \u00e0 feuilles de sauge, Ciste femelle.<\/p>\n<p><strong><span style=\"text-decoration: underline;\">Famille :<\/span><\/strong> CISTACEAE<\/p>\n<p><strong><span style=\"text-decoration: underline;\">Floraison :<\/span><\/strong> Mai &#8211; Ao\u00fbt<\/p>\n<p><strong><span style=\"text-decoration: underline;\">Forme biologique :<\/span><\/strong><br \/>\nCham\u00e9phyte.<\/p>\n<p><strong><span style=\"text-decoration: underline;\">Protection :<\/span><\/strong><br \/>\n&#8211; Liste des esp\u00e8ces v\u00e9g\u00e9tales prot\u00e9g\u00e9es en r\u00e9gion Pays-de-la-Loire Article 1 (1993)<\/p>\n<p><strong><span style=\"text-decoration: underline;\">Description dans la flore de Coste :<\/span><\/strong><br \/>\nSous-arbrisseau de 30 \u00e0 80 cm, peu odorant, vert, diffus, couvert de poils \u00e9toil\u00e9s, non visqueux. Feuilles courtement p\u00e9tiol\u00e9es, ovales ou oblongues, tomenteuses. Fleurs de 4 \u00e0 5 cm, blanches, 1 \u00e0 4 au sommet de p\u00e9doncules axillaires pench\u00e9s avant la floraison, non bract\u00e9ol\u00e9s, 2 \u00e0 4 fois plus longs que le calice. S\u00e9pales par 5, ovales en coeur, tomenteux, ne recouvrant pas la capsule. P\u00e9tales 1 \u00e0 2 fois plus longs que le calice. Style tr\u00e8s court. Capsule pentagone, tronqu\u00e9e au sommet, un peu tomenteuse, plus courte que le calice. Graines presque lisses. Plante polymorphe.<\/p>\n<div id=\"attachment_4030\" style=\"width: 1010px\" class=\"wp-caption aligncenter\"><a href=\"https:\/\/www.preservons-la-nature.fr\/blog\/wp-content\/uploads\/2014\/09\/DSC02153.jpg\" target=\"_blank\"><img loading=\"lazy\" decoding=\"async\" aria-describedby=\"caption-attachment-4030\" class=\"wp-image-4030 size-full\" title=\"Cistus salviifolius L. ( Ciste \u00e0 feuilles de sauge )\" src=\"https:\/\/www.preservons-la-nature.fr\/blog\/wp-content\/uploads\/2014\/09\/DSC02153.jpg\" alt=\"Cistus salviifolius L. ( Ciste \u00e0 feuilles de sauge )\" width=\"1000\" height=\"667\" srcset=\"https:\/\/preservons-la-nature.fr\/blog\/wp-content\/uploads\/2014\/09\/DSC02153.jpg 1000w, https:\/\/preservons-la-nature.fr\/blog\/wp-content\/uploads\/2014\/09\/DSC02153-300x200.jpg 300w\" sizes=\"auto, (max-width: 1000px) 100vw, 1000px\" \/><\/a><p id=\"caption-attachment-4030\" class=\"wp-caption-text\">Cistus salviifolius L. ( Ciste \u00e0 feuilles de sauge )<\/p><\/div>\n<p><strong><span style=\"text-decoration: underline;\">Pr\u00e9sent dans le(s) d\u00e9partement(s) suivant(s) :<\/span><\/strong><br \/>\nAin, Alpes-de-Haute-Provence, Alpes-Maritimes, Ard\u00e8che, Ari\u00e8ge, Aude, Aveyron, Bouches-du-Rh\u00f4ne, Cantal, Charente, Charente-Maritime, Corse-du-Sud, Dordogne, Dr\u00f4me, Gard, Gironde, Haute-Corse, Haute-Garonne, Is\u00e8re, Landes, Loire, Loire-Atlantique, Lot, Morbihan, Pyr\u00e9n\u00e9es-Atlantiques, Rh\u00f4ne, Tarn, Tarn-et-Garonne, Var, Vaucluse, Vend\u00e9e.<\/p>\n<div id=\"attachment_4031\" style=\"width: 610px\" class=\"wp-caption aligncenter\"><a href=\"https:\/\/www.preservons-la-nature.fr\/blog\/wp-content\/uploads\/2014\/09\/carte38.jpg\"><img loading=\"lazy\" decoding=\"async\" aria-describedby=\"caption-attachment-4031\" class=\"size-full wp-image-4031\" src=\"https:\/\/www.preservons-la-nature.fr\/blog\/wp-content\/uploads\/2014\/09\/carte38.jpg\" alt=\"R\u00e9partition de Cistus salviifolius L. ( Ciste \u00e0 feuilles de sauge )\" width=\"600\" height=\"600\" srcset=\"https:\/\/preservons-la-nature.fr\/blog\/wp-content\/uploads\/2014\/09\/carte38.jpg 600w, https:\/\/preservons-la-nature.fr\/blog\/wp-content\/uploads\/2014\/09\/carte38-150x150.jpg 150w, https:\/\/preservons-la-nature.fr\/blog\/wp-content\/uploads\/2014\/09\/carte38-300x300.jpg 300w\" sizes=\"auto, (max-width: 600px) 100vw, 600px\" \/><\/a><p id=\"caption-attachment-4031\" class=\"wp-caption-text\">R\u00e9partition de Cistus salviifolius L. ( Ciste \u00e0 feuilles de sauge )<\/p><\/div>\n<p><strong><span style=\"text-decoration: underline;\">Phytosociologie :<\/span><\/strong><i><\/i><\/p>\n<table>\n<tbody>\n<tr>\n<td>Alliance<\/td>\n<td>Ordre<\/td>\n<td>Classe<\/td>\n<\/tr>\n<tr>\n<td><strong>Cisto salviifolii-Ericion cinereae<\/strong><\/td>\n<td><strong>Ulicetalia minoris<\/strong><\/td>\n<td><strong>Calluno vulgaris-Ulicetea minoris<\/strong><\/td>\n<\/tr>\n<tr>\n<td>Communaut\u00e9s x\u00e9ro-thermophiles, m\u00e9diterran\u00e9o-atlantiques.<\/td>\n<td>Landes cantabro- et m\u00e9diterran\u00e9o-atlantiques.<\/td>\n<td>V\u00e9g\u00e9tation de lande, \u00e0 dominance de cham\u00e9phytes et nanophan\u00e9rophytes, appartenant principalement aux Ericac\u00e9es et Fabac\u00e9es.<\/td>\n<\/tr>\n<\/tbody>\n<\/table>\n<table>\n<tbody>\n<tr>\n<td>Alliance<\/td>\n<td>Ordre<\/td>\n<td>Classe<\/td>\n<\/tr>\n<tr>\n<td><strong>Conopodio majoris-Teucrion scorodoniae<\/strong><\/td>\n<td><strong>Melampyro pratensis-Holcetalia mollis<\/strong><\/td>\n<td><strong>Melampyro pratensis-Holcetea mollis<\/strong><\/td>\n<\/tr>\n<tr>\n<td>Communaut\u00e9s atlantiques et subatlantiques avec irradiations m\u00e9ridionales, du collin\u00e9en et de la base du montagnard.<\/td>\n<td><\/td>\n<td>Pelouses pr\u00e9foresti\u00e8res et ourlets, sur sols acides oligotrophes.<\/td>\n<\/tr>\n<\/tbody>\n<\/table>\n<table>\n<tbody>\n<tr>\n<td>Alliance<\/td>\n<td>Ordre<\/td>\n<td>Classe<\/td>\n<\/tr>\n<tr>\n<td><strong>Koelerio macranthae-Phleion phleoidis<\/strong><\/td>\n<td><strong>Brometalia erecti<\/strong><\/td>\n<td><strong>Festuco valesiacae-Brometea erecti<\/strong><\/td>\n<\/tr>\n<tr>\n<td>Communaut\u00e9s subatlantiques, plus ou moins x\u00e9rophiles, acidiclines \u00e0 acidiphiles, surtout montagnardes.<\/td>\n<td>Communaut\u00e9s atlantiques \u00e0 subatlantiques.<\/td>\n<td>Pelouses \u00e0 dominance d\u2019h\u00e9micryptophytes, parfois landines et garrigues sous climat subm\u00e9diterran\u00e9en, x\u00e9rophiles \u00e0 m\u00e9sox\u00e9rophiles, collin\u00e9ennes \u00e0 montagnardes, europ\u00e9ennes et ouest-sib\u00e9riennes, surtout sur substrats carbonat\u00e9s ou basiques.<\/td>\n<\/tr>\n<\/tbody>\n<\/table>\n<table>\n<tbody>\n<tr>\n<td>Alliance<\/td>\n<td>Ordre<\/td>\n<td>Classe<\/td>\n<\/tr>\n<tr>\n<td><strong>Quercion ilicis<\/strong><\/td>\n<td><strong>Quercetalia ilicis<\/strong><\/td>\n<td><strong>Quercetea ilicis<\/strong><\/td>\n<\/tr>\n<tr>\n<td>Communaut\u00e9s du m\u00e9diterran\u00e9en subhumide (avec irradiation thermo-atlantique).<\/td>\n<td>Communaut\u00e9s arbor\u00e9es ferm\u00e9es.<\/td>\n<td>V\u00e9g\u00e9tation arbor\u00e9e ou arbustive m\u00e9diterran\u00e9enne, souvent sempervirente et scl\u00e9rophylle.<\/td>\n<\/tr>\n<\/tbody>\n<\/table>\n<table>\n<tbody>\n<tr>\n<td>Alliance<\/td>\n<td>Ordre<\/td>\n<td>Classe<\/td>\n<\/tr>\n<tr>\n<td><strong>Quercion pubescenti-sessiliflorae<\/strong><\/td>\n<td><strong>Quercetalia pubescenti-sessiliflorae<\/strong><\/td>\n<td><strong>Querco roboris-Fagetea sylvaticae<\/strong><\/td>\n<\/tr>\n<tr>\n<td>Communaut\u00e9s supram\u00e9diterran\u00e9ennes avec irradiations septentrionales.<\/td>\n<td>Communaut\u00e9s thermophiles sous influence m\u00e9diterran\u00e9enne \u00e0 thermo-continentale.<\/td>\n<td>For\u00eats temp\u00e9r\u00e9es caducifoli\u00e9es ou mixtes, collin\u00e9ennes et montagnardes (plus rarement subalpines), ainsi que supram\u00e9diterran\u00e9ennes.<\/td>\n<\/tr>\n<\/tbody>\n<\/table>\n<table>\n<tbody>\n<tr>\n<td>Alliance<\/td>\n<td>Ordre<\/td>\n<td>Classe<\/td>\n<\/tr>\n<tr>\n<td><strong>Salicion arenariae<\/strong><\/td>\n<td><strong>Salicetalia arenariae<\/strong><\/td>\n<td><strong>Crataego monogynae-Prunetea spinosae<\/strong><\/td>\n<\/tr>\n<tr>\n<td>Communaut\u00e9s basses.<\/td>\n<td>Communaut\u00e9s de manteaux dunaires nord-atlantiques.<\/td>\n<td>V\u00e9g\u00e9tation principalement europ\u00e9enne de manteaux arbustifs, frutic\u00e9es et haies. Nota : diverses communaut\u00e9s domin\u00e9es par des Rubus (spp.), non encore \u00e9tudi\u00e9es en France, ne sont pas int\u00e9gr\u00e9es \u00e0 la pr\u00e9sente classification.<\/td>\n<\/tr>\n<\/tbody>\n<\/table>\n<p><strong><span style=\"text-decoration: underline;\">Taxonomie :<\/span><\/strong><br \/>\n<i>Cistus salviifolius L.<\/i> a pour synonymes (Informations issues de la BDTFX Version 2.0, <a href=\"http:\/\/www.tela-botanica.org\" target=\"_blank\">Tela Botanica<\/a>) :<i><br \/>\n&#8211; Cistus cupanianus C.Presl<br \/>\n&#8211; Cistus cupanianus C.Presl ex Spreng.<br \/>\n&#8211; Cistus gautieri Foucaud &amp; Rouy<br \/>\n&#8211; Cistus humilis (Jord. &amp; Fourr.) Timb.-Lagr.<br \/>\n&#8211; Cistus macrocalyx Sennen &amp; Pau<br \/>\n&#8211; Cistus paui Sennen<br \/>\n&#8211; Cistus salomonis Sennen &amp; Teodoro<br \/>\n&#8211; Cistus salviifolius proles apricus (Jord. &amp; Fourr.) Rouy &amp; Foucaud<br \/>\n&#8211; Cistus salviifolius proles arrigens (Jord. &amp; Fourr.) Rouy &amp; Foucaud<br \/>\n&#8211; Cistus salviifolius proles elegans (Jord. &amp; Fourr.) Rouy &amp; Foucaud<br \/>\n&#8211; Cistus salviifolius proles fruticans (Jord. &amp; Fourr.) Rouy &amp; Foucaud<br \/>\n&#8211; Cistus salviifolius proles platyphyllus (Jord. &amp; Fourr.) Rouy &amp; Foucaud<br \/>\n&#8211; Cistus salviifolius proles rhodanensis (Jord. &amp; Fourr.) Rouy &amp; Foucaud<br \/>\n&#8211; Cistus salviifolius proles velutinus (Jord. &amp; Fourr.) Rouy &amp; Foucaud<br \/>\n&#8211; Cistus salviifolius var. corbariensis Rouy &amp; Foucaud<br \/>\n&#8211; Cistus salviifolius var. elegans (Jord. &amp; Fourr.) P.Fourn.<br \/>\n&#8211; Cistus salviifolius var. flavescens Rouy &amp; Foucaud<br \/>\n&#8211; Cistus salviifolius var. grandifolius Willk.<br \/>\n&#8211; Cistus salviifolius var. microphyllus (Jord. &amp; Fourr.) P.Fourn.<br \/>\n&#8211; Cistus salviifolius var. occidentalis Rouy &amp; Foucaud<br \/>\n&#8211; Ledonia aprica Jord. &amp; Fourr.<br \/>\n&#8211; Ledonia arrigens Jord. &amp; Fourr.<br \/>\n&#8211; Ledonia fruticans Jord. &amp; Fourr.<br \/>\n&#8211; Ledonia humilis Jord. &amp; Fourr.<br \/>\n&#8211; Ledonia microphylla Jord. &amp; Fourr.<br \/>\n&#8211; Ledonia peduncularis Spach<br \/>\n&#8211; Ledonia platyphylla Jord. &amp; Fourr.<br \/>\n&#8211; Ledonia rhodanensis Jord. &amp; Fourr.<br \/>\n&#8211; Ledonia velutina Jord. &amp; Fourr.<br \/>\n<\/i><br \/>\n<strong><span style=\"text-decoration: underline;\">Bibliographie :<\/span><\/strong><\/p>\n<ul>\n<li>Atlas de la flore d&rsquo;Auvergne ; P. Antonetti, E. Brugel, F. Kessler, J-P. Barbe, M. Tort ; Editions Biotope 2006<\/li>\n<li>Atlas floristique de la Loire-Atlantique et de la Vend\u00e9e ; P. Dupont ; Editions Silo\u00eb 2001<\/li>\n<li>Flora helvetica ; K. Lauber, G. Wagner, A. Gigax, E. Geller ; Editions Belin 2012<\/li>\n<li>Flore de Dordogne ; B. B\u00e9d\u00e9 ; Soci\u00e9t\u00e9 botanique du P\u00e9rigord 2011<\/li>\n<li>Flore de France ; H. Coste ; Librairie des sciences et des Arts 1937<\/li>\n<li>Flore de la Dr\u00f4me, Atlas \u00e9cologique et floristique ; L. Garraud ; Conservatoire botanique national alpin de Gap-Charance 2003<\/li>\n<li>Guide de la flore des Alpes-Maritimes, du Mercantour \u00e0 la M\u00e9diterran\u00e9e ; L. Carles, L. Th\u00e9bault ; Giletta Nice-Matin 2010<\/li>\n<li>La flore du d\u00e9partement de Vaucluse ; B. Girerd ; Editions Barth\u00e9l\u00e9my 1993<\/li>\n<li>La flore du Morbihan ; G. Rivi\u00e8re ; Editions Silo\u00eb 2007<\/li>\n<li>Les quatre flores de France ; P. Fournier ; Editions Lechevalier 1961<\/li>\n<\/ul>\n","protected":false},"excerpt":{"rendered":"<p>Une fiche plus r&eacute;cente existe, vous pouvez la consulter ICI Nom : Cistus salviifolius L. ( Ciste \u00e0 feuilles de sauge ) Autre(s) nom(s) : Ciste \u00e0 feuilles de sauge, Ciste femelle. Famille : CISTACEAE Floraison : Mai &#8211; Ao\u00fbt &hellip; <a href=\"https:\/\/preservons-la-nature.fr\/blog\/?p=4028\">Continuer la lecture <span class=\"meta-nav\">&rarr;<\/span><\/a><\/p>\n","protected":false},"author":1,"featured_media":0,"comment_status":"open","ping_status":"open","sticky":false,"template":"","format":"standard","meta":{"footnotes":""},"categories":[87],"tags":[128],"class_list":["post-4028","post","type-post","status-publish","format-standard","hentry","category-ficheplante","tag-cistaceae"],"_links":{"self":[{"href":"https:\/\/preservons-la-nature.fr\/blog\/index.php?rest_route=\/wp\/v2\/posts\/4028","targetHints":{"allow":["GET"]}}],"collection":[{"href":"https:\/\/preservons-la-nature.fr\/blog\/index.php?rest_route=\/wp\/v2\/posts"}],"about":[{"href":"https:\/\/preservons-la-nature.fr\/blog\/index.php?rest_route=\/wp\/v2\/types\/post"}],"author":[{"embeddable":true,"href":"https:\/\/preservons-la-nature.fr\/blog\/index.php?rest_route=\/wp\/v2\/users\/1"}],"replies":[{"embeddable":true,"href":"https:\/\/preservons-la-nature.fr\/blog\/index.php?rest_route=%2Fwp%2Fv2%2Fcomments&post=4028"}],"version-history":[{"count":2,"href":"https:\/\/preservons-la-nature.fr\/blog\/index.php?rest_route=\/wp\/v2\/posts\/4028\/revisions"}],"predecessor-version":[{"id":4033,"href":"https:\/\/preservons-la-nature.fr\/blog\/index.php?rest_route=\/wp\/v2\/posts\/4028\/revisions\/4033"}],"wp:attachment":[{"href":"https:\/\/preservons-la-nature.fr\/blog\/index.php?rest_route=%2Fwp%2Fv2%2Fmedia&parent=4028"}],"wp:term":[{"taxonomy":"category","embeddable":true,"href":"https:\/\/preservons-la-nature.fr\/blog\/index.php?rest_route=%2Fwp%2Fv2%2Fcategories&post=4028"},{"taxonomy":"post_tag","embeddable":true,"href":"https:\/\/preservons-la-nature.fr\/blog\/index.php?rest_route=%2Fwp%2Fv2%2Ftags&post=4028"}],"curies":[{"name":"wp","href":"https:\/\/api.w.org\/{rel}","templated":true}]}}