{"id":4020,"date":"2014-10-24T00:28:03","date_gmt":"2014-10-23T23:28:03","guid":{"rendered":"https:\/\/www.preservons-la-nature.fr\/blog\/?p=4020"},"modified":"2014-09-23T12:29:48","modified_gmt":"2014-09-23T11:29:48","slug":"centaurea-aspera-l-centauree-rude","status":"publish","type":"post","link":"https:\/\/preservons-la-nature.fr\/blog\/?p=4020","title":{"rendered":"Centaurea aspera L. ( Centaur\u00e9e rude )"},"content":{"rendered":"<p><STRONG>Une fiche plus r&eacute;cente existe, vous pouvez la consulter <a href=\"https:\/\/www.preservons-la-nature.fr\/flore\/taxon\/1969.html\">ICI<\/a><\/STRONG><div id=\"attachment_4021\" style=\"width: 1010px\" class=\"wp-caption aligncenter\"><a href=\"https:\/\/www.preservons-la-nature.fr\/blog\/wp-content\/uploads\/2014\/09\/DSC05089.jpg\" target=\"_blank\"><img loading=\"lazy\" decoding=\"async\" aria-describedby=\"caption-attachment-4021\" class=\"wp-image-4021 size-full\" title=\"Centaurea aspera L. ( Centaur\u00e9e rude )\" src=\"https:\/\/www.preservons-la-nature.fr\/blog\/wp-content\/uploads\/2014\/09\/DSC05089.jpg\" alt=\"Centaurea aspera L. ( Centaur\u00e9e rude )\" width=\"1000\" height=\"667\" srcset=\"https:\/\/preservons-la-nature.fr\/blog\/wp-content\/uploads\/2014\/09\/DSC05089.jpg 1000w, https:\/\/preservons-la-nature.fr\/blog\/wp-content\/uploads\/2014\/09\/DSC05089-300x200.jpg 300w\" sizes=\"auto, (max-width: 1000px) 100vw, 1000px\" \/><\/a><p id=\"caption-attachment-4021\" class=\"wp-caption-text\">Centaurea aspera L. ( Centaur\u00e9e rude )<\/p><\/div><\/p>\n<p><strong><span style=\"text-decoration: underline;\">Nom :<\/span><\/strong> <i>Centaurea aspera L.<\/i> ( Centaur\u00e9e rude )<\/p>\n<p><strong><span style=\"text-decoration: underline;\">Autre(s) nom(s) :<\/span><\/strong><br \/>\nCentaur\u00e9e rude.<\/p>\n<p><strong><span style=\"text-decoration: underline;\">Famille :<\/span><\/strong> ASTERACEAE<\/p>\n<p><strong><span style=\"text-decoration: underline;\">Floraison :<\/span><\/strong> Juin &#8211; Septembre<\/p>\n<p><strong><span style=\"text-decoration: underline;\">Description dans la flore de Coste :<\/span><\/strong><br \/>\nPlante vivace \u00e0 souche gr\u00eale ; tige de 3-8 dm dress\u00e9e, rude, \u00e0 rameaux gr\u00eales et \u00e9tal\u00e9s ou diffus ; feuilles non d\u00e9currentes, hispides, les inf\u00e9rieures p\u00e9tiol\u00e9es, lyr\u00e9es, les suivantes oblongues, pennatifides ou sinu\u00e9es, non auricul\u00e9es ; involucre ovo\u00efde \u00e0 folioles pourvues d&rsquo;un appendice \u00e9tal\u00e9 ou r\u00e9fl\u00e9chi, \u00e0 3-5 \u00e9pines en \u00e9ventail \u00e9galant au plus la moiti\u00e9 de la longueur de la foliole, la terminale un peu plus longue et ne d\u00e9passant pas 3 mm ; aigrette \u00e9galant du 1\/3 au 1\/4 de leur longueur ; fleurs purpurines, les ext\u00e9rieures faiblement rayonnantes.<\/p>\n<p><strong><span style=\"text-decoration: underline;\">Pr\u00e9sent dans le(s) d\u00e9partement(s) suivant(s) :<\/span><\/strong><br \/>\nAlpes-de-Haute-Provence, Alpes-Maritimes, Aude, Aveyron, Bouches-du-Rh\u00f4ne, Calvados, Charente-Maritime, C\u00f4tes-d&rsquo;Armor, Finist\u00e8re, Gard, Hautes-Alpes, Ille-et-Vilaine, Is\u00e8re, Landes, Loire-Atlantique, Lot, Lot-et-Garonne, Manche, Marne, Morbihan, Pyr\u00e9n\u00e9es-Orientales, Tarn-et-Garonne, Var, Vaucluse, Vend\u00e9e.<\/p>\n<div id=\"attachment_4022\" style=\"width: 610px\" class=\"wp-caption aligncenter\"><a href=\"https:\/\/www.preservons-la-nature.fr\/blog\/wp-content\/uploads\/2014\/09\/carte36.jpg\"><img loading=\"lazy\" decoding=\"async\" aria-describedby=\"caption-attachment-4022\" class=\"size-full wp-image-4022\" src=\"https:\/\/www.preservons-la-nature.fr\/blog\/wp-content\/uploads\/2014\/09\/carte36.jpg\" alt=\"R\u00e9partition de Centaurea aspera L. ( Centaur\u00e9e rude )\" width=\"600\" height=\"600\" srcset=\"https:\/\/preservons-la-nature.fr\/blog\/wp-content\/uploads\/2014\/09\/carte36.jpg 600w, https:\/\/preservons-la-nature.fr\/blog\/wp-content\/uploads\/2014\/09\/carte36-150x150.jpg 150w, https:\/\/preservons-la-nature.fr\/blog\/wp-content\/uploads\/2014\/09\/carte36-300x300.jpg 300w\" sizes=\"auto, (max-width: 600px) 100vw, 600px\" \/><\/a><p id=\"caption-attachment-4022\" class=\"wp-caption-text\">R\u00e9partition de Centaurea aspera L. ( Centaur\u00e9e rude )<\/p><\/div>\n<p><strong><span style=\"text-decoration: underline;\">Phytosociologie :<\/span><\/strong><i><\/i><\/p>\n<table>\n<tbody>\n<tr>\n<td>Alliance<\/td>\n<td>Ordre<\/td>\n<td>Classe<\/td>\n<\/tr>\n<tr>\n<td><strong>Euphorbio portandlicae-Helichrysion staechadis<\/strong><\/td>\n<td><strong>Artemisio lloydii-Koelerietalia albescentis<\/strong><\/td>\n<td><strong>Koelerio glaucae-Corynephoretea canescentis<\/strong><\/td>\n<\/tr>\n<tr>\n<td>Communaut\u00e9s cantabro-atlantiques \u00e0 m\u00e9so-m\u00e9diterran\u00e9ennes occidentales, parsem\u00e9es de cham\u00e9phytes et souvent riches en Bryophytes.<\/td>\n<td>Communaut\u00e9s des arri\u00e8re-dunes atlantiques fix\u00e9es, sur sables plus ou moins calcaires et sans saupoudrage important d&rsquo;ar\u00e8nes.<\/td>\n<td>Pelouses pionni\u00e8res, \u00e0 dominance d\u2019h\u00e9micryptophytes (plus ou moins riches en annuelles), atlantiques \u00e0 m\u00e9dioeurop\u00e9ennes, sur sables plus ou moins stabilis\u00e9s.<\/td>\n<\/tr>\n<\/tbody>\n<\/table>\n<table>\n<tbody>\n<tr>\n<td>Alliance<\/td>\n<td>Ordre<\/td>\n<td>Classe<\/td>\n<\/tr>\n<tr>\n<td><strong>Laguro ovati-Bromion rigidi<\/strong><\/td>\n<td><strong>Brometalia rubenti-tectorum<\/strong><\/td>\n<td><strong>Sisymbrietea officinalis<\/strong><\/td>\n<\/tr>\n<tr>\n<td>Communaut\u00e9s m\u00e9diterran\u00e9ennes et atlantiques des arri\u00e8re-dunes plus ou moins perturb\u00e9es.<\/td>\n<td>Communaut\u00e9s subnitrophiles, vernales plut\u00f4t x\u00e9roclines, des sols s\u00e9chards peu \u00e9pais, m\u00e9diterran\u00e9ennes \u00e0 thermo-atlantiques.<\/td>\n<td>V\u00e9g\u00e9tation anthropog\u00e8ne \u00e0 dominante d\u2019annuelles et de bisannuelles, plus ou moins nitrophile, des stations rud\u00e9ralis\u00e9es et irr\u00e9guli\u00e8rement pertub\u00e9es.<\/td>\n<\/tr>\n<\/tbody>\n<\/table>\n<p><strong><span style=\"text-decoration: underline;\">Taxonomie :<\/span><\/strong><br \/>\n<i>Centaurea aspera L.<\/i> a pour synonymes (Informations issues de la BDTFX Version 2.0, <a href=\"http:\/\/www.tela-botanica.org\" target=\"_blank\">Tela Botanica<\/a>) :<i><br \/>\n&#8211; Calcitrapa aspera (L.) Cass.<br \/>\n&#8211; Calcitrapoides aspera (L.) Holub<br \/>\n&#8211; Centaurea aspera var. subinermis DC.<br \/>\n&#8211; Cistrum asperum (L.) Hill<br \/>\n&#8211; Seridia aspera (L.) Sweet<br \/>\n<\/i><br \/>\n<strong><span style=\"text-decoration: underline;\">Sous-esp\u00e8ces ou vari\u00e9t\u00e9s :<\/span><\/strong><br \/>\n<i>&#8211; Centaurea aspera L. subsp. aspera<br \/>\n&#8211; Centaurea aspera subsp. pseudosphaerocephala (Shuttlew. ex Rouy) Gugler<br \/>\n<\/i><br \/>\n<strong><span style=\"text-decoration: underline;\">Bibliographie :<\/span><\/strong><\/p>\n<ul>\n<li>Atlas de la flore des Hautes-Alpes ; E. Chas ; Conservatoire botanique national alpin de Gap-Charance 1994<\/li>\n<li>Atlas floristique de la Loire-Atlantique et de la Vend\u00e9e ; P. Dupont ; Editions Silo\u00eb 2001<\/li>\n<li>Flore de France ; H. Coste ; Librairie des sciences et des Arts 1937<\/li>\n<li>Flore vasculaire de Basse-Normandie ; M. Provost ; Presses universitaires de Caen 1998<\/li>\n<li>Guide de la flore des Alpes-Maritimes, du Mercantour \u00e0 la M\u00e9diterran\u00e9e ; L. Carles, L. Th\u00e9bault ; Giletta Nice-Matin 2010<\/li>\n<li>La flore d\u2019Ille et vilaine ; L. Diard ; Editions Silo\u00eb 2005<\/li>\n<li>La flore des C\u00f4tes d\u2019Armor ; D. Philippon, R. Preli, L. Poux ; Editions Silo\u00eb 2006<\/li>\n<li>La flore du d\u00e9partement de Vaucluse ; B. Girerd ; Editions Barth\u00e9l\u00e9my 1993<\/li>\n<li>La flore du Finist\u00e8re ; E. Qu\u00e9r\u00e9, S. Magnanon, R. Ragot, L. Gager, F. Hardy ; Editions Silo\u00eb 2009<\/li>\n<li>La flore du Morbihan ; G. Rivi\u00e8re ; Editions Silo\u00eb 2007<\/li>\n<li>Les quatre flores de France ; P. Fournier ; Editions Lechevalier 1961<\/li>\n<li>Nouvelle flore de la Belgique, du G.-D. de Luxembourg, du Nord de la France et des r\u00e9gions voisines (5\u00e8me \u00e9dition) ; J. Lambinon, L. Delvosalle, J. Duvigneaud ; Edition du jardin botanique national de Belgique 2008<\/li>\n<\/ul>\n","protected":false},"excerpt":{"rendered":"<p>Une fiche plus r&eacute;cente existe, vous pouvez la consulter ICI Nom : Centaurea aspera L. ( Centaur\u00e9e rude ) Autre(s) nom(s) : Centaur\u00e9e rude. Famille : ASTERACEAE Floraison : Juin &#8211; Septembre Description dans la flore de Coste : Plante &hellip; <a href=\"https:\/\/preservons-la-nature.fr\/blog\/?p=4020\">Continuer la lecture <span class=\"meta-nav\">&rarr;<\/span><\/a><\/p>\n","protected":false},"author":1,"featured_media":0,"comment_status":"open","ping_status":"open","sticky":false,"template":"","format":"standard","meta":{"footnotes":""},"categories":[87],"tags":[48],"class_list":["post-4020","post","type-post","status-publish","format-standard","hentry","category-ficheplante","tag-asteracees"],"_links":{"self":[{"href":"https:\/\/preservons-la-nature.fr\/blog\/index.php?rest_route=\/wp\/v2\/posts\/4020","targetHints":{"allow":["GET"]}}],"collection":[{"href":"https:\/\/preservons-la-nature.fr\/blog\/index.php?rest_route=\/wp\/v2\/posts"}],"about":[{"href":"https:\/\/preservons-la-nature.fr\/blog\/index.php?rest_route=\/wp\/v2\/types\/post"}],"author":[{"embeddable":true,"href":"https:\/\/preservons-la-nature.fr\/blog\/index.php?rest_route=\/wp\/v2\/users\/1"}],"replies":[{"embeddable":true,"href":"https:\/\/preservons-la-nature.fr\/blog\/index.php?rest_route=%2Fwp%2Fv2%2Fcomments&post=4020"}],"version-history":[{"count":1,"href":"https:\/\/preservons-la-nature.fr\/blog\/index.php?rest_route=\/wp\/v2\/posts\/4020\/revisions"}],"predecessor-version":[{"id":4023,"href":"https:\/\/preservons-la-nature.fr\/blog\/index.php?rest_route=\/wp\/v2\/posts\/4020\/revisions\/4023"}],"wp:attachment":[{"href":"https:\/\/preservons-la-nature.fr\/blog\/index.php?rest_route=%2Fwp%2Fv2%2Fmedia&parent=4020"}],"wp:term":[{"taxonomy":"category","embeddable":true,"href":"https:\/\/preservons-la-nature.fr\/blog\/index.php?rest_route=%2Fwp%2Fv2%2Fcategories&post=4020"},{"taxonomy":"post_tag","embeddable":true,"href":"https:\/\/preservons-la-nature.fr\/blog\/index.php?rest_route=%2Fwp%2Fv2%2Ftags&post=4020"}],"curies":[{"name":"wp","href":"https:\/\/api.w.org\/{rel}","templated":true}]}}