{"id":4013,"date":"2014-10-23T00:19:24","date_gmt":"2014-10-22T23:19:24","guid":{"rendered":"https:\/\/www.preservons-la-nature.fr\/blog\/?p=4013"},"modified":"2014-09-23T12:23:46","modified_gmt":"2014-09-23T11:23:46","slug":"carex-cuprina-sandor-ex-heuff-nendtv-ex-a-kern-laiche-cuivree","status":"publish","type":"post","link":"https:\/\/preservons-la-nature.fr\/blog\/?p=4013","title":{"rendered":"Carex cuprina (Sandor ex Heuff.) Nendtv. ex A.Kern. ( La\u00eeche cuivr\u00e9e )"},"content":{"rendered":"<p><STRONG>Une fiche plus r&eacute;cente existe, vous pouvez la consulter <a href=\"https:\/\/www.preservons-la-nature.fr\/flore\/taxon\/191.html\">ICI<\/a><\/STRONG><div id=\"attachment_4015\" style=\"width: 543px\" class=\"wp-caption aligncenter\"><a href=\"https:\/\/www.preservons-la-nature.fr\/blog\/wp-content\/uploads\/2014\/09\/DSC07881.jpg\" target=\"_blank\"><img loading=\"lazy\" decoding=\"async\" aria-describedby=\"caption-attachment-4015\" class=\"wp-image-4015 size-large\" title=\"Carex cuprina (Sandor ex Heuff.) Nendtv. ex A.Kern. ( La\u00eeche cuivr\u00e9e )\" src=\"https:\/\/www.preservons-la-nature.fr\/blog\/wp-content\/uploads\/2014\/09\/DSC07881-533x800.jpg\" alt=\"Carex cuprina (Sandor ex Heuff.) Nendtv. ex A.Kern. ( La\u00eeche cuivr\u00e9e )\" width=\"533\" height=\"800\" srcset=\"https:\/\/preservons-la-nature.fr\/blog\/wp-content\/uploads\/2014\/09\/DSC07881-533x800.jpg 533w, https:\/\/preservons-la-nature.fr\/blog\/wp-content\/uploads\/2014\/09\/DSC07881-200x300.jpg 200w, https:\/\/preservons-la-nature.fr\/blog\/wp-content\/uploads\/2014\/09\/DSC07881.jpg 667w\" sizes=\"auto, (max-width: 533px) 100vw, 533px\" \/><\/a><p id=\"caption-attachment-4015\" class=\"wp-caption-text\">Carex cuprina (Sandor ex Heuff.) Nendtv. ex A.Kern. ( La\u00eeche cuivr\u00e9e )<\/p><\/div><\/p>\n<p><strong><span style=\"text-decoration: underline;\">Nom :<\/span><\/strong> <i>Carex cuprina (Sandor ex Heuff.) Nendtv. ex A.Kern.<\/i> ( La\u00eeche cuivr\u00e9e )<\/p>\n<p><strong><span style=\"text-decoration: underline;\">Autre(s) nom(s) :<\/span><\/strong><br \/>\nLa\u00eeche couleur de Renard, La\u00eeche cuivr\u00e9e, La\u00eeche d&rsquo;Otruba.<\/p>\n<p><strong><span style=\"text-decoration: underline;\">Famille :<\/span><\/strong> CYPERACEAE<\/p>\n<p><strong><span style=\"text-decoration: underline;\">Floraison :<\/span><\/strong> Mai &#8211; Juillet<\/p>\n<p><strong><span style=\"text-decoration: underline;\">Forme biologique :<\/span><\/strong><br \/>\nH\u00e9micryptophyte.<\/p>\n<p><strong><span style=\"text-decoration: underline;\">Description dans la flore de Coste :<\/span><\/strong><br \/>\nPlante vivace de 30 \u00e0 100 cm, cespiteuse, \u00e0 tige trigone moins ail\u00e9e que Carex vulpina, feuilles plus claires ; ligule aigu\u00eb sur le limbe, bract\u00e9e inf\u00e9rieure non auricul\u00e9e, Surface des utricules lisse et brillante, \u00e0 bec \u00e9gal des deux c\u00f4t\u00e9s ; 2 stigmates.<\/p>\n<div id=\"attachment_4014\" style=\"width: 543px\" class=\"wp-caption aligncenter\"><a href=\"https:\/\/www.preservons-la-nature.fr\/blog\/wp-content\/uploads\/2014\/09\/DSC9998.jpg\" target=\"_blank\"><img loading=\"lazy\" decoding=\"async\" aria-describedby=\"caption-attachment-4014\" class=\"wp-image-4014 size-large\" title=\"Carex cuprina (Sandor ex Heuff.) Nendtv. ex A.Kern. ( La\u00eeche cuivr\u00e9e )\" src=\"https:\/\/www.preservons-la-nature.fr\/blog\/wp-content\/uploads\/2014\/09\/DSC9998-533x800.jpg\" alt=\"Carex cuprina (Sandor ex Heuff.) Nendtv. ex A.Kern. ( La\u00eeche cuivr\u00e9e )\" width=\"533\" height=\"800\" srcset=\"https:\/\/preservons-la-nature.fr\/blog\/wp-content\/uploads\/2014\/09\/DSC9998-533x800.jpg 533w, https:\/\/preservons-la-nature.fr\/blog\/wp-content\/uploads\/2014\/09\/DSC9998-200x300.jpg 200w, https:\/\/preservons-la-nature.fr\/blog\/wp-content\/uploads\/2014\/09\/DSC9998.jpg 667w\" sizes=\"auto, (max-width: 533px) 100vw, 533px\" \/><\/a><p id=\"caption-attachment-4014\" class=\"wp-caption-text\">Carex cuprina (Sandor ex Heuff.) Nendtv. ex A.Kern. ( La\u00eeche cuivr\u00e9e )<\/p><\/div>\n<p><strong><span style=\"text-decoration: underline;\">Pr\u00e9sent dans le(s) d\u00e9partement(s) suivant(s) :<\/span><\/strong><br \/>\nAin, Aisne, Alpes-de-Haute-Provence, Alpes-Maritimes, Ardennes, Aube, Bas-Rhin, Bouches-du-Rh\u00f4ne, Calvados, Cantal, Charente, Charente-Maritime, Cher, Corr\u00e8ze, Corse-du-Sud, C\u00f4te-d&rsquo;Or, C\u00f4tes-d&rsquo;Armor, Creuse, Deux-S\u00e8vres, Dordogne, Doubs, Essonne, Eure, Eure-et-Loir, Finist\u00e8re, Gironde, Haute-Corse, Haute-Loire, Haute-Marne, Hautes-Alpes, Haute-Sa\u00f4ne, Hautes-Pyr\u00e9n\u00e9es, Haute-Vienne, Hauts-de-Seine, Ille-et-Vilaine, Indre, Indre-et-Loire, Is\u00e8re, Jura, Loire-Atlantique, Loiret, Loir-et-Cher, Lot, Lot-et-Garonne, Maine-et-Loire, Manche, Marne, Mayenne, Meurthe-et-Moselle, Meuse, Morbihan, Moselle, Ni\u00e8vre, Nord, Oise, Orne, Paris, Pas-de-Calais, Puy-de-D\u00f4me, Sa\u00f4ne-et-Loire, Sarthe, Seine-et-Marne, Seine-Maritime, Seine-Saint-Denis, Somme, Tarn-et-Garonne, Territoire-de-Belfort, Val-de-Marne, Val-d&rsquo;Oise, Var, Vaucluse, Vend\u00e9e, Vienne, Yonne, Yvelines.<\/p>\n<div id=\"attachment_4016\" style=\"width: 610px\" class=\"wp-caption aligncenter\"><a href=\"https:\/\/www.preservons-la-nature.fr\/blog\/wp-content\/uploads\/2014\/09\/carte35.jpg\"><img loading=\"lazy\" decoding=\"async\" aria-describedby=\"caption-attachment-4016\" class=\"size-full wp-image-4016\" src=\"https:\/\/www.preservons-la-nature.fr\/blog\/wp-content\/uploads\/2014\/09\/carte35.jpg\" alt=\"R\u00e9partition de Carex cuprina (Sandor ex Heuff.) Nendtv. ex A.Kern. ( La\u00eeche cuivr\u00e9e )\" width=\"600\" height=\"600\" srcset=\"https:\/\/preservons-la-nature.fr\/blog\/wp-content\/uploads\/2014\/09\/carte35.jpg 600w, https:\/\/preservons-la-nature.fr\/blog\/wp-content\/uploads\/2014\/09\/carte35-150x150.jpg 150w, https:\/\/preservons-la-nature.fr\/blog\/wp-content\/uploads\/2014\/09\/carte35-300x300.jpg 300w\" sizes=\"auto, (max-width: 600px) 100vw, 600px\" \/><\/a><p id=\"caption-attachment-4016\" class=\"wp-caption-text\">R\u00e9partition de Carex cuprina (Sandor ex Heuff.) Nendtv. ex A.Kern. ( La\u00eeche cuivr\u00e9e )<\/p><\/div>\n<p><strong><span style=\"text-decoration: underline;\">Phytosociologie :<\/span><\/strong><i><\/i><\/p>\n<table>\n<tbody>\n<tr>\n<td>Classe<\/td>\n<\/tr>\n<tr>\n<td><strong>Agrostietea stoloniferae<\/strong><\/td>\n<\/tr>\n<tr>\n<td>V\u00e9g\u00e9tation prairiale des sols engorg\u00e9s ou inondables, essentiellement min\u00e9raux, m\u00e9sotrophes \u00e0 eutrophes.<\/td>\n<\/tr>\n<\/tbody>\n<\/table>\n<table>\n<tbody>\n<tr>\n<td>Alliance<\/td>\n<td>Sous-ordre<\/td>\n<td>Ordre<\/td>\n<td>Classe<\/td>\n<\/tr>\n<tr>\n<td><strong>Alnion incanae<\/strong><\/td>\n<td><strong>Alno glutinosae-Ulmenalia minoris<\/strong><\/td>\n<td><strong>Populetalia albae<\/strong><\/td>\n<td><strong>Querco roboris-Fagetea sylvaticae<\/strong><\/td>\n<\/tr>\n<tr>\n<td><\/td>\n<td>Communaut\u00e9s de l&rsquo;Europe temp\u00e9r\u00e9e.<\/td>\n<td>Communaut\u00e9s riveraines non mar\u00e9cageuses.<\/td>\n<td>For\u00eats temp\u00e9r\u00e9es caducifoli\u00e9es ou mixtes, collin\u00e9ennes et montagnardes (plus rarement subalpines), ainsi que supram\u00e9diterran\u00e9ennes.<\/td>\n<\/tr>\n<\/tbody>\n<\/table>\n<table>\n<tbody>\n<tr>\n<td>Alliance<\/td>\n<td>Ordre<\/td>\n<td>Classe<\/td>\n<\/tr>\n<tr>\n<td><strong>Angelicion litoralis<\/strong><\/td>\n<td><strong>Convolvuletalia sepium<\/strong><\/td>\n<td><strong>Filipendulo ulmariae-Convolvuletea sepium<\/strong><\/td>\n<\/tr>\n<tr>\n<td>Communaut\u00e9s de zones subestuariennes et du cours inf\u00e9rieur des fleuves soumis aux mar\u00e9es d&rsquo;eau douce.<\/td>\n<td><\/td>\n<td>M\u00e9gaphorbiaies planitiaires \u00e0 montagnardes, m\u00e9so-eutrophes, des stations plus ou moins inondables \u00e0 humides.<\/td>\n<\/tr>\n<\/tbody>\n<\/table>\n<table>\n<tbody>\n<tr>\n<td>Alliance<\/td>\n<td>Ordre<\/td>\n<td>Classe<\/td>\n<\/tr>\n<tr>\n<td><strong>Bromion racemosi<\/strong><\/td>\n<td><strong>Potentillo anserinae-Polygonetalia avicularis<\/strong><\/td>\n<td><strong>Agrostietea stoloniferae<\/strong><\/td>\n<\/tr>\n<tr>\n<td>Communaut\u00e9s fauch\u00e9es atlantiques \u00e0 pr\u00e9continentales, surtout m\u00e9sotrophes.<\/td>\n<td>Prairies eurosib\u00e9riennes subissant des inondations de courte dur\u00e9e.<\/td>\n<td>V\u00e9g\u00e9tation prairiale des sols engorg\u00e9s ou inondables, essentiellement min\u00e9raux, m\u00e9sotrophes \u00e0 eutrophes.<\/td>\n<\/tr>\n<\/tbody>\n<\/table>\n<table>\n<tbody>\n<tr>\n<td>Alliance<\/td>\n<td>Ordre<\/td>\n<td>Classe<\/td>\n<\/tr>\n<tr>\n<td><strong>Caricion gracilis<\/strong><\/td>\n<td><strong>Magnocaricetalia elatae<\/strong><\/td>\n<td><strong>Phragmiti australis-Magnocaricetea elatae<\/strong><\/td>\n<\/tr>\n<tr>\n<td>Communaut\u00e9s des sols argilo-humif\u00e8res eutrophes \u00e0 anmoor.<\/td>\n<td>Communaut\u00e9s des sols riches en mati\u00e8re organique, \u00e0 \u00e9l\u00e9ments fins, m\u00e9sotrophes \u00e0 eutrophes, \u00e0 inondation moins prolong\u00e9e.<\/td>\n<td>V\u00e9g\u00e9tation des bords d&rsquo;\u00e9tangs, lacs, rivi\u00e8res et marais sur sol m\u00e9sotrophe \u00e0 eutrophe, parfois tourbeux.<\/td>\n<\/tr>\n<\/tbody>\n<\/table>\n<table>\n<tbody>\n<tr>\n<td>Alliance<\/td>\n<td>Ordre<\/td>\n<td>Classe<\/td>\n<\/tr>\n<tr>\n<td><strong>Loto tenuis-Trifolion fragiferi<\/strong><\/td>\n<td><strong>Potentillo anserinae-Polygonetalia avicularis<\/strong><\/td>\n<td><strong>Agrostietea stoloniferae<\/strong><\/td>\n<\/tr>\n<tr>\n<td>Communaut\u00e9s littorales, l\u00e9g\u00e8rement halophiles.<\/td>\n<td>Prairies eurosib\u00e9riennes subissant des inondations de courte dur\u00e9e.<\/td>\n<td>V\u00e9g\u00e9tation prairiale des sols engorg\u00e9s ou inondables, essentiellement min\u00e9raux, m\u00e9sotrophes \u00e0 eutrophes.<\/td>\n<\/tr>\n<\/tbody>\n<\/table>\n<table>\n<tbody>\n<tr>\n<td>Alliance<\/td>\n<td>Ordre<\/td>\n<td>Classe<\/td>\n<\/tr>\n<tr>\n<td><strong>Magnocaricion elatae<\/strong><\/td>\n<td><strong>Magnocaricetalia elatae<\/strong><\/td>\n<td><strong>Phragmiti australis-Magnocaricetea elatae<\/strong><\/td>\n<\/tr>\n<tr>\n<td>Communaut\u00e9s des sols m\u00e9sotrophes \u00e0 dystrophes, souvent tourbeux.<\/td>\n<td>Communaut\u00e9s des sols riches en mati\u00e8re organique, \u00e0 \u00e9l\u00e9ments fins, m\u00e9sotrophes \u00e0 eutrophes, \u00e0 inondation moins prolong\u00e9e.<\/td>\n<td>V\u00e9g\u00e9tation des bords d&rsquo;\u00e9tangs, lacs, rivi\u00e8res et marais sur sol m\u00e9sotrophe \u00e0 eutrophe, parfois tourbeux.<\/td>\n<\/tr>\n<\/tbody>\n<\/table>\n<table>\n<tbody>\n<tr>\n<td>Alliance<\/td>\n<td>Ordre<\/td>\n<td>Classe<\/td>\n<\/tr>\n<tr>\n<td><strong>Mentho longifoliae-Juncion inflexi<\/strong><\/td>\n<td><strong>Potentillo anserinae-Polygonetalia avicularis<\/strong><\/td>\n<td><strong>Agrostietea stoloniferae<\/strong><\/td>\n<\/tr>\n<tr>\n<td>Communaut\u00e9s p\u00e2tur\u00e9es neutroclines.<\/td>\n<td>Prairies eurosib\u00e9riennes subissant des inondations de courte dur\u00e9e.<\/td>\n<td>V\u00e9g\u00e9tation prairiale des sols engorg\u00e9s ou inondables, essentiellement min\u00e9raux, m\u00e9sotrophes \u00e0 eutrophes.<\/td>\n<\/tr>\n<\/tbody>\n<\/table>\n<table>\n<tbody>\n<tr>\n<td>Alliance<\/td>\n<td>Ordre<\/td>\n<td>Classe<\/td>\n<\/tr>\n<tr>\n<td><strong>Molinio arundinaceae-Holoschoenion vulgaris<\/strong><\/td>\n<td><strong>Holoschoenetalia vulgaris<\/strong><\/td>\n<td><strong>Molinio caeruleae-Juncetea acutiflori<\/strong><\/td>\n<\/tr>\n<tr>\n<td>Communaut\u00e9s \u00e9lev\u00e9es m\u00e9sohygrophiles m\u00e9ridionales.<\/td>\n<td>Communaut\u00e9s m\u00e9diterran\u00e9ennes.<\/td>\n<td>Prairies hygrophiles \u00e0 m\u00e9sohygrophiles, sur sol oligotrophe \u00e0 m\u00e9sotrophe.<\/td>\n<\/tr>\n<\/tbody>\n<\/table>\n<table>\n<tbody>\n<tr>\n<td>Alliance<\/td>\n<td>Ordre<\/td>\n<td>Classe<\/td>\n<\/tr>\n<tr>\n<td><strong>Oenanthion fistulosae<\/strong><\/td>\n<td><strong>Eleocharitetalia palustris<\/strong><\/td>\n<td><strong>Agrostietea stoloniferae<\/strong><\/td>\n<\/tr>\n<tr>\n<td>Communaut\u00e9s atlantiques \u00e0 subcontinentales.<\/td>\n<td>Prairies eurosib\u00e9riennes longuement inondables.<\/td>\n<td>V\u00e9g\u00e9tation prairiale des sols engorg\u00e9s ou inondables, essentiellement min\u00e9raux, m\u00e9sotrophes \u00e0 eutrophes.<\/td>\n<\/tr>\n<\/tbody>\n<\/table>\n<table>\n<tbody>\n<tr>\n<td>Alliance<\/td>\n<td>Ordre<\/td>\n<td>Classe<\/td>\n<\/tr>\n<tr>\n<td><strong>Potentillion anserinae<\/strong><\/td>\n<td><strong>Potentillo anserinae-Polygonetalia avicularis<\/strong><\/td>\n<td><strong>Agrostietea stoloniferae<\/strong><\/td>\n<\/tr>\n<tr>\n<td>Communaut\u00e9s pi\u00e9tin\u00e9es et p\u00e2tur\u00e9es collin\u00e9ennes, m\u00e9sohygrophiles et eutrophes.<\/td>\n<td>Prairies eurosib\u00e9riennes subissant des inondations de courte dur\u00e9e.<\/td>\n<td>V\u00e9g\u00e9tation prairiale des sols engorg\u00e9s ou inondables, essentiellement min\u00e9raux, m\u00e9sotrophes \u00e0 eutrophes.<\/td>\n<\/tr>\n<\/tbody>\n<\/table>\n<p><strong><span style=\"text-decoration: underline;\">Taxonomie :<\/span><\/strong><br \/>\n<i>Carex cuprina (Sandor ex Heuff.) Nendtv. ex A.Kern.<\/i> a pour synonymes (Informations issues de la BDTFX Version 2.0, <a href=\"http:\/\/www.tela-botanica.org\" target=\"_blank\">Tela Botanica<\/a>) :<i><br \/>\n&#8211; Carex lamprophysa Sam. ex Nordh.<br \/>\n<\/i><br \/>\n<strong><span style=\"text-decoration: underline;\">Sous-esp\u00e8ces ou vari\u00e9t\u00e9s :<\/span><\/strong><br \/>\n<i>&#8211; Carex cuprina (Sandor ex Heuff.) Nendtv. ex A.Kern. var. cuprina<br \/>\n&#8211; Carex cuprina var. subcontigua (K\u00fck.) De Langhe &amp; Lambinon<br \/>\n<\/i><br \/>\n<strong><span style=\"text-decoration: underline;\">Bibliographie :<\/span><\/strong><\/p>\n<ul>\n<li>Atlas de la flore d&rsquo;Auvergne ; P. Antonetti, E. Brugel, F. Kessler, J-P. Barbe, M. Tort ; Editions Biotope 2006<\/li>\n<li>Atlas de la flore de sauvage de Seine-et-Marne ; S. Filoche, F. Perriat, J. Moret, F. Hendoux ; Librairie des mus\u00e9es 2010<\/li>\n<li>Atlas de la flore des Hautes-Alpes ; E. Chas ; Conservatoire botanique national alpin de Gap-Charance 1994<\/li>\n<li>Atlas de la flore sauvage de Bourgogne ; O. Bardet, E. F\u00e9doroff, G. Causse, J. Moret ; Editions Biotope 2008<\/li>\n<li>Atlas de la flore sauvage du d\u00e9partement de la Sarthe ; G. Hunault, J. Moret ; Editions Biotope 2009<\/li>\n<li>Atlas de la flore sauvage du d\u00e9partement de l&rsquo;Essonne ; G. Arnal, J. Guittet ; Editions Biotope 2004<\/li>\n<li>Atlas de la flore sauvage du d\u00e9partement d&rsquo;Eure-et-Loir ; R. Dupr\u00e9, P. Boudier, P. Delahaye, M. Joly, J. Cordier, J. Moret ; Editions Biotope 2009<\/li>\n<li>Atlas de la flore sauvage du d\u00e9partement du Loiret ; D. Pujol, J. Cordier, J. Moret ; Editions Biotope 2008<\/li>\n<li>Atlas floristique de la Loire-Atlantique et de la Vend\u00e9e ; P. Dupont ; Editions Silo\u00eb 2001<\/li>\n<li>Flora helvetica ; K. Lauber, G. Wagner, A. Gigax, E. Geller ; Editions Belin 2012<\/li>\n<li>Flore de Dordogne ; B. B\u00e9d\u00e9 ; Soci\u00e9t\u00e9 botanique du P\u00e9rigord 2011<\/li>\n<li>Flore de France ; H. Coste ; Librairie des sciences et des Arts 1937<\/li>\n<li>Flore d&rsquo;Ile de France ; P. Jauzein, O. Nawrot ; Editions Quae 2011<\/li>\n<li>Flore d&rsquo;Ile de France &#8211; cl\u00e9s de d\u00e9termination, taxonomie et statuts ; P. Jauzein, O. Nawrot ; Editions Quae 2013<\/li>\n<li>Flore vasculaire de Basse-Normandie ; M. Provost ; Presses universitaires de Caen 1998<\/li>\n<li>Guide de la flore de Haute-Loire Tome 1 et 2 ; M. Tort, P. Antonetti, B. Belin, R. Portal ; Editions Jeanne d&rsquo;Arc 2010<\/li>\n<li>Guide de la flore des Alpes-Maritimes, du Mercantour \u00e0 la M\u00e9diterran\u00e9e ; L. Carles, L. Th\u00e9bault ; Giletta Nice-Matin 2010<\/li>\n<li>La flore d\u2019Ille et vilaine ; L. Diard ; Editions Silo\u00eb 2005<\/li>\n<li>La flore de la Mayenne ; C. David, M. G\u00e9rard, H. Hubert, B. Jarri, Y. de Labarre, M. Ravet ; Editions Silo\u00eb 2009<\/li>\n<li>La flore des C\u00f4tes d\u2019Armor ; D. Philippon, R. Preli, L. Poux ; Editions Silo\u00eb 2006<\/li>\n<li>La flore du d\u00e9partement de Vaucluse ; B. Girerd ; Editions Barth\u00e9l\u00e9my 1993<\/li>\n<li>La flore du Finist\u00e8re ; E. Qu\u00e9r\u00e9, S. Magnanon, R. Ragot, L. Gager, F. Hardy ; Editions Silo\u00eb 2009<\/li>\n<li>La flore du Morbihan ; G. Rivi\u00e8re ; Editions Silo\u00eb 2007<\/li>\n<li>Nouvelle flore de la Belgique, du G.-D. de Luxembourg, du Nord de la France et des r\u00e9gions voisines (5\u00e8me \u00e9dition) ; J. Lambinon, L. Delvosalle, J. Duvigneaud ; Edition du jardin botanique national de Belgique 2008<\/li>\n<li>Plantes et v\u00e9g\u00e9tation en Limousin, atlas de la flore vasculaire ; E. Brugel, L. Brunerye, A. Vilks ; Espaces naturels du Limousin 2001<\/li>\n<\/ul>\n","protected":false},"excerpt":{"rendered":"<p>Une fiche plus r&eacute;cente existe, vous pouvez la consulter ICI Nom : Carex cuprina (Sandor ex Heuff.) Nendtv. ex A.Kern. ( La\u00eeche cuivr\u00e9e ) Autre(s) nom(s) : La\u00eeche couleur de Renard, La\u00eeche cuivr\u00e9e, La\u00eeche d&rsquo;Otruba. Famille : CYPERACEAE Floraison : &hellip; <a href=\"https:\/\/preservons-la-nature.fr\/blog\/?p=4013\">Continuer la lecture <span class=\"meta-nav\">&rarr;<\/span><\/a><\/p>\n","protected":false},"author":1,"featured_media":0,"comment_status":"open","ping_status":"open","sticky":false,"template":"","format":"standard","meta":{"footnotes":""},"categories":[87],"tags":[64],"class_list":["post-4013","post","type-post","status-publish","format-standard","hentry","category-ficheplante","tag-cyperacees"],"_links":{"self":[{"href":"https:\/\/preservons-la-nature.fr\/blog\/index.php?rest_route=\/wp\/v2\/posts\/4013","targetHints":{"allow":["GET"]}}],"collection":[{"href":"https:\/\/preservons-la-nature.fr\/blog\/index.php?rest_route=\/wp\/v2\/posts"}],"about":[{"href":"https:\/\/preservons-la-nature.fr\/blog\/index.php?rest_route=\/wp\/v2\/types\/post"}],"author":[{"embeddable":true,"href":"https:\/\/preservons-la-nature.fr\/blog\/index.php?rest_route=\/wp\/v2\/users\/1"}],"replies":[{"embeddable":true,"href":"https:\/\/preservons-la-nature.fr\/blog\/index.php?rest_route=%2Fwp%2Fv2%2Fcomments&post=4013"}],"version-history":[{"count":1,"href":"https:\/\/preservons-la-nature.fr\/blog\/index.php?rest_route=\/wp\/v2\/posts\/4013\/revisions"}],"predecessor-version":[{"id":4017,"href":"https:\/\/preservons-la-nature.fr\/blog\/index.php?rest_route=\/wp\/v2\/posts\/4013\/revisions\/4017"}],"wp:attachment":[{"href":"https:\/\/preservons-la-nature.fr\/blog\/index.php?rest_route=%2Fwp%2Fv2%2Fmedia&parent=4013"}],"wp:term":[{"taxonomy":"category","embeddable":true,"href":"https:\/\/preservons-la-nature.fr\/blog\/index.php?rest_route=%2Fwp%2Fv2%2Fcategories&post=4013"},{"taxonomy":"post_tag","embeddable":true,"href":"https:\/\/preservons-la-nature.fr\/blog\/index.php?rest_route=%2Fwp%2Fv2%2Ftags&post=4013"}],"curies":[{"name":"wp","href":"https:\/\/api.w.org\/{rel}","templated":true}]}}