{"id":4009,"date":"2014-09-25T07:40:18","date_gmt":"2014-09-25T06:40:18","guid":{"rendered":"https:\/\/www.preservons-la-nature.fr\/blog\/?p=4009"},"modified":"2014-09-23T07:57:59","modified_gmt":"2014-09-23T06:57:59","slug":"carex-caryophyllea-latourr-laiche-printaniere","status":"publish","type":"post","link":"https:\/\/preservons-la-nature.fr\/blog\/?p=4009","title":{"rendered":"Carex caryophyllea Latourr. ( La\u00eeche printani\u00e8re )"},"content":{"rendered":"<p><STRONG>Une fiche plus r&eacute;cente existe, vous pouvez la consulter <a href=\"https:\/\/www.preservons-la-nature.fr\/flore\/taxon\/190.html\">ICI<\/a><\/STRONG><div id=\"attachment_4010\" style=\"width: 543px\" class=\"wp-caption aligncenter\"><a href=\"https:\/\/www.preservons-la-nature.fr\/blog\/wp-content\/uploads\/2014\/09\/DSC08429.jpg\" target=\"_blank\"><img loading=\"lazy\" decoding=\"async\" aria-describedby=\"caption-attachment-4010\" class=\"wp-image-4010 size-large\" title=\"Carex caryophyllea Latourr. ( La\u00eeche printani\u00e8re )\" src=\"https:\/\/www.preservons-la-nature.fr\/blog\/wp-content\/uploads\/2014\/09\/DSC08429-533x800.jpg\" alt=\"Carex caryophyllea Latourr. ( La\u00eeche printani\u00e8re )\" width=\"533\" height=\"800\" srcset=\"https:\/\/preservons-la-nature.fr\/blog\/wp-content\/uploads\/2014\/09\/DSC08429-533x800.jpg 533w, https:\/\/preservons-la-nature.fr\/blog\/wp-content\/uploads\/2014\/09\/DSC08429-200x300.jpg 200w, https:\/\/preservons-la-nature.fr\/blog\/wp-content\/uploads\/2014\/09\/DSC08429.jpg 667w\" sizes=\"auto, (max-width: 533px) 100vw, 533px\" \/><\/a><p id=\"caption-attachment-4010\" class=\"wp-caption-text\">Carex caryophyllea Latourr. ( La\u00eeche printani\u00e8re )<\/p><\/div><\/p>\n<p><strong><span style=\"text-decoration: underline;\">Nom :<\/span><\/strong> <i>Carex caryophyllea Latourr.<\/i> ( La\u00eeche printani\u00e8re )<\/p>\n<p><strong><span style=\"text-decoration: underline;\">Autre(s) nom(s) :<\/span><\/strong><br \/>\nLa\u00eeche du printemps, La\u00eeche printani\u00e8re.<\/p>\n<p><strong><span style=\"text-decoration: underline;\">Famille :<\/span><\/strong> CYPERACEAE<\/p>\n<p><strong><span style=\"text-decoration: underline;\">Floraison :<\/span><\/strong> Mars &#8211; Juillet<\/p>\n<p><strong><span style=\"text-decoration: underline;\">Forme biologique :<\/span><\/strong><br \/>\nG\u00e9ophyte rhizomateux.<\/p>\n<p><strong><span style=\"text-decoration: underline;\">Description dans la flore de Coste :<\/span><\/strong><br \/>\nPlante vivace de 10 \u00e0 30 cm, verte, \u00e0 souche rampante-stolonif\u00e8re ; tige dress\u00e9e, gr\u00eale, trigone, lisse ou rude au sommet ; feuilles plus courtes que la tige, larges de 1 \u00e0 3 mm, rudes ; \u00e9pi m\u00e2le solitaire, \u00e9paissi en massue, rouss\u00e2tre ; 1 \u00e0 3 \u00e9pis femelles rapproch\u00e9s, ovo\u00efdes-oblongs, denses, subsessiles ou l&rsquo;inf\u00e9rieur p\u00e9doncul\u00e9 ; bract\u00e9e inf\u00e9rieure bri\u00e8vement engainante, membraneuse, \u00e0 pointe verte en al\u00e8ne ; \u00e9cailles brunes, mucron\u00e9es ; 3 stigmates ; utricules fauves, pubescents, obovales-trigones (3 mm), sans nervures, r\u00e9tr\u00e9cis en bec court \u00e9margin\u00e9 \u00e9galant l&rsquo;\u00e9caille.<\/p>\n<p><strong><span style=\"text-decoration: underline;\">Pr\u00e9sent dans le(s) d\u00e9partement(s) suivant(s) :<\/span><\/strong><br \/>\nAin, Aisne, Allier, Alpes-de-Haute-Provence, Alpes-Maritimes, Ardennes, Aube, Aveyron, Bas-Rhin, Bouches-du-Rh\u00f4ne, Calvados, Cantal, Charente, Charente-Maritime, Cher, Corr\u00e8ze, Corse-du-Sud, C\u00f4te-d&rsquo;Or, C\u00f4tes-d&rsquo;Armor, Creuse, Deux-S\u00e8vres, Dordogne, Doubs, Essonne, Eure, Eure-et-Loir, Finist\u00e8re, Gers, Haute-Corse, Haute-Garonne, Haute-Loire, Haute-Marne, Hautes-Alpes, Haute-Sa\u00f4ne, Haute-Savoie, Hautes-Pyr\u00e9n\u00e9es, Haute-Vienne, Haut-Rhin, Ille-et-Vilaine, Indre, Indre-et-Loire, Is\u00e8re, Jura, Loire-Atlantique, Loiret, Loir-et-Cher, Lot, Lot-et-Garonne, Loz\u00e8re, Maine-et-Loire, Manche, Marne, Mayenne, Meurthe-et-Moselle, Meuse, Morbihan, Moselle, Ni\u00e8vre, Nord, Oise, Orne, Pas-de-Calais, Puy-de-D\u00f4me, Pyr\u00e9n\u00e9es-Atlantiques, Sa\u00f4ne-et-Loire, Sarthe, Seine-et-Marne, Seine-Maritime, Seine-Saint-Denis, Somme, Tarn-et-Garonne, Territoire-de-Belfort, Val-de-Marne, Val-d&rsquo;Oise, Var, Vaucluse, Vend\u00e9e, Vienne, Vosges, Yonne, Yvelines.<br \/>\n<div id=\"attachment_4011\" style=\"width: 610px\" class=\"wp-caption aligncenter\"><a href=\"https:\/\/www.preservons-la-nature.fr\/blog\/wp-content\/uploads\/2014\/09\/carte34.jpg\"><img loading=\"lazy\" decoding=\"async\" aria-describedby=\"caption-attachment-4011\" src=\"https:\/\/www.preservons-la-nature.fr\/blog\/wp-content\/uploads\/2014\/09\/carte34.jpg\" alt=\"R\u00e9partition de Carex caryophyllea Latourr. ( La\u00eeche printani\u00e8re )R\u00e9partition de Carex caryophyllea Latourr. ( La\u00eeche printani\u00e8re )\" width=\"600\" height=\"600\" class=\"size-full wp-image-4011\" srcset=\"https:\/\/preservons-la-nature.fr\/blog\/wp-content\/uploads\/2014\/09\/carte34.jpg 600w, https:\/\/preservons-la-nature.fr\/blog\/wp-content\/uploads\/2014\/09\/carte34-150x150.jpg 150w, https:\/\/preservons-la-nature.fr\/blog\/wp-content\/uploads\/2014\/09\/carte34-300x300.jpg 300w\" sizes=\"auto, (max-width: 600px) 100vw, 600px\" \/><\/a><p id=\"caption-attachment-4011\" class=\"wp-caption-text\">R\u00e9partition de Carex caryophyllea Latourr. ( La\u00eeche printani\u00e8re )<\/p><\/div><br \/>\n<strong><span style=\"text-decoration: underline;\">R\u00e9partition mondiale :<\/span><\/strong><br \/>\nEurope, Asie occidentale et Sib\u00e9rie, Am\u00e9rique bor\u00e9ale.<\/p>\n<p><strong><span style=\"text-decoration: underline;\">Phytosociologie :<\/span><\/strong><i><\/i><\/p>\n<table>\n<tbody>\n<tr>\n<td>Ordre<\/td>\n<td>Classe<\/td>\n<\/tr>\n<tr>\n<td><strong>Brometalia erecti<\/strong><\/td>\n<td><strong>Festuco valesiacae-Brometea erecti<\/strong><\/td>\n<\/tr>\n<tr>\n<td>Communaut\u00e9s atlantiques \u00e0 subatlantiques.<\/td>\n<td>Pelouses \u00e0 dominance d\u2019h\u00e9micryptophytes, parfois landines et garrigues sous climat subm\u00e9diterran\u00e9en, x\u00e9rophiles \u00e0 m\u00e9sox\u00e9rophiles, collin\u00e9ennes \u00e0 montagnardes, europ\u00e9ennes et ouest-sib\u00e9riennes, surtout sur substrats carbonat\u00e9s ou basiques.<\/td>\n<\/tr>\n<\/tbody>\n<\/table>\n<table>\n<tbody>\n<tr>\n<td>Alliance<\/td>\n<td>Ordre<\/td>\n<td>Classe<\/td>\n<\/tr>\n<tr>\n<td><strong>Cynosurion cristati<\/strong><\/td>\n<td><strong>Trifolio repentis-Phleetalia pratensis<\/strong><\/td>\n<td><strong>Arrhenatheretea elatioris<\/strong><\/td>\n<\/tr>\n<tr>\n<td>Communaut\u00e9s collin\u00e9ennes et montagnardes.<\/td>\n<td>Prairies p\u00e2tur\u00e9es.<\/td>\n<td>V\u00e9g\u00e9tation prairiale, plus rarement de pelouses, m\u00e9sophile ou m\u00e9sohygrophile, m\u00e9sotrophe \u00e0 eutrophe.<\/td>\n<\/tr>\n<\/tbody>\n<\/table>\n<table>\n<tbody>\n<tr>\n<td>Alliance<\/td>\n<td>Ordre<\/td>\n<td>Classe<\/td>\n<\/tr>\n<tr>\n<td><strong>Dactylido oceanicae-Ulicion maritimi<\/strong><\/td>\n<td><strong>Ulicetalia minoris<\/strong><\/td>\n<td><strong>Calluno vulgaris-Ulicetea minoris<\/strong><\/td>\n<\/tr>\n<tr>\n<td>Communaut\u00e9s maritimes atlantiques, g\u00e9n\u00e9ralement primaires.<\/td>\n<td>Landes cantabro- et m\u00e9diterran\u00e9o-atlantiques.<\/td>\n<td>V\u00e9g\u00e9tation de lande, \u00e0 dominance de cham\u00e9phytes et nanophan\u00e9rophytes, appartenant principalement aux Ericac\u00e9es et Fabac\u00e9es.<\/td>\n<\/tr>\n<\/tbody>\n<\/table>\n<table>\n<tbody>\n<tr>\n<td>Alliance<\/td>\n<td>Ordre<\/td>\n<td>Classe<\/td>\n<\/tr>\n<tr>\n<td><strong>Koelerio macranthae-Phleion phleoidis<\/strong><\/td>\n<td><strong>Brometalia erecti<\/strong><\/td>\n<td><strong>Festuco valesiacae-Brometea erecti<\/strong><\/td>\n<\/tr>\n<tr>\n<td>Communaut\u00e9s subatlantiques, plus ou moins x\u00e9rophiles, acidiclines \u00e0 acidiphiles, surtout montagnardes.<\/td>\n<td>Communaut\u00e9s atlantiques \u00e0 subatlantiques.<\/td>\n<td>Pelouses \u00e0 dominance d\u2019h\u00e9micryptophytes, parfois landines et garrigues sous climat subm\u00e9diterran\u00e9en, x\u00e9rophiles \u00e0 m\u00e9sox\u00e9rophiles, collin\u00e9ennes \u00e0 montagnardes, europ\u00e9ennes et ouest-sib\u00e9riennes, surtout sur substrats carbonat\u00e9s ou basiques.<\/td>\n<\/tr>\n<\/tbody>\n<\/table>\n<table>\n<tbody>\n<tr>\n<td>Alliance<\/td>\n<td>Ordre<\/td>\n<td>Classe<\/td>\n<\/tr>\n<tr>\n<td><strong>Mesobromion erecti<\/strong><\/td>\n<td><strong>Brometalia erecti<\/strong><\/td>\n<td><strong>Festuco valesiacae-Brometea erecti<\/strong><\/td>\n<\/tr>\n<tr>\n<td>Communaut\u00e9s subatlantiques \u00e0 atlantiques, m\u00e9sox\u00e9rophiles \u00e0 x\u00e9rophiles.<\/td>\n<td>Communaut\u00e9s atlantiques \u00e0 subatlantiques.<\/td>\n<td>Pelouses \u00e0 dominance d\u2019h\u00e9micryptophytes, parfois landines et garrigues sous climat subm\u00e9diterran\u00e9en, x\u00e9rophiles \u00e0 m\u00e9sox\u00e9rophiles, collin\u00e9ennes \u00e0 montagnardes, europ\u00e9ennes et ouest-sib\u00e9riennes, surtout sur substrats carbonat\u00e9s ou basiques.<\/td>\n<\/tr>\n<\/tbody>\n<\/table>\n<table>\n<tbody>\n<tr>\n<td>Ordre<\/td>\n<td>Classe<\/td>\n<\/tr>\n<tr>\n<td><strong>Nardetalia strictae<\/strong><\/td>\n<td><strong>Nardetea strictae<\/strong><\/td>\n<\/tr>\n<tr>\n<td><\/td>\n<td>Pelouses oligotrophes, acidiphiles, planitiaires \u00e0 montagnardes, essentiellement atlantiques \u00e0 subatlantiques.<\/td>\n<\/tr>\n<\/tbody>\n<\/table>\n<table>\n<tbody>\n<tr>\n<td>Alliance<\/td>\n<td>Ordre<\/td>\n<td>Classe<\/td>\n<\/tr>\n<tr>\n<td><strong>Nardion strictae<\/strong><\/td>\n<td><strong>Caricetalia curvulae<\/strong><\/td>\n<td><strong>Caricetea curvulae<\/strong><\/td>\n<\/tr>\n<tr>\n<td>Communaut\u00e9s des d\u00e9pressions et replats, \u00e0 tendance chionophile, en g\u00e9n\u00e9ral fortement p\u00e2tur\u00e9es.<\/td>\n<td>Communaut\u00e9s du Jura, Massif central, Alpes et Pyr\u00e9n\u00e9es.<\/td>\n<td>Pelouses acidiphiles montagnardes, subalpines et alpines.<\/td>\n<\/tr>\n<\/tbody>\n<\/table>\n<table>\n<tbody>\n<tr>\n<td>Sous-alliance<\/td>\n<td>Alliance<\/td>\n<td>Ordre<\/td>\n<td>Classe<\/td>\n<\/tr>\n<tr>\n<td><strong>Polygalo vulgaris-Cynosurenion cristati<\/strong><\/td>\n<td><strong>Cynosurion cristati<\/strong><\/td>\n<td><strong>Trifolio repentis-Phleetalia pratensis<\/strong><\/td>\n<td><strong>Arrhenatheretea elatioris<\/strong><\/td>\n<\/tr>\n<tr>\n<td>Communaut\u00e9s m\u00e9sotrophes acidiclines.<\/td>\n<td>Communaut\u00e9s collin\u00e9ennes et montagnardes.<\/td>\n<td>Prairies p\u00e2tur\u00e9es.<\/td>\n<td>V\u00e9g\u00e9tation prairiale, plus rarement de pelouses, m\u00e9sophile ou m\u00e9sohygrophile, m\u00e9sotrophe \u00e0 eutrophe.<\/td>\n<\/tr>\n<\/tbody>\n<\/table>\n<table>\n<tbody>\n<tr>\n<td>Sous-alliance<\/td>\n<td>Alliance<\/td>\n<td>Ordre<\/td>\n<td>Classe<\/td>\n<\/tr>\n<tr>\n<td><strong>Sanguisorbo minoris-Cynosurenion cristati<\/strong><\/td>\n<td><strong>Cynosurion cristati<\/strong><\/td>\n<td><strong>Trifolio repentis-Phleetalia pratensis<\/strong><\/td>\n<td><strong>Arrhenatheretea elatioris<\/strong><\/td>\n<\/tr>\n<tr>\n<td>Communaut\u00e9s m\u00e9sotrophes neutrobasiclines.<\/td>\n<td>Communaut\u00e9s collin\u00e9ennes et montagnardes.<\/td>\n<td>Prairies p\u00e2tur\u00e9es.<\/td>\n<td>V\u00e9g\u00e9tation prairiale, plus rarement de pelouses, m\u00e9sophile ou m\u00e9sohygrophile, m\u00e9sotrophe \u00e0 eutrophe.<\/td>\n<\/tr>\n<\/tbody>\n<\/table>\n<table>\n<tbody>\n<tr>\n<td>Alliance<\/td>\n<td>Ordre<\/td>\n<td>Classe<\/td>\n<\/tr>\n<tr>\n<td><strong>Violion caninae<\/strong><\/td>\n<td><strong>Nardetalia strictae<\/strong><\/td>\n<td><strong>Nardetea strictae<\/strong><\/td>\n<\/tr>\n<tr>\n<td>Communaut\u00e9s acidiclines sub-nord-atlantiques.<\/td>\n<td><\/td>\n<td>Pelouses oligotrophes, acidiphiles, planitiaires \u00e0 montagnardes, essentiellement atlantiques \u00e0 subatlantiques.<\/td>\n<\/tr>\n<\/tbody>\n<\/table>\n<table>\n<tbody>\n<tr>\n<td>Alliance<\/td>\n<td>Ordre<\/td>\n<td>Classe<\/td>\n<\/tr>\n<tr>\n<td><strong>Xerobromion erecti<\/strong><\/td>\n<td><strong>Brometalia erecti<\/strong><\/td>\n<td><strong>Festuco valesiacae-Brometea erecti<\/strong><\/td>\n<\/tr>\n<tr>\n<td>Communaut\u00e9s x\u00e9rophiles plus ou moins ouvertes, de caract\u00e8re subm\u00e9diterran\u00e9en.<\/td>\n<td>Communaut\u00e9s atlantiques \u00e0 subatlantiques.<\/td>\n<td>Pelouses \u00e0 dominance d\u2019h\u00e9micryptophytes, parfois landines et garrigues sous climat subm\u00e9diterran\u00e9en, x\u00e9rophiles \u00e0 m\u00e9sox\u00e9rophiles, collin\u00e9ennes \u00e0 montagnardes, europ\u00e9ennes et ouest-sib\u00e9riennes, surtout sur substrats carbonat\u00e9s ou basiques.<\/td>\n<\/tr>\n<\/tbody>\n<\/table>\n<p><strong><span style=\"text-decoration: underline;\">Taxonomie :<\/span><\/strong><br \/>\n<i>Carex caryophyllea Latourr.<\/i> a pour synonymes (Informations issues de la BDTFX Version 2.0, <a href=\"http:\/\/www.tela-botanica.org\" target=\"_blank\">Tela Botanica<\/a>) :<i><br \/>\n&#8211; Carex caryophyllea f. gynobasis P.Fourn.<br \/>\n&#8211; Carex caryophyllea subsp. trachyantha (Dorner ex Heuff) Degen<br \/>\n&#8211; Carex caryophyllea var. cuspidata Royer<br \/>\n&#8211; Carex caryophyllea var. umbrosiformis Fleischm.<br \/>\n&#8211; Carex decumbens Moench<br \/>\n&#8211; Carex fuscotincta Merino<br \/>\n&#8211; Carex praeceps Borkh. ex Rchb.<br \/>\n&#8211; Carex praecox Jacq.<br \/>\n&#8211; Carex reflexa Hoppe<br \/>\n&#8211; Carex ruthenica V.I.Krecz.<br \/>\n&#8211; Carex scabricuspis V.I.Krecz.<br \/>\n&#8211; Carex subvillosa M.Bieb.<br \/>\n&#8211; Carex trachyantha Dorner ex Heuff<br \/>\n&#8211; Carex verna Chaix<br \/>\n&#8211; Carex verna Chaix<br \/>\n&#8211; Carex verna var. pedunculata Beck<br \/>\n&#8211; Olamblis verna (Chaix) Raf.<br \/>\n<\/i><br \/>\n<strong><span style=\"text-decoration: underline;\">Sous-esp\u00e8ces ou vari\u00e9t\u00e9s :<\/span><\/strong><br \/>\n<i>&#8211; Carex caryophyllea Latourr. var. caryophyllea<br \/>\n&#8211; Carex caryophyllea var. insularis (H.Christ ex Barbey) Briq.<br \/>\n<\/i><br \/>\n<strong><span style=\"text-decoration: underline;\">Bibliographie :<\/span><\/strong><\/p>\n<ul>\n<li>Atlas de la flore d&rsquo;Auvergne ; P. Antonetti, E. Brugel, F. Kessler, J-P. Barbe, M. Tort ; Editions Biotope 2006<\/li>\n<li>Atlas de la flore de sauvage de Seine-et-Marne ; S. Filoche, F. Perriat, J. Moret, F. Hendoux ; Librairie des mus\u00e9es 2010<\/li>\n<li>Atlas de la flore des Hautes-Alpes ; E. Chas ; Conservatoire botanique national alpin de Gap-Charance 1994<\/li>\n<li>Atlas de la flore sauvage de Bourgogne ; O. Bardet, E. F\u00e9doroff, G. Causse, J. Moret ; Editions Biotope 2008<\/li>\n<li>Atlas de la flore sauvage du d\u00e9partement de la Sarthe ; G. Hunault, J. Moret ; Editions Biotope 2009<\/li>\n<li>Atlas de la flore sauvage du d\u00e9partement de l&rsquo;Essonne ; G. Arnal, J. Guittet ; Editions Biotope 2004<\/li>\n<li>Atlas de la flore sauvage du d\u00e9partement d&rsquo;Eure-et-Loir ; R. Dupr\u00e9, P. Boudier, P. Delahaye, M. Joly, J. Cordier, J. Moret ; Editions Biotope 2009<\/li>\n<li>Atlas de la flore sauvage du d\u00e9partement du Loiret ; D. Pujol, J. Cordier, J. Moret ; Editions Biotope 2008<\/li>\n<li>Atlas floristique de la Loire-Atlantique et de la Vend\u00e9e ; P. Dupont ; Editions Silo\u00eb 2001<\/li>\n<li>Flora helvetica ; K. Lauber, G. Wagner, A. Gigax, E. Geller ; Editions Belin 2012<\/li>\n<li>Flore de Dordogne ; B. B\u00e9d\u00e9 ; Soci\u00e9t\u00e9 botanique du P\u00e9rigord 2011<\/li>\n<li>Flore de France ; H. Coste ; Librairie des sciences et des Arts 1937<\/li>\n<li>Flore d&rsquo;Ile de France ; P. Jauzein, O. Nawrot ; Editions Quae 2011<\/li>\n<li>Flore d&rsquo;Ile de France &#8211; cl\u00e9s de d\u00e9termination, taxonomie et statuts ; P. Jauzein, O. Nawrot ; Editions Quae 2013<\/li>\n<li>Flore vasculaire de Basse-Normandie ; M. Provost ; Presses universitaires de Caen 1998<\/li>\n<li>Guide de la flore de Haute-Loire Tome 1 et 2 ; M. Tort, P. Antonetti, B. Belin, R. Portal ; Editions Jeanne d&rsquo;Arc 2010<\/li>\n<li>Guide de la flore des Alpes-Maritimes, du Mercantour \u00e0 la M\u00e9diterran\u00e9e ; L. Carles, L. Th\u00e9bault ; Giletta Nice-Matin 2010<\/li>\n<li>La flore d\u2019Ille et vilaine ; L. Diard ; Editions Silo\u00eb 2005<\/li>\n<li>La flore de la Mayenne ; C. David, M. G\u00e9rard, H. Hubert, B. Jarri, Y. de Labarre, M. Ravet ; Editions Silo\u00eb 2009<\/li>\n<li>La flore des C\u00f4tes d\u2019Armor ; D. Philippon, R. Preli, L. Poux ; Editions Silo\u00eb 2006<\/li>\n<li>La flore du d\u00e9partement de Vaucluse ; B. Girerd ; Editions Barth\u00e9l\u00e9my 1993<\/li>\n<li>La flore du Finist\u00e8re ; E. Qu\u00e9r\u00e9, S. Magnanon, R. Ragot, L. Gager, F. Hardy ; Editions Silo\u00eb 2009<\/li>\n<li>La flore du Morbihan ; G. Rivi\u00e8re ; Editions Silo\u00eb 2007<\/li>\n<li>Les quatre flores de France ; P. Fournier ; Editions Lechevalier 1961<\/li>\n<li>Nouvelle flore de la Belgique, du G.-D. de Luxembourg, du Nord de la France et des r\u00e9gions voisines (5\u00e8me \u00e9dition) ; J. Lambinon, L. Delvosalle, J. Duvigneaud ; Edition du jardin botanique national de Belgique 2008<\/li>\n<li>Plantes et v\u00e9g\u00e9tation en Limousin, atlas de la flore vasculaire ; E. Brugel, L. Brunerye, A. Vilks ; Espaces naturels du Limousin 2001<\/li>\n<\/ul>\n","protected":false},"excerpt":{"rendered":"<p>Une fiche plus r&eacute;cente existe, vous pouvez la consulter ICI Nom : Carex caryophyllea Latourr. ( La\u00eeche printani\u00e8re ) Autre(s) nom(s) : La\u00eeche du printemps, La\u00eeche printani\u00e8re. Famille : CYPERACEAE Floraison : Mars &#8211; Juillet Forme biologique : G\u00e9ophyte rhizomateux. &hellip; <a href=\"https:\/\/preservons-la-nature.fr\/blog\/?p=4009\">Continuer la lecture <span class=\"meta-nav\">&rarr;<\/span><\/a><\/p>\n","protected":false},"author":1,"featured_media":0,"comment_status":"open","ping_status":"open","sticky":false,"template":"","format":"standard","meta":{"footnotes":""},"categories":[87],"tags":[64],"class_list":["post-4009","post","type-post","status-publish","format-standard","hentry","category-ficheplante","tag-cyperacees"],"_links":{"self":[{"href":"https:\/\/preservons-la-nature.fr\/blog\/index.php?rest_route=\/wp\/v2\/posts\/4009","targetHints":{"allow":["GET"]}}],"collection":[{"href":"https:\/\/preservons-la-nature.fr\/blog\/index.php?rest_route=\/wp\/v2\/posts"}],"about":[{"href":"https:\/\/preservons-la-nature.fr\/blog\/index.php?rest_route=\/wp\/v2\/types\/post"}],"author":[{"embeddable":true,"href":"https:\/\/preservons-la-nature.fr\/blog\/index.php?rest_route=\/wp\/v2\/users\/1"}],"replies":[{"embeddable":true,"href":"https:\/\/preservons-la-nature.fr\/blog\/index.php?rest_route=%2Fwp%2Fv2%2Fcomments&post=4009"}],"version-history":[{"count":1,"href":"https:\/\/preservons-la-nature.fr\/blog\/index.php?rest_route=\/wp\/v2\/posts\/4009\/revisions"}],"predecessor-version":[{"id":4012,"href":"https:\/\/preservons-la-nature.fr\/blog\/index.php?rest_route=\/wp\/v2\/posts\/4009\/revisions\/4012"}],"wp:attachment":[{"href":"https:\/\/preservons-la-nature.fr\/blog\/index.php?rest_route=%2Fwp%2Fv2%2Fmedia&parent=4009"}],"wp:term":[{"taxonomy":"category","embeddable":true,"href":"https:\/\/preservons-la-nature.fr\/blog\/index.php?rest_route=%2Fwp%2Fv2%2Fcategories&post=4009"},{"taxonomy":"post_tag","embeddable":true,"href":"https:\/\/preservons-la-nature.fr\/blog\/index.php?rest_route=%2Fwp%2Fv2%2Ftags&post=4009"}],"curies":[{"name":"wp","href":"https:\/\/api.w.org\/{rel}","templated":true}]}}