{"id":3995,"date":"2014-10-07T00:42:37","date_gmt":"2014-10-06T23:42:37","guid":{"rendered":"https:\/\/www.preservons-la-nature.fr\/blog\/?p=3995"},"modified":"2014-09-19T07:45:06","modified_gmt":"2014-09-19T06:45:06","slug":"cakile-maritima-scop-caquilier-maritime","status":"publish","type":"post","link":"https:\/\/preservons-la-nature.fr\/blog\/?p=3995","title":{"rendered":"Cakile maritima Scop. ( Caquilier maritime )"},"content":{"rendered":"<p><STRONG>Une fiche plus r&eacute;cente existe, vous pouvez la consulter <a href=\"https:\/\/www.preservons-la-nature.fr\/flore\/taxon\/1843.html\">ICI<\/a><\/STRONG><div id=\"attachment_3996\" style=\"width: 1010px\" class=\"wp-caption aligncenter\"><a href=\"https:\/\/www.preservons-la-nature.fr\/blog\/wp-content\/uploads\/2014\/09\/DSC1253.jpg\" target=\"_blank\"><img loading=\"lazy\" decoding=\"async\" aria-describedby=\"caption-attachment-3996\" class=\"wp-image-3996 size-full\" title=\"Cakile maritima Scop. ( Caquilier maritime )\" src=\"https:\/\/www.preservons-la-nature.fr\/blog\/wp-content\/uploads\/2014\/09\/DSC1253.jpg\" alt=\"Cakile maritima Scop. ( Caquilier maritime )\" width=\"1000\" height=\"667\" srcset=\"https:\/\/preservons-la-nature.fr\/blog\/wp-content\/uploads\/2014\/09\/DSC1253.jpg 1000w, https:\/\/preservons-la-nature.fr\/blog\/wp-content\/uploads\/2014\/09\/DSC1253-300x200.jpg 300w\" sizes=\"auto, (max-width: 1000px) 100vw, 1000px\" \/><\/a><p id=\"caption-attachment-3996\" class=\"wp-caption-text\">Cakile maritima Scop. ( Caquilier maritime )<\/p><\/div><\/p>\n<p><strong><span style=\"text-decoration: underline;\">Nom :<\/span><\/strong> <i>Cakile maritima Scop.<\/i> ( Caquilier maritime )<\/p>\n<p><strong><span style=\"text-decoration: underline;\">Autre(s) nom(s) :<\/span><\/strong><br \/>\nCaquilier maritime.<\/p>\n<p><strong><span style=\"text-decoration: underline;\">Famille :<\/span><\/strong> BRASSICACEAE<\/p>\n<p><strong><span style=\"text-decoration: underline;\">Floraison :<\/span><\/strong> Juin &#8211; Octobre<\/p>\n<p><strong><span style=\"text-decoration: underline;\">Forme biologique :<\/span><\/strong><br \/>\nTh\u00e9rophyte.<\/p>\n<p><strong><span style=\"text-decoration: underline;\">Description dans la flore de Coste :<\/span><\/strong><br \/>\nPlante annuelle, glabre, verte, \u00e0 longue racine pivotante ; tige de 10-30 cm, flexueuse, rameuse d\u00e8s la base, \u00e0 rameaux ascendants ; feuilles charnues, sinu\u00e9es-dent\u00e9es ou pennatifides, \u00e0 lobes in\u00e9gaux, obtus, entiers ou dent\u00e9s ; fleurs lilac\u00e9es ou blanches, assez grandes ; s\u00e9pales dress\u00e9s, les lat\u00e9raux bossus \u00e0 la base ; grappe fructif\u00e8re longue, \u00e0 p\u00e9dicelles \u00e9pais, courts, \u00e9galant l&rsquo;article inf\u00e9rieur de la silique ; silique 4 fois plus longue que large, coriace, \u00e0 2 articles ind\u00e9hiscents, le sup\u00e9rieur t\u00e9tragone-comprim\u00e9, caduc, \u00e0 1 graine dress\u00e9e, l&rsquo;inf\u00e9rieur en c\u00f4ne renvers\u00e9, \u00e0 2 cornes au sommet, persistant, \u00e0 une graine pendante, oblongue ; style nul.<\/p>\n<div id=\"attachment_3997\" style=\"width: 543px\" class=\"wp-caption aligncenter\"><a href=\"https:\/\/www.preservons-la-nature.fr\/blog\/wp-content\/uploads\/2014\/09\/DSC07967.jpg\" target=\"_blank\"><img loading=\"lazy\" decoding=\"async\" aria-describedby=\"caption-attachment-3997\" class=\"wp-image-3997 size-large\" title=\"Cakile maritima Scop. ( Caquilier maritime )\" src=\"https:\/\/www.preservons-la-nature.fr\/blog\/wp-content\/uploads\/2014\/09\/DSC07967-533x800.jpg\" alt=\"Cakile maritima Scop. ( Caquilier maritime )\" width=\"533\" height=\"800\" srcset=\"https:\/\/preservons-la-nature.fr\/blog\/wp-content\/uploads\/2014\/09\/DSC07967-533x800.jpg 533w, https:\/\/preservons-la-nature.fr\/blog\/wp-content\/uploads\/2014\/09\/DSC07967-200x300.jpg 200w, https:\/\/preservons-la-nature.fr\/blog\/wp-content\/uploads\/2014\/09\/DSC07967.jpg 667w\" sizes=\"auto, (max-width: 533px) 100vw, 533px\" \/><\/a><p id=\"caption-attachment-3997\" class=\"wp-caption-text\">Cakile maritima Scop. ( Caquilier maritime )<\/p><\/div>\n<p><strong><span style=\"text-decoration: underline;\">Pr\u00e9sent dans le(s) d\u00e9partement(s) suivant(s) :<\/span><\/strong><br \/>\nAlpes-Maritimes, Bouches-du-Rh\u00f4ne, Calvados, Charente-Maritime, Corse-du-Sud, C\u00f4tes-d&rsquo;Armor, Finist\u00e8re, Gironde, Haute-Corse, Ille-et-Vilaine, Landes, Loire-Atlantique, Manche, Morbihan, Nord, Pas-de-Calais, Pyr\u00e9n\u00e9es-Atlantiques, Pyr\u00e9n\u00e9es-Orientales, Seine-Maritime, Somme, Var, Vend\u00e9e.<\/p>\n<div id=\"attachment_3998\" style=\"width: 610px\" class=\"wp-caption aligncenter\"><a href=\"https:\/\/www.preservons-la-nature.fr\/blog\/wp-content\/uploads\/2014\/09\/carte31.jpg\"><img loading=\"lazy\" decoding=\"async\" aria-describedby=\"caption-attachment-3998\" class=\"size-full wp-image-3998\" src=\"https:\/\/www.preservons-la-nature.fr\/blog\/wp-content\/uploads\/2014\/09\/carte31.jpg\" alt=\"R\u00e9partition de Cakile maritima Scop. ( Caquilier maritime )\" width=\"600\" height=\"600\" srcset=\"https:\/\/preservons-la-nature.fr\/blog\/wp-content\/uploads\/2014\/09\/carte31.jpg 600w, https:\/\/preservons-la-nature.fr\/blog\/wp-content\/uploads\/2014\/09\/carte31-150x150.jpg 150w, https:\/\/preservons-la-nature.fr\/blog\/wp-content\/uploads\/2014\/09\/carte31-300x300.jpg 300w\" sizes=\"auto, (max-width: 600px) 100vw, 600px\" \/><\/a><p id=\"caption-attachment-3998\" class=\"wp-caption-text\">R\u00e9partition de Cakile maritima Scop. ( Caquilier maritime )<\/p><\/div>\n<p><strong><span style=\"text-decoration: underline;\">Phytosociologie :<\/span><\/strong><i><\/i><\/p>\n<table>\n<tbody>\n<tr>\n<td>Alliance<\/td>\n<td>Ordre<\/td>\n<td>Classe<\/td>\n<\/tr>\n<tr>\n<td><strong>Ammophilion arenariae<\/strong><\/td>\n<td><strong>Ammophiletalia australis<\/strong><\/td>\n<td><strong>Euphorbio paraliae-Ammophiletea australis<\/strong><\/td>\n<\/tr>\n<tr>\n<td>Communaut\u00e9s cantabro-atlantiques (jusqu&rsquo;en Manche orientale).<\/td>\n<td>Communaut\u00e9s des avant-dunes et dunes meubles \u00e0 semi-fix\u00e9es, essentiellement m\u00e9diterran\u00e9ennes avec irradiations pr\u00e9pontique et hyper-atlantique.<\/td>\n<td>V\u00e9g\u00e9tation vivace pionni\u00e8re des sables dunaires m\u00e9diterran\u00e9enne \u00e0 m\u00e9diterran\u00e9o-atlantique et pr\u00e9pontique.<\/td>\n<\/tr>\n<\/tbody>\n<\/table>\n<table>\n<tbody>\n<tr>\n<td>Alliance<\/td>\n<td>Ordre<\/td>\n<td>Classe<\/td>\n<\/tr>\n<tr>\n<td><strong>Atriplici laciniatae-Salsolion kali<\/strong><\/td>\n<td><strong>Cakiletalia integrifoliae<\/strong><\/td>\n<td><strong>Cakiletea maritimae<\/strong><\/td>\n<\/tr>\n<tr>\n<td>Communaut\u00e9s psammophiles, des hauts de plages sur sables et graviers meubles entrem\u00eal\u00e9s de d\u00e9bris organiques.<\/td>\n<td>Communaut\u00e9s europ\u00e9o- atlantiques, nord-atlantiques et baltiques.<\/td>\n<td>V\u00e9g\u00e9tation annuelle halonitrophile des laisses de mer, estrans, pr\u00e9s sal\u00e9s, ainsi que des falaises littorales (zones de nidification d&rsquo;oiseaux).<\/td>\n<\/tr>\n<\/tbody>\n<\/table>\n<table>\n<tbody>\n<tr>\n<td>Alliance<\/td>\n<td>Ordre<\/td>\n<td>Classe<\/td>\n<\/tr>\n<tr>\n<td><strong>Atriplicion littoralis<\/strong><\/td>\n<td><strong>Cakiletalia integrifoliae<\/strong><\/td>\n<td><strong>Cakiletea maritimae<\/strong><\/td>\n<\/tr>\n<tr>\n<td>Communaut\u00e9s des amas de mat\u00e9riaux organiques en limite des pr\u00e9s sal\u00e9s, ainsi que sur estrans plus ou moins durcis et falaises.<\/td>\n<td>Communaut\u00e9s europ\u00e9o- atlantiques, nord-atlantiques et baltiques.<\/td>\n<td>V\u00e9g\u00e9tation annuelle halonitrophile des laisses de mer, estrans, pr\u00e9s sal\u00e9s, ainsi que des falaises littorales (zones de nidification d&rsquo;oiseaux).<\/td>\n<\/tr>\n<\/tbody>\n<\/table>\n<table>\n<tbody>\n<tr>\n<td>Classe<\/td>\n<\/tr>\n<tr>\n<td><strong>Cakiletea maritimae<\/strong><\/td>\n<\/tr>\n<tr>\n<td>V\u00e9g\u00e9tation annuelle halonitrophile des laisses de mer, estrans, pr\u00e9s sal\u00e9s, ainsi que des falaises littorales (zones de nidification d&rsquo;oiseaux).<\/td>\n<\/tr>\n<\/tbody>\n<\/table>\n<table>\n<tbody>\n<tr>\n<td>Alliance<\/td>\n<td>Ordre<\/td>\n<td>Classe<\/td>\n<\/tr>\n<tr>\n<td><strong>Honckenyo peploidis-Elymion arenarii<\/strong><\/td>\n<td><strong>Honckenyo peploidis-Elymetalia arenarii<\/strong><\/td>\n<td><strong>Honckenyo peploidis-Elymetea arenarii<\/strong><\/td>\n<\/tr>\n<tr>\n<td>Communaut\u00e9s nord atlantiques \u00e0 baltiques ; c\u00f4tes de la Manche orientale.<\/td>\n<td>Communaut\u00e9s europ\u00e9ennes, bor\u00e9oatlantiques \u00e0 atlantiques.<\/td>\n<td>V\u00e9g\u00e9tation vivace, subnitrophile, des dunes vives ou des bordures maritimes sablo-graveleuses plus ou moins enrichies en mati\u00e8re organique. Distribution circumbor\u00e9ale et sarmato-asiatique.<\/td>\n<\/tr>\n<\/tbody>\n<\/table>\n<p><strong><span style=\"text-decoration: underline;\">Taxonomie :<\/span><\/strong><br \/>\n<i>Cakile maritima Scop.<\/i> a pour synonymes (Informations issues de la BDTFX Version 2.0, <a href=\"http:\/\/www.tela-botanica.org\" target=\"_blank\">Tela Botanica<\/a>) :<i><br \/>\n&#8211; Bunias cakile L.<br \/>\n&#8211; Crucifera cakile (L.) E.H.L.Krause<br \/>\n&#8211; Rapistrum cakile (L.) Bergeret<br \/>\n&#8211; Rapistrum maritimum (Scop.) Bergeret<br \/>\n<\/i><br \/>\n<strong><span style=\"text-decoration: underline;\">Sous-esp\u00e8ces ou vari\u00e9t\u00e9s :<\/span><\/strong><br \/>\n<i>&#8211; Cakile maritima Scop. subsp. maritima<br \/>\n&#8211; Cakile maritima subsp. integrifolia (Hornem.) Hyl. ex Greuter &amp; Burdet<br \/>\n<\/i><br \/>\n<strong><span style=\"text-decoration: underline;\">Bibliographie :<\/span><\/strong><\/p>\n<ul>\n<li>Atlas floristique de la Loire-Atlantique et de la Vend\u00e9e ; P. Dupont ; Editions Silo\u00eb 2001<\/li>\n<li>Flore de France ; H. Coste ; Librairie des sciences et des Arts 1937<\/li>\n<li>Flore de la Flandre fran\u00e7aise ; Collectif ; Conservatoire botanique de Bailleul 2008<\/li>\n<li>Flore vasculaire de Basse-Normandie ; M. Provost ; Presses universitaires de Caen 1998<\/li>\n<li>Guide de la flore des Alpes-Maritimes, du Mercantour \u00e0 la M\u00e9diterran\u00e9e ; L. Carles, L. Th\u00e9bault ; Giletta Nice-Matin 2010<\/li>\n<li>La flore d\u2019Ille et vilaine ; L. Diard ; Editions Silo\u00eb 2005<\/li>\n<li>La flore des C\u00f4tes d\u2019Armor ; D. Philippon, R. Preli, L. Poux ; Editions Silo\u00eb 2006<\/li>\n<li>La flore du Finist\u00e8re ; E. Qu\u00e9r\u00e9, S. Magnanon, R. Ragot, L. Gager, F. Hardy ; Editions Silo\u00eb 2009<\/li>\n<li>La flore du Morbihan ; G. Rivi\u00e8re ; Editions Silo\u00eb 2007<\/li>\n<li>Les quatre flores de France ; P. Fournier ; Editions Lechevalier 1961<\/li>\n<li>Nouvelle flore de la Belgique, du G.-D. de Luxembourg, du Nord de la France et des r\u00e9gions voisines (5\u00e8me \u00e9dition) ; J. Lambinon, L. Delvosalle, J. Duvigneaud ; Edition du jardin botanique national de Belgique 2008<\/li>\n<\/ul>\n","protected":false},"excerpt":{"rendered":"<p>Une fiche plus r&eacute;cente existe, vous pouvez la consulter ICI Nom : Cakile maritima Scop. ( Caquilier maritime ) Autre(s) nom(s) : Caquilier maritime. Famille : BRASSICACEAE Floraison : Juin &#8211; Octobre Forme biologique : Th\u00e9rophyte. Description dans la flore &hellip; <a href=\"https:\/\/preservons-la-nature.fr\/blog\/?p=3995\">Continuer la lecture <span class=\"meta-nav\">&rarr;<\/span><\/a><\/p>\n","protected":false},"author":1,"featured_media":0,"comment_status":"open","ping_status":"open","sticky":false,"template":"","format":"standard","meta":{"footnotes":""},"categories":[87],"tags":[26],"class_list":["post-3995","post","type-post","status-publish","format-standard","hentry","category-ficheplante","tag-brassicacees"],"_links":{"self":[{"href":"https:\/\/preservons-la-nature.fr\/blog\/index.php?rest_route=\/wp\/v2\/posts\/3995","targetHints":{"allow":["GET"]}}],"collection":[{"href":"https:\/\/preservons-la-nature.fr\/blog\/index.php?rest_route=\/wp\/v2\/posts"}],"about":[{"href":"https:\/\/preservons-la-nature.fr\/blog\/index.php?rest_route=\/wp\/v2\/types\/post"}],"author":[{"embeddable":true,"href":"https:\/\/preservons-la-nature.fr\/blog\/index.php?rest_route=\/wp\/v2\/users\/1"}],"replies":[{"embeddable":true,"href":"https:\/\/preservons-la-nature.fr\/blog\/index.php?rest_route=%2Fwp%2Fv2%2Fcomments&post=3995"}],"version-history":[{"count":1,"href":"https:\/\/preservons-la-nature.fr\/blog\/index.php?rest_route=\/wp\/v2\/posts\/3995\/revisions"}],"predecessor-version":[{"id":3999,"href":"https:\/\/preservons-la-nature.fr\/blog\/index.php?rest_route=\/wp\/v2\/posts\/3995\/revisions\/3999"}],"wp:attachment":[{"href":"https:\/\/preservons-la-nature.fr\/blog\/index.php?rest_route=%2Fwp%2Fv2%2Fmedia&parent=3995"}],"wp:term":[{"taxonomy":"category","embeddable":true,"href":"https:\/\/preservons-la-nature.fr\/blog\/index.php?rest_route=%2Fwp%2Fv2%2Fcategories&post=3995"},{"taxonomy":"post_tag","embeddable":true,"href":"https:\/\/preservons-la-nature.fr\/blog\/index.php?rest_route=%2Fwp%2Fv2%2Ftags&post=3995"}],"curies":[{"name":"wp","href":"https:\/\/api.w.org\/{rel}","templated":true}]}}