{"id":3985,"date":"2014-10-05T00:36:04","date_gmt":"2014-10-04T23:36:04","guid":{"rendered":"https:\/\/www.preservons-la-nature.fr\/blog\/?p=3985"},"modified":"2014-09-19T07:38:44","modified_gmt":"2014-09-19T06:38:44","slug":"armeria-maritima-willd-armerie-des-dunes","status":"publish","type":"post","link":"https:\/\/preservons-la-nature.fr\/blog\/?p=3985","title":{"rendered":"Armeria maritima Willd. ( Arm\u00e9rie des dunes )"},"content":{"rendered":"<p><STRONG>Une fiche plus r&eacute;cente existe, vous pouvez la consulter <a href=\"https:\/\/www.preservons-la-nature.fr\/flore\/taxon\/1681.html\">ICI<\/a><\/STRONG><div id=\"attachment_3987\" style=\"width: 1010px\" class=\"wp-caption aligncenter\"><a href=\"https:\/\/www.preservons-la-nature.fr\/blog\/wp-content\/uploads\/2014\/09\/DSC01603.jpg\" target=\"_blank\"><img loading=\"lazy\" decoding=\"async\" aria-describedby=\"caption-attachment-3987\" class=\"wp-image-3987 size-full\" title=\"Armeria maritima Willd. ( Arm\u00e9rie des dunes )\" src=\"https:\/\/www.preservons-la-nature.fr\/blog\/wp-content\/uploads\/2014\/09\/DSC01603.jpg\" alt=\"Armeria maritima Willd. ( Arm\u00e9rie des dunes )\" width=\"1000\" height=\"667\" srcset=\"https:\/\/preservons-la-nature.fr\/blog\/wp-content\/uploads\/2014\/09\/DSC01603.jpg 1000w, https:\/\/preservons-la-nature.fr\/blog\/wp-content\/uploads\/2014\/09\/DSC01603-300x200.jpg 300w\" sizes=\"auto, (max-width: 1000px) 100vw, 1000px\" \/><\/a><p id=\"caption-attachment-3987\" class=\"wp-caption-text\">Armeria maritima Willd. ( Arm\u00e9rie des dunes )<\/p><\/div><br \/>\n<strong><span style=\"text-decoration: underline;\">Nom :<\/span><\/strong> <i>Armeria maritima Willd.<\/i> ( Arm\u00e9rie des dunes )<\/p>\n<p><strong><span style=\"text-decoration: underline;\">Autre(s) nom(s) :<\/span><\/strong><br \/>\nArm\u00e9rie des dunes.<\/p>\n<p><strong><span style=\"text-decoration: underline;\">Famille :<\/span><\/strong> PLUMBAGINACEAE<\/p>\n<p><strong><span style=\"text-decoration: underline;\">Floraison :<\/span><\/strong> Mai &#8211; Juin<\/p>\n<p><strong><span style=\"text-decoration: underline;\">Description dans la flore de Coste :<\/span><\/strong><br \/>\nPlante vivace de 5-30 cm, gazonnante, \u00e0 feuilles glabres ou pubescentes, lin\u00e9aires-obtuses, planes, molles, \u00e0 1 nervure ; hampes mollement pubescentes ; ga\u00eene de 8-14 mm, plus courte que le capitule ou l&rsquo;\u00e9galant, celui-ci dense et large de 12-18 mm ; fleurs ros\u00e9es, rarement blanches ; involucre vert ferrugineux, \u00e0 folioles sur 3-4 rangs, les ext\u00e9rieures ovales, acumin\u00e9es ou mucron\u00e9es, herbac\u00e9es sur le dos, scarieuses aux bords ; calice \u00e0 tube \u00e9galant le p\u00e9dicelle, \u00e0 c\u00f4tes aussi larges que les sillons, \u00e0 lobes ovales, att\u00e9nu\u00e9s en ar\u00eate beaucoup plus courte qu&rsquo;eux.<br \/>\n<div id=\"attachment_3986\" style=\"width: 543px\" class=\"wp-caption aligncenter\"><a href=\"https:\/\/www.preservons-la-nature.fr\/blog\/wp-content\/uploads\/2014\/09\/DSC1052.jpg\" target=\"_blank\"><img loading=\"lazy\" decoding=\"async\" aria-describedby=\"caption-attachment-3986\" class=\"wp-image-3986 size-large\" title=\"Armeria maritima Willd. ( Arm\u00e9rie des dunes )\" src=\"https:\/\/www.preservons-la-nature.fr\/blog\/wp-content\/uploads\/2014\/09\/DSC1052-533x800.jpg\" alt=\"Armeria maritima Willd. ( Arm\u00e9rie des dunes )\" width=\"533\" height=\"800\" srcset=\"https:\/\/preservons-la-nature.fr\/blog\/wp-content\/uploads\/2014\/09\/DSC1052-533x800.jpg 533w, https:\/\/preservons-la-nature.fr\/blog\/wp-content\/uploads\/2014\/09\/DSC1052-200x300.jpg 200w, https:\/\/preservons-la-nature.fr\/blog\/wp-content\/uploads\/2014\/09\/DSC1052.jpg 667w\" sizes=\"auto, (max-width: 533px) 100vw, 533px\" \/><\/a><p id=\"caption-attachment-3986\" class=\"wp-caption-text\">Armeria maritima Willd. ( Arm\u00e9rie des dunes )<\/p><\/div><br \/>\n<strong><span style=\"text-decoration: underline;\">Pr\u00e9sent dans le(s) d\u00e9partement(s) suivant(s) :<\/span><\/strong><br \/>\nCalvados, Charente, Charente-Maritime, C\u00f4tes-d&rsquo;Armor, Deux-S\u00e8vres, Finist\u00e8re, Gironde, Ille-et-Vilaine, Loire-Atlantique, Lot, Manche, Morbihan, Moselle, Nord, Pas-de-Calais, Pyr\u00e9n\u00e9es-Atlantiques, Seine-Maritime, Somme, Vend\u00e9e.<br \/>\n<div id=\"attachment_3988\" style=\"width: 610px\" class=\"wp-caption aligncenter\"><a href=\"https:\/\/www.preservons-la-nature.fr\/blog\/wp-content\/uploads\/2014\/09\/carte29.jpg\"><img loading=\"lazy\" decoding=\"async\" aria-describedby=\"caption-attachment-3988\" src=\"https:\/\/www.preservons-la-nature.fr\/blog\/wp-content\/uploads\/2014\/09\/carte29.jpg\" alt=\"R\u00e9partition de Armeria maritima Willd. ( Arm\u00e9rie des dunes )\" width=\"600\" height=\"600\" class=\"size-full wp-image-3988\" srcset=\"https:\/\/preservons-la-nature.fr\/blog\/wp-content\/uploads\/2014\/09\/carte29.jpg 600w, https:\/\/preservons-la-nature.fr\/blog\/wp-content\/uploads\/2014\/09\/carte29-150x150.jpg 150w, https:\/\/preservons-la-nature.fr\/blog\/wp-content\/uploads\/2014\/09\/carte29-300x300.jpg 300w\" sizes=\"auto, (max-width: 600px) 100vw, 600px\" \/><\/a><p id=\"caption-attachment-3988\" class=\"wp-caption-text\">R\u00e9partition de Armeria maritima Willd. ( Arm\u00e9rie des dunes )<\/p><\/div><br \/>\n<strong><span style=\"text-decoration: underline;\">Phytosociologie :<\/span><\/strong><i><\/i><\/p>\n<table>\n<tbody>\n<tr>\n<td>Alliance<\/td>\n<td>Ordre<\/td>\n<td>Classe<\/td>\n<\/tr>\n<tr>\n<td><strong>Armerion maritimae<\/strong><\/td>\n<td><strong>Glauco maritimae-Puccinellietalia maritimae<\/strong><\/td>\n<td><strong>Asteretea tripolii<\/strong><\/td>\n<\/tr>\n<tr>\n<td>Communaut\u00e9s des niveaux sup\u00e9rieurs et hauts de schorre.<\/td>\n<td>Prairies sal\u00e9es des c\u00f4tes atlantiques europ\u00e9ennes (cantabro- \u00e0 bor\u00e9oatlantiques), plus accessoirement des bassins salif\u00e8res subatlantiques.<\/td>\n<td>V\u00e9g\u00e9tation des \u00ab\u00a0pr\u00e9s sal\u00e9s\u00a0\u00bb atlantiques \u00e0 dominance d\u2019h\u00e9micryptophytes et des pelouses a\u00e9rohalines des falaises.<\/td>\n<\/tr>\n<\/tbody>\n<\/table>\n<table>\n<tbody>\n<tr>\n<td>Alliance<\/td>\n<td>Ordre<\/td>\n<td>Classe<\/td>\n<\/tr>\n<tr>\n<td><strong>Cochleario officinalis-Armerion maritimae<\/strong><\/td>\n<td><strong>Crithmo maritimi-Armerietalia maritimae<\/strong><\/td>\n<td><strong>Asteretea tripolii<\/strong><\/td>\n<\/tr>\n<tr>\n<td>Communaut\u00e9s nord-atlantiques.<\/td>\n<td>Pelouses pionni\u00e8res plus ou moins chasmophytiques, a\u00e9rohalines et m\u00e9sophiles des falaises littorales atlantiques.<\/td>\n<td>V\u00e9g\u00e9tation des \u00ab\u00a0pr\u00e9s sal\u00e9s\u00a0\u00bb atlantiques \u00e0 dominance d\u2019h\u00e9micryptophytes et des pelouses a\u00e9rohalines des falaises.<\/td>\n<\/tr>\n<\/tbody>\n<\/table>\n<table>\n<tbody>\n<tr>\n<td>Alliance<\/td>\n<td>Ordre<\/td>\n<td>Classe<\/td>\n<\/tr>\n<tr>\n<td><strong>Crithmo maritimi-Armerion maritimae<\/strong><\/td>\n<td><strong>Crithmo maritimi-Armerietalia maritimae<\/strong><\/td>\n<td><strong>Asteretea tripolii<\/strong><\/td>\n<\/tr>\n<tr>\n<td>Communaut\u00e9s cantabro-atlantiques.<\/td>\n<td>Pelouses pionni\u00e8res plus ou moins chasmophytiques, a\u00e9rohalines et m\u00e9sophiles des falaises littorales atlantiques.<\/td>\n<td>V\u00e9g\u00e9tation des \u00ab\u00a0pr\u00e9s sal\u00e9s\u00a0\u00bb atlantiques \u00e0 dominance d\u2019h\u00e9micryptophytes et des pelouses a\u00e9rohalines des falaises.<\/td>\n<\/tr>\n<\/tbody>\n<\/table>\n<table>\n<tbody>\n<tr>\n<td>Alliance<\/td>\n<td>Ordre<\/td>\n<td>Classe<\/td>\n<\/tr>\n<tr>\n<td><strong>Crithmo maritimi-Limonion binervosi<\/strong><\/td>\n<td><strong>Crithmo maritimi-Staticetalia<\/strong><\/td>\n<td><strong>Crithmo maritimi-Staticetea<\/strong><\/td>\n<\/tr>\n<tr>\n<td>Communaut\u00e9s atlantiques.<\/td>\n<td>Communaut\u00e9s m\u00e9diterran\u00e9ennes et m\u00e9diterran\u00e9o-atlantiques.<\/td>\n<td>V\u00e9g\u00e9tation de chasmophytes pionniers, a\u00e9rohalins, des falaises maritimes m\u00e9diterran\u00e9ennes et atlantiques.<\/td>\n<\/tr>\n<\/tbody>\n<\/table>\n<table>\n<tbody>\n<tr>\n<td>Alliance<\/td>\n<td>Ordre<\/td>\n<td>Classe<\/td>\n<\/tr>\n<tr>\n<td><strong>Dactylido oceanicae-Ulicion maritimi<\/strong><\/td>\n<td><strong>Ulicetalia minoris<\/strong><\/td>\n<td><strong>Calluno vulgaris-Ulicetea minoris<\/strong><\/td>\n<\/tr>\n<tr>\n<td>Communaut\u00e9s maritimes atlantiques, g\u00e9n\u00e9ralement primaires.<\/td>\n<td>Landes cantabro- et m\u00e9diterran\u00e9o-atlantiques.<\/td>\n<td>V\u00e9g\u00e9tation de lande, \u00e0 dominance de cham\u00e9phytes et nanophan\u00e9rophytes, appartenant principalement aux Ericac\u00e9es et Fabac\u00e9es.<\/td>\n<\/tr>\n<\/tbody>\n<\/table>\n<table>\n<tbody>\n<tr>\n<td>Alliance<\/td>\n<td>Ordre<\/td>\n<td>Classe<\/td>\n<\/tr>\n<tr>\n<td><strong>Euphorbio portandlicae-Helichrysion staechadis<\/strong><\/td>\n<td><strong>Artemisio lloydii-Koelerietalia albescentis<\/strong><\/td>\n<td><strong>Koelerio glaucae-Corynephoretea canescentis<\/strong><\/td>\n<\/tr>\n<tr>\n<td>Communaut\u00e9s cantabro-atlantiques \u00e0 m\u00e9so-m\u00e9diterran\u00e9ennes occidentales, parsem\u00e9es de cham\u00e9phytes et souvent riches en Bryophytes.<\/td>\n<td>Communaut\u00e9s des arri\u00e8re-dunes atlantiques fix\u00e9es, sur sables plus ou moins calcaires et sans saupoudrage important d&rsquo;ar\u00e8nes.<\/td>\n<td>Pelouses pionni\u00e8res, \u00e0 dominance d\u2019h\u00e9micryptophytes (plus ou moins riches en annuelles), atlantiques \u00e0 m\u00e9dioeurop\u00e9ennes, sur sables plus ou moins stabilis\u00e9s.<\/td>\n<\/tr>\n<\/tbody>\n<\/table>\n<table>\n<tbody>\n<tr>\n<td>Alliance<\/td>\n<td>Ordre<\/td>\n<td>Classe<\/td>\n<\/tr>\n<tr>\n<td><strong>Glauco maritimae-Juncion maritimi<\/strong><\/td>\n<td><strong>Glauco maritimae-Puccinellietalia maritimae<\/strong><\/td>\n<td><strong>Asteretea tripolii<\/strong><\/td>\n<\/tr>\n<tr>\n<td>Irradiation atlantique en milieu saum\u00e2tre des Juncetalia maritimi.<\/td>\n<td>Prairies sal\u00e9es des c\u00f4tes atlantiques europ\u00e9ennes (cantabro- \u00e0 bor\u00e9oatlantiques), plus accessoirement des bassins salif\u00e8res subatlantiques.<\/td>\n<td>V\u00e9g\u00e9tation des \u00ab\u00a0pr\u00e9s sal\u00e9s\u00a0\u00bb atlantiques \u00e0 dominance d\u2019h\u00e9micryptophytes et des pelouses a\u00e9rohalines des falaises.<\/td>\n<\/tr>\n<\/tbody>\n<\/table>\n<table>\n<tbody>\n<tr>\n<td>Alliance<\/td>\n<td>Ordre<\/td>\n<td>Classe<\/td>\n<\/tr>\n<tr>\n<td><strong>Loto tenuis-Trifolion fragiferi<\/strong><\/td>\n<td><strong>Potentillo anserinae-Polygonetalia avicularis<\/strong><\/td>\n<td><strong>Agrostietea stoloniferae<\/strong><\/td>\n<\/tr>\n<tr>\n<td>Communaut\u00e9s littorales, l\u00e9g\u00e8rement halophiles.<\/td>\n<td>Prairies eurosib\u00e9riennes subissant des inondations de courte dur\u00e9e.<\/td>\n<td>V\u00e9g\u00e9tation prairiale des sols engorg\u00e9s ou inondables, essentiellement min\u00e9raux, m\u00e9sotrophes \u00e0 eutrophes.<\/td>\n<\/tr>\n<\/tbody>\n<\/table>\n<table>\n<tbody>\n<tr>\n<td>Alliance<\/td>\n<td>Ordre<\/td>\n<td>Classe<\/td>\n<\/tr>\n<tr>\n<td><strong>Salicornion europaeo-ramosissimae<\/strong><\/td>\n<td><strong>Thero-Salicornietalia dolichostachyae<\/strong><\/td>\n<td><strong>Thero-Suaedetea splendentis<\/strong><\/td>\n<\/tr>\n<tr>\n<td>Communaut\u00e9s atlantiques des schorres et des niveaux les plus \u00e9lev\u00e9s des estrans sableux sur sol \u00e0 salure tr\u00e8s variable.<\/td>\n<td>Communaut\u00e9s de salicornes annuelles.<\/td>\n<td>V\u00e9g\u00e9tation pionni\u00e8re annuelle des vases sal\u00e9es littorales ou des bassins salif\u00e8res continentaux.<\/td>\n<\/tr>\n<\/tbody>\n<\/table>\n<table>\n<tbody>\n<tr>\n<td>Alliance<\/td>\n<td>Ordre<\/td>\n<td>Classe<\/td>\n<\/tr>\n<tr>\n<td><strong>Sedion anglici<\/strong><\/td>\n<td><strong>Sedo albi-Scleranthetalia biennis<\/strong><\/td>\n<td><strong>Sedo albi-Scleranthetea biennis<\/strong><\/td>\n<\/tr>\n<tr>\n<td>Communaut\u00e9s atlantiques (surtout Massif armoricain).<\/td>\n<td>Communaut\u00e9s silicicoles.<\/td>\n<td>V\u00e9g\u00e9tation pionni\u00e8re \u00e0 dominance de vivaces (souvent crassulescentes) de dalles rocheuses plus ou moins horizontales, atlantique \u00e0 m\u00e9dioeurop\u00e9enne, souvent montagnarde.<\/td>\n<\/tr>\n<\/tbody>\n<\/table>\n<table>\n<tbody>\n<tr>\n<td>Alliance<\/td>\n<td>Ordre<\/td>\n<td>Classe<\/td>\n<\/tr>\n<tr>\n<td><strong>Sileno maritimae-Festucion pruinosae<\/strong><\/td>\n<td><strong>Crithmo maritimi-Armerietalia maritimae<\/strong><\/td>\n<td><strong>Asteretea tripolii<\/strong><\/td>\n<\/tr>\n<tr>\n<td>Pelouses primaires et ourlets denses ou disjoints, de caract\u00e8re a\u00e9rohalin plus ou moins att\u00e9nu\u00e9, des falaises et rocailles.<\/td>\n<td>Pelouses pionni\u00e8res plus ou moins chasmophytiques, a\u00e9rohalines et m\u00e9sophiles des falaises littorales atlantiques.<\/td>\n<td>V\u00e9g\u00e9tation des \u00ab\u00a0pr\u00e9s sal\u00e9s\u00a0\u00bb atlantiques \u00e0 dominance d\u2019h\u00e9micryptophytes et des pelouses a\u00e9rohalines des falaises.<\/td>\n<\/tr>\n<\/tbody>\n<\/table>\n<p><strong><span style=\"text-decoration: underline;\">Taxonomie :<\/span><\/strong><br \/>\n<i>Armeria maritima Willd.<\/i> a pour synonymes (Informations issues de la BDTFX Version 2.0, <a href=\"http:\/\/www.tela-botanica.org\" target=\"_blank\">Tela Botanica<\/a>) :<i><br \/>\n&#8211; Armeria maritima subsp. planifolia (Syme) \u00c1.L\u00f6ve &amp; D.L\u00f6ve<br \/>\n&#8211; Armeria pubescens Link<br \/>\n&#8211; Armeria pubigera subsp. depilata (Bernis) Fern.Prieto &amp; Loidi<br \/>\n&#8211; Armeria vulgaris var. planifolia Syme<br \/>\n<\/i><br \/>\n<strong><span style=\"text-decoration: underline;\">Sous-esp\u00e8ces ou vari\u00e9t\u00e9s :<\/span><\/strong><br \/>\n<i>&#8211; Armeria maritima subsp. halleri (Wallr.) Rothm.<br \/>\n&#8211; Armeria maritima subsp. miscella (Merino) Malag.<br \/>\n&#8211; Armeria maritima Willd. subsp. maritima<br \/>\n<\/i><br \/>\n<strong><span style=\"text-decoration: underline;\">Bibliographie :<\/span><\/strong><\/p>\n<ul>\n<li>Atlas floristique de la Loire-Atlantique et de la Vend\u00e9e ; P. Dupont ; Editions Silo\u00eb 2001<\/li>\n<li>Flore de France ; H. Coste ; Librairie des sciences et des Arts 1937<\/li>\n<li>Flore vasculaire de Basse-Normandie ; M. Provost ; Presses universitaires de Caen 1998<\/li>\n<li>La flore d\u2019Ille et vilaine ; L. Diard ; Editions Silo\u00eb 2005<\/li>\n<li>La flore des C\u00f4tes d\u2019Armor ; D. Philippon, R. Preli, L. Poux ; Editions Silo\u00eb 2006<\/li>\n<li>La flore du Finist\u00e8re ; E. Qu\u00e9r\u00e9, S. Magnanon, R. Ragot, L. Gager, F. Hardy ; Editions Silo\u00eb 2009<\/li>\n<li>La flore du Morbihan ; G. Rivi\u00e8re ; Editions Silo\u00eb 2007<\/li>\n<li>Les quatre flores de France ; P. Fournier ; Editions Lechevalier 1961<\/li>\n<li>Nouvelle flore de la Belgique, du G.-D. de Luxembourg, du Nord de la France et des r\u00e9gions voisines (5\u00e8me \u00e9dition) ; J. Lambinon, L. Delvosalle, J. Duvigneaud ; Edition du jardin botanique national de Belgique 2008<\/li>\n<\/ul>\n","protected":false},"excerpt":{"rendered":"<p>Une fiche plus r&eacute;cente existe, vous pouvez la consulter ICI Nom : Armeria maritima Willd. ( Arm\u00e9rie des dunes ) Autre(s) nom(s) : Arm\u00e9rie des dunes. Famille : PLUMBAGINACEAE Floraison : Mai &#8211; Juin Description dans la flore de Coste &hellip; <a href=\"https:\/\/preservons-la-nature.fr\/blog\/?p=3985\">Continuer la lecture <span class=\"meta-nav\">&rarr;<\/span><\/a><\/p>\n","protected":false},"author":1,"featured_media":0,"comment_status":"open","ping_status":"open","sticky":false,"template":"","format":"standard","meta":{"footnotes":""},"categories":[87],"tags":[98],"class_list":["post-3985","post","type-post","status-publish","format-standard","hentry","category-ficheplante","tag-plombaginacees"],"_links":{"self":[{"href":"https:\/\/preservons-la-nature.fr\/blog\/index.php?rest_route=\/wp\/v2\/posts\/3985","targetHints":{"allow":["GET"]}}],"collection":[{"href":"https:\/\/preservons-la-nature.fr\/blog\/index.php?rest_route=\/wp\/v2\/posts"}],"about":[{"href":"https:\/\/preservons-la-nature.fr\/blog\/index.php?rest_route=\/wp\/v2\/types\/post"}],"author":[{"embeddable":true,"href":"https:\/\/preservons-la-nature.fr\/blog\/index.php?rest_route=\/wp\/v2\/users\/1"}],"replies":[{"embeddable":true,"href":"https:\/\/preservons-la-nature.fr\/blog\/index.php?rest_route=%2Fwp%2Fv2%2Fcomments&post=3985"}],"version-history":[{"count":1,"href":"https:\/\/preservons-la-nature.fr\/blog\/index.php?rest_route=\/wp\/v2\/posts\/3985\/revisions"}],"predecessor-version":[{"id":3989,"href":"https:\/\/preservons-la-nature.fr\/blog\/index.php?rest_route=\/wp\/v2\/posts\/3985\/revisions\/3989"}],"wp:attachment":[{"href":"https:\/\/preservons-la-nature.fr\/blog\/index.php?rest_route=%2Fwp%2Fv2%2Fmedia&parent=3985"}],"wp:term":[{"taxonomy":"category","embeddable":true,"href":"https:\/\/preservons-la-nature.fr\/blog\/index.php?rest_route=%2Fwp%2Fv2%2Fcategories&post=3985"},{"taxonomy":"post_tag","embeddable":true,"href":"https:\/\/preservons-la-nature.fr\/blog\/index.php?rest_route=%2Fwp%2Fv2%2Ftags&post=3985"}],"curies":[{"name":"wp","href":"https:\/\/api.w.org\/{rel}","templated":true}]}}