{"id":3980,"date":"2014-10-04T00:32:14","date_gmt":"2014-10-03T23:32:14","guid":{"rendered":"https:\/\/www.preservons-la-nature.fr\/blog\/?p=3980"},"modified":"2014-09-19T07:35:55","modified_gmt":"2014-09-19T06:35:55","slug":"anthemis-maritima-l-anthemis-maritime","status":"publish","type":"post","link":"https:\/\/preservons-la-nature.fr\/blog\/?p=3980","title":{"rendered":"Anthemis maritima L. ( Anth\u00e9mis maritime )"},"content":{"rendered":"<p><STRONG>Une fiche plus r&eacute;cente existe, vous pouvez la consulter <a href=\"https:\/\/www.preservons-la-nature.fr\/flore\/taxon\/4001.html\">ICI<\/a><\/STRONG><div id=\"attachment_3982\" style=\"width: 1010px\" class=\"wp-caption aligncenter\"><a href=\"https:\/\/www.preservons-la-nature.fr\/blog\/wp-content\/uploads\/2014\/09\/DSC09597.jpg\" target=\"_blank\"><img loading=\"lazy\" decoding=\"async\" aria-describedby=\"caption-attachment-3982\" class=\"wp-image-3982 size-full\" title=\"Anthemis maritima L. ( Anth\u00e9mis maritime )\" src=\"https:\/\/www.preservons-la-nature.fr\/blog\/wp-content\/uploads\/2014\/09\/DSC09597.jpg\" alt=\"Anthemis maritima L. ( Anth\u00e9mis maritime )\" width=\"1000\" height=\"667\" srcset=\"https:\/\/preservons-la-nature.fr\/blog\/wp-content\/uploads\/2014\/09\/DSC09597.jpg 1000w, https:\/\/preservons-la-nature.fr\/blog\/wp-content\/uploads\/2014\/09\/DSC09597-300x200.jpg 300w\" sizes=\"auto, (max-width: 1000px) 100vw, 1000px\" \/><\/a><p id=\"caption-attachment-3982\" class=\"wp-caption-text\">Anthemis maritima L. ( Anth\u00e9mis maritime )<\/p><\/div><\/p>\n<p><strong><span style=\"text-decoration: underline;\">Nom :<\/span><\/strong> <i>Anthemis maritima L.<\/i> ( Anth\u00e9mis maritime )<\/p>\n<p><strong><span style=\"text-decoration: underline;\">Autre(s) nom(s) :<\/span><\/strong><br \/>\nAnth\u00e9mis maritime.<\/p>\n<p><strong><span style=\"text-decoration: underline;\">Famille :<\/span><\/strong> ASTERACEAE<\/p>\n<p><strong><span style=\"text-decoration: underline;\">Floraison :<\/span><\/strong> Janvier &#8211; Septembre<\/p>\n<p><strong><span style=\"text-decoration: underline;\">Forme biologique :<\/span><\/strong><br \/>\nCham\u00e9phyte scapiforme.<\/p>\n<p><strong><span style=\"text-decoration: underline;\">Description dans la flore de Coste :<\/span><\/strong><br \/>\nRacine vivace garnie de longues fibres ; tiges de 10-35 cm, sous-frutescente, couch\u00e9es ou ascendantes, glabres ou pubescentes au sommet ; feuilles glabres, un peu \u00e9paisses, parsem\u00e9es de points profonds, pennatipartites, \u00e0 lobes obtus, lanc\u00e9ol\u00e9s ou cun\u00e9iformes ; r\u00e9ceptacle \u00e0 \u00e9cailles lin\u00e9aires-oblongues, brusquement cuspid\u00e9es ; ak\u00e8nes tr\u00e8s petites (2 mm environ), blanch\u00e2tres, lisses ou tr\u00e8s finement ruguleux, surmont\u00e9 d&rsquo;un rebord aigu, dent\u00e9 d&rsquo;un c\u00f4t\u00e9 ; capitules \u00e0 p\u00e9doncules un peu \u00e9paissis au sommet ; fleurs tubuleuses jaunes, ligules blanches, allong\u00e9es, oblongues.<\/p>\n<div id=\"attachment_3981\" style=\"width: 543px\" class=\"wp-caption aligncenter\"><a href=\"https:\/\/www.preservons-la-nature.fr\/blog\/wp-content\/uploads\/2014\/09\/DSC7686.jpg\" target=\"_blank\"><img loading=\"lazy\" decoding=\"async\" aria-describedby=\"caption-attachment-3981\" class=\"wp-image-3981 size-large\" title=\"Anthemis maritima L. ( Anth\u00e9mis maritime )\" src=\"https:\/\/www.preservons-la-nature.fr\/blog\/wp-content\/uploads\/2014\/09\/DSC7686-533x800.jpg\" alt=\"Anthemis maritima L. ( Anth\u00e9mis maritime )\" width=\"533\" height=\"800\" srcset=\"https:\/\/preservons-la-nature.fr\/blog\/wp-content\/uploads\/2014\/09\/DSC7686-533x800.jpg 533w, https:\/\/preservons-la-nature.fr\/blog\/wp-content\/uploads\/2014\/09\/DSC7686-200x300.jpg 200w, https:\/\/preservons-la-nature.fr\/blog\/wp-content\/uploads\/2014\/09\/DSC7686.jpg 667w\" sizes=\"auto, (max-width: 533px) 100vw, 533px\" \/><\/a><p id=\"caption-attachment-3981\" class=\"wp-caption-text\">Anthemis maritima L. ( Anth\u00e9mis maritime )<\/p><\/div>\n<p><strong><span style=\"text-decoration: underline;\">Pr\u00e9sent dans le(s) d\u00e9partement(s) suivant(s) :<\/span><\/strong><br \/>\nAlpes-de-Haute-Provence, Alpes-Maritimes, Aude, Bouches-du-Rh\u00f4ne, Corse-du-Sud, C\u00f4tes-d&rsquo;Armor, Finist\u00e8re, Haute-Corse, H\u00e9rault, Ille-et-Vilaine, Loire-Atlantique, Morbihan, Var, Vaucluse.<\/p>\n<div id=\"attachment_3983\" style=\"width: 610px\" class=\"wp-caption aligncenter\"><a href=\"https:\/\/www.preservons-la-nature.fr\/blog\/wp-content\/uploads\/2014\/09\/carte28.jpg\"><img loading=\"lazy\" decoding=\"async\" aria-describedby=\"caption-attachment-3983\" class=\"size-full wp-image-3983\" src=\"https:\/\/www.preservons-la-nature.fr\/blog\/wp-content\/uploads\/2014\/09\/carte28.jpg\" alt=\"R\u00e9partition d'Anthemis maritima L. ( Anth\u00e9mis maritime )\" width=\"600\" height=\"600\" srcset=\"https:\/\/preservons-la-nature.fr\/blog\/wp-content\/uploads\/2014\/09\/carte28.jpg 600w, https:\/\/preservons-la-nature.fr\/blog\/wp-content\/uploads\/2014\/09\/carte28-150x150.jpg 150w, https:\/\/preservons-la-nature.fr\/blog\/wp-content\/uploads\/2014\/09\/carte28-300x300.jpg 300w\" sizes=\"auto, (max-width: 600px) 100vw, 600px\" \/><\/a><p id=\"caption-attachment-3983\" class=\"wp-caption-text\">R\u00e9partition d&rsquo;Anthemis maritima L. ( Anth\u00e9mis maritime )<\/p><\/div>\n<p><strong><span style=\"text-decoration: underline;\">Phytosociologie :<\/span><\/strong><i><\/i><\/p>\n<table>\n<tbody>\n<tr>\n<td>Alliance<\/td>\n<td>Ordre<\/td>\n<td>Classe<\/td>\n<\/tr>\n<tr>\n<td><strong>Ammophilion arenariae<\/strong><\/td>\n<td><strong>Ammophiletalia australis<\/strong><\/td>\n<td><strong>Euphorbio paraliae-Ammophiletea australis<\/strong><\/td>\n<\/tr>\n<tr>\n<td>Communaut\u00e9s cantabro-atlantiques (jusqu&rsquo;en Manche orientale).<\/td>\n<td>Communaut\u00e9s des avant-dunes et dunes meubles \u00e0 semi-fix\u00e9es, essentiellement m\u00e9diterran\u00e9ennes avec irradiations pr\u00e9pontique et hyper-atlantique.<\/td>\n<td>V\u00e9g\u00e9tation vivace pionni\u00e8re des sables dunaires m\u00e9diterran\u00e9enne \u00e0 m\u00e9diterran\u00e9o-atlantique et pr\u00e9pontique.<\/td>\n<\/tr>\n<\/tbody>\n<\/table>\n<table>\n<tbody>\n<tr>\n<td>Alliance<\/td>\n<td>Ordre<\/td>\n<td>Classe<\/td>\n<\/tr>\n<tr>\n<td><strong>Crucianellion maritimae<\/strong><\/td>\n<td><strong>Ammophiletalia australis<\/strong><\/td>\n<td><strong>Euphorbio paraliae-Ammophiletea australis<\/strong><\/td>\n<\/tr>\n<tr>\n<td>Communaut\u00e9s des arri\u00e8re-dunes m\u00e9diterran\u00e9ennes occidentales.<\/td>\n<td>Communaut\u00e9s des avant-dunes et dunes meubles \u00e0 semi-fix\u00e9es, essentiellement m\u00e9diterran\u00e9ennes avec irradiations pr\u00e9pontique et hyper-atlantique.<\/td>\n<td>V\u00e9g\u00e9tation vivace pionni\u00e8re des sables dunaires m\u00e9diterran\u00e9enne \u00e0 m\u00e9diterran\u00e9o-atlantique et pr\u00e9pontique.<\/td>\n<\/tr>\n<\/tbody>\n<\/table>\n<table>\n<tbody>\n<tr>\n<td>Alliance<\/td>\n<td>Ordre<\/td>\n<td>Classe<\/td>\n<\/tr>\n<tr>\n<td><strong>Salsolo vermiculatae-Artemision arborescentis<\/strong><\/td>\n<td><strong>Salsolo vermiculatae-Peganetalia harmalae<\/strong><\/td>\n<td><strong>Pegano harmalae-Salsoletea vermiculatae<\/strong><\/td>\n<\/tr>\n<tr>\n<td>Communaut\u00e9s des falaises calcaires littorales arros\u00e9es d&#8217;embruns.<\/td>\n<td><\/td>\n<td>V\u00e9g\u00e9tation m\u00e9diterran\u00e9enne frutescente des sols riches en sels et en nitrates sous climat \u00e0 tendance aride.<\/td>\n<\/tr>\n<\/tbody>\n<\/table>\n<p><strong><span style=\"text-decoration: underline;\">Sous-esp\u00e8ces ou vari\u00e9t\u00e9s :<\/span><\/strong><br \/>\n<i>&#8211; Anthemis maritima L. subsp. maritima<br \/>\n&#8211; Anthemis maritima subsp. bolosii Bened\u00ed &amp; Molero<br \/>\n&#8211; Anthemis maritima subsp. pseudopunctata Oberprieler<br \/>\n<\/i><br \/>\n<strong><span style=\"text-decoration: underline;\">Bibliographie :<\/span><\/strong><\/p>\n<ul>\n<li>Atlas floristique de la Loire-Atlantique et de la Vend\u00e9e ; P. Dupont ; Editions Silo\u00eb 2001<\/li>\n<li>Flore de France ; H. Coste ; Librairie des sciences et des Arts 1937<\/li>\n<li>Guide de la flore des Alpes-Maritimes, du Mercantour \u00e0 la M\u00e9diterran\u00e9e ; L. Carles, L. Th\u00e9bault ; Giletta Nice-Matin 2010<\/li>\n<li>La flore d\u2019Ille et vilaine ; L. Diard ; Editions Silo\u00eb 2005<\/li>\n<li>La flore des C\u00f4tes d\u2019Armor ; D. Philippon, R. Preli, L. Poux ; Editions Silo\u00eb 2006<\/li>\n<li>La flore du d\u00e9partement de Vaucluse ; B. Girerd ; Editions Barth\u00e9l\u00e9my 1993<\/li>\n<li>La flore du Finist\u00e8re ; E. Qu\u00e9r\u00e9, S. Magnanon, R. Ragot, L. Gager, F. Hardy ; Editions Silo\u00eb 2009<\/li>\n<li>La flore du Morbihan ; G. Rivi\u00e8re ; Editions Silo\u00eb 2007<\/li>\n<li>Le Var et sa flore, plantes rares ou prot\u00e9g\u00e9es ; Collectif, Direction R. Crouon ; Naturalia Publications 2008<\/li>\n<\/ul>\n","protected":false},"excerpt":{"rendered":"<p>Une fiche plus r&eacute;cente existe, vous pouvez la consulter ICI Nom : Anthemis maritima L. ( Anth\u00e9mis maritime ) Autre(s) nom(s) : Anth\u00e9mis maritime. Famille : ASTERACEAE Floraison : Janvier &#8211; Septembre Forme biologique : Cham\u00e9phyte scapiforme. Description dans la &hellip; <a href=\"https:\/\/preservons-la-nature.fr\/blog\/?p=3980\">Continuer la lecture <span class=\"meta-nav\">&rarr;<\/span><\/a><\/p>\n","protected":false},"author":1,"featured_media":0,"comment_status":"open","ping_status":"open","sticky":false,"template":"","format":"standard","meta":{"footnotes":""},"categories":[87],"tags":[48],"class_list":["post-3980","post","type-post","status-publish","format-standard","hentry","category-ficheplante","tag-asteracees"],"_links":{"self":[{"href":"https:\/\/preservons-la-nature.fr\/blog\/index.php?rest_route=\/wp\/v2\/posts\/3980","targetHints":{"allow":["GET"]}}],"collection":[{"href":"https:\/\/preservons-la-nature.fr\/blog\/index.php?rest_route=\/wp\/v2\/posts"}],"about":[{"href":"https:\/\/preservons-la-nature.fr\/blog\/index.php?rest_route=\/wp\/v2\/types\/post"}],"author":[{"embeddable":true,"href":"https:\/\/preservons-la-nature.fr\/blog\/index.php?rest_route=\/wp\/v2\/users\/1"}],"replies":[{"embeddable":true,"href":"https:\/\/preservons-la-nature.fr\/blog\/index.php?rest_route=%2Fwp%2Fv2%2Fcomments&post=3980"}],"version-history":[{"count":1,"href":"https:\/\/preservons-la-nature.fr\/blog\/index.php?rest_route=\/wp\/v2\/posts\/3980\/revisions"}],"predecessor-version":[{"id":3984,"href":"https:\/\/preservons-la-nature.fr\/blog\/index.php?rest_route=\/wp\/v2\/posts\/3980\/revisions\/3984"}],"wp:attachment":[{"href":"https:\/\/preservons-la-nature.fr\/blog\/index.php?rest_route=%2Fwp%2Fv2%2Fmedia&parent=3980"}],"wp:term":[{"taxonomy":"category","embeddable":true,"href":"https:\/\/preservons-la-nature.fr\/blog\/index.php?rest_route=%2Fwp%2Fv2%2Fcategories&post=3980"},{"taxonomy":"post_tag","embeddable":true,"href":"https:\/\/preservons-la-nature.fr\/blog\/index.php?rest_route=%2Fwp%2Fv2%2Ftags&post=3980"}],"curies":[{"name":"wp","href":"https:\/\/api.w.org\/{rel}","templated":true}]}}