{"id":3953,"date":"2014-09-29T00:10:36","date_gmt":"2014-09-28T23:10:36","guid":{"rendered":"https:\/\/www.preservons-la-nature.fr\/blog\/?p=3953"},"modified":"2014-09-18T12:12:47","modified_gmt":"2014-09-18T11:12:47","slug":"sternbergia-lutea-l-ker-gawl-ex-spreng-vendangeuse","status":"publish","type":"post","link":"https:\/\/preservons-la-nature.fr\/blog\/?p=3953","title":{"rendered":"Sternbergia lutea (L.) Ker Gawl. ex Spreng. ( Vendangeuse )"},"content":{"rendered":"<p><STRONG>Une fiche plus r&eacute;cente existe, vous pouvez la consulter <a href=\"https:\/\/www.preservons-la-nature.fr\/flore\/taxon\/3718.html\">ICI<\/a><\/STRONG><div id=\"attachment_3954\" style=\"width: 810px\" class=\"wp-caption aligncenter\"><a href=\"https:\/\/www.preservons-la-nature.fr\/blog\/wp-content\/uploads\/2014\/09\/DSC08132.jpg\" target=\"_blank\"><img loading=\"lazy\" decoding=\"async\" aria-describedby=\"caption-attachment-3954\" class=\"wp-image-3954 size-full\" title=\"Sternbergia lutea (L.) Ker Gawl. ex Spreng. ( Vendangeuse )\" src=\"https:\/\/www.preservons-la-nature.fr\/blog\/wp-content\/uploads\/2014\/09\/DSC08132.jpg\" alt=\"Sternbergia lutea (L.) Ker Gawl. ex Spreng. ( Vendangeuse )\" width=\"800\" height=\"533\" srcset=\"https:\/\/preservons-la-nature.fr\/blog\/wp-content\/uploads\/2014\/09\/DSC08132.jpg 800w, https:\/\/preservons-la-nature.fr\/blog\/wp-content\/uploads\/2014\/09\/DSC08132-300x199.jpg 300w\" sizes=\"auto, (max-width: 800px) 100vw, 800px\" \/><\/a><p id=\"caption-attachment-3954\" class=\"wp-caption-text\">Sternbergia lutea (L.) Ker Gawl. ex Spreng. ( Vendangeuse )<\/p><\/div><\/p>\n<p><strong><span style=\"text-decoration: underline;\">Nom :<\/span><\/strong> <i>Sternbergia lutea (L.) Ker Gawl. ex Spreng.<\/i> ( Vendangeuse )<\/p>\n<p><strong><span style=\"text-decoration: underline;\">Autre(s) nom(s) :<\/span><\/strong><br \/>\nVendangeuse, Vendangeuse jaune.<\/p>\n<p><strong><span style=\"text-decoration: underline;\">Famille :<\/span><\/strong> AMARYLLIDACEAE<\/p>\n<p><strong><span style=\"text-decoration: underline;\">Floraison :<\/span><\/strong> Septembre &#8211; Octobre<\/p>\n<p><strong><span style=\"text-decoration: underline;\">Protection :<\/span><\/strong><br \/>\n&#8211; CITES (Convention de washington)<br \/>\n&#8211; Liste rouge europ\u00e9enne IUCN 2012 LC<\/p>\n<p><strong><span style=\"text-decoration: underline;\">Description dans la flore de Coste :<\/span><\/strong><br \/>\nPlante vivace de 10-30 cm, glabre, \u00e0 bulbe gros ovale ; feuilles naissant avec les fleurs, 5-6, largement lin\u00e9aires-obtuses, concaves, vertes, d\u00e9passant la tige un peu comprim\u00e9e ; fleur jaune d&rsquo;or, grande (4-5 cm), dress\u00e9e, solitaire, sortant d&rsquo;une spathe membraneuse univalve, lanc\u00e9ol\u00e9e, embrassant l&rsquo;ovaire et \u00e9galant la moiti\u00e9 du p\u00e9rianthe ; p\u00e9rianthe en entonnoir, \u00e0 tube court et \u00e9troit, sans couronne \u00e0 la gorge, \u00e0 6 divisions \u00e9gales, oblongues-obtuses ; \u00e9tamines ins\u00e9r\u00e9es au sommet du tube, 3 plus courtes, \u00e0 filets filiformes et anth\u00e8res fix\u00e9es par le dos ; style filiforme, \u00e0 stigmate simple ; capsule en poire, presque ind\u00e9hiscente, charnue.<\/p>\n<p><strong><span style=\"text-decoration: underline;\">Pr\u00e9sent dans le(s) d\u00e9partement(s) suivant(s) :<\/span><\/strong><br \/>\nAlpes-Maritimes, Bouches-du-Rh\u00f4ne, Charente-Maritime, Is\u00e8re, Loire-Atlantique, Lot, Lot-et-Garonne, Maine-et-Loire, Orne, Tarn-et-Garonne, Var, Vaucluse, Vend\u00e9e.<\/p>\n<div id=\"attachment_3955\" style=\"width: 610px\" class=\"wp-caption aligncenter\"><a href=\"https:\/\/www.preservons-la-nature.fr\/blog\/wp-content\/uploads\/2014\/09\/carte23.jpg\"><img loading=\"lazy\" decoding=\"async\" aria-describedby=\"caption-attachment-3955\" class=\"size-full wp-image-3955\" src=\"https:\/\/www.preservons-la-nature.fr\/blog\/wp-content\/uploads\/2014\/09\/carte23.jpg\" alt=\"R\u00e9partition de Sternbergia lutea (L.) Ker Gawl. ex Spreng. ( Vendangeuse )\" width=\"600\" height=\"600\" srcset=\"https:\/\/preservons-la-nature.fr\/blog\/wp-content\/uploads\/2014\/09\/carte23.jpg 600w, https:\/\/preservons-la-nature.fr\/blog\/wp-content\/uploads\/2014\/09\/carte23-150x150.jpg 150w, https:\/\/preservons-la-nature.fr\/blog\/wp-content\/uploads\/2014\/09\/carte23-300x300.jpg 300w\" sizes=\"auto, (max-width: 600px) 100vw, 600px\" \/><\/a><p id=\"caption-attachment-3955\" class=\"wp-caption-text\">R\u00e9partition de Sternbergia lutea (L.) Ker Gawl. ex Spreng. ( Vendangeuse )<\/p><\/div>\n<p><strong><span style=\"text-decoration: underline;\">Taxonomie :<\/span><\/strong><br \/>\n<i>Sternbergia lutea (L.) Ker Gawl. ex Spreng.<\/i> a pour synonymes (Informations issues de la BDTFX Version 2.0, <a href=\"http:\/\/www.tela-botanica.org\" target=\"_blank\">Tela Botanica<\/a>) :<i><br \/>\n&#8211; Amaryllis lutea L.<br \/>\n&#8211; Oporanthus luteus (L.) Herb.<br \/>\n&#8211; Sternbergia aurantiaca Dinsm.<br \/>\n<\/i><br \/>\n<strong><span style=\"text-decoration: underline;\">Bibliographie :<\/span><\/strong><\/p>\n<ul>\n<li>Atlas floristique de la Loire-Atlantique et de la Vend\u00e9e ; P. Dupont ; Editions Silo\u00eb 2001<\/li>\n<li>Flore de France ; H. Coste ; Librairie des sciences et des Arts 1937<\/li>\n<li>Flore vasculaire de Basse-Normandie ; M. Provost ; Presses universitaires de Caen 1998<\/li>\n<li>Guide de la flore des Alpes-Maritimes, du Mercantour \u00e0 la M\u00e9diterran\u00e9e ; L. Carles, L. Th\u00e9bault ; Giletta Nice-Matin 2010<\/li>\n<li>La flore du d\u00e9partement de Vaucluse ; B. Girerd ; Editions Barth\u00e9l\u00e9my 1993<\/li>\n<\/ul>\n","protected":false},"excerpt":{"rendered":"<p>Une fiche plus r&eacute;cente existe, vous pouvez la consulter ICI Nom : Sternbergia lutea (L.) Ker Gawl. ex Spreng. ( Vendangeuse ) Autre(s) nom(s) : Vendangeuse, Vendangeuse jaune. Famille : AMARYLLIDACEAE Floraison : Septembre &#8211; Octobre Protection : &#8211; CITES &hellip; <a href=\"https:\/\/preservons-la-nature.fr\/blog\/?p=3953\">Continuer la lecture <span class=\"meta-nav\">&rarr;<\/span><\/a><\/p>\n","protected":false},"author":1,"featured_media":0,"comment_status":"open","ping_status":"open","sticky":false,"template":"","format":"standard","meta":{"footnotes":""},"categories":[87],"tags":[97],"class_list":["post-3953","post","type-post","status-publish","format-standard","hentry","category-ficheplante","tag-amaryllidacees"],"_links":{"self":[{"href":"https:\/\/preservons-la-nature.fr\/blog\/index.php?rest_route=\/wp\/v2\/posts\/3953","targetHints":{"allow":["GET"]}}],"collection":[{"href":"https:\/\/preservons-la-nature.fr\/blog\/index.php?rest_route=\/wp\/v2\/posts"}],"about":[{"href":"https:\/\/preservons-la-nature.fr\/blog\/index.php?rest_route=\/wp\/v2\/types\/post"}],"author":[{"embeddable":true,"href":"https:\/\/preservons-la-nature.fr\/blog\/index.php?rest_route=\/wp\/v2\/users\/1"}],"replies":[{"embeddable":true,"href":"https:\/\/preservons-la-nature.fr\/blog\/index.php?rest_route=%2Fwp%2Fv2%2Fcomments&post=3953"}],"version-history":[{"count":1,"href":"https:\/\/preservons-la-nature.fr\/blog\/index.php?rest_route=\/wp\/v2\/posts\/3953\/revisions"}],"predecessor-version":[{"id":3956,"href":"https:\/\/preservons-la-nature.fr\/blog\/index.php?rest_route=\/wp\/v2\/posts\/3953\/revisions\/3956"}],"wp:attachment":[{"href":"https:\/\/preservons-la-nature.fr\/blog\/index.php?rest_route=%2Fwp%2Fv2%2Fmedia&parent=3953"}],"wp:term":[{"taxonomy":"category","embeddable":true,"href":"https:\/\/preservons-la-nature.fr\/blog\/index.php?rest_route=%2Fwp%2Fv2%2Fcategories&post=3953"},{"taxonomy":"post_tag","embeddable":true,"href":"https:\/\/preservons-la-nature.fr\/blog\/index.php?rest_route=%2Fwp%2Fv2%2Ftags&post=3953"}],"curies":[{"name":"wp","href":"https:\/\/api.w.org\/{rel}","templated":true}]}}