{"id":3943,"date":"2014-09-27T00:03:25","date_gmt":"2014-09-26T23:03:25","guid":{"rendered":"https:\/\/www.preservons-la-nature.fr\/blog\/?p=3943"},"modified":"2014-09-18T12:05:31","modified_gmt":"2014-09-18T11:05:31","slug":"spartina-maritima-curtis-fernald-spartine-maritime","status":"publish","type":"post","link":"https:\/\/preservons-la-nature.fr\/blog\/?p=3943","title":{"rendered":"Spartina maritima (Curtis) Fernald ( Spartine maritime )"},"content":{"rendered":"<p><STRONG>Une fiche plus r&eacute;cente existe, vous pouvez la consulter <a href=\"https:\/\/www.preservons-la-nature.fr\/flore\/taxon\/3697.html\">ICI<\/a><\/STRONG><div id=\"attachment_3944\" style=\"width: 1010px\" class=\"wp-caption aligncenter\"><a href=\"https:\/\/www.preservons-la-nature.fr\/blog\/wp-content\/uploads\/2014\/09\/DSC00173.jpg\" target=\"_blank\"><img loading=\"lazy\" decoding=\"async\" aria-describedby=\"caption-attachment-3944\" class=\"wp-image-3944 size-full\" title=\"Spartina maritima (Curtis) Fernald ( Spartine maritime )\" src=\"https:\/\/www.preservons-la-nature.fr\/blog\/wp-content\/uploads\/2014\/09\/DSC00173.jpg\" alt=\"Spartina maritima (Curtis) Fernald ( Spartine maritime )\" width=\"1000\" height=\"667\" srcset=\"https:\/\/preservons-la-nature.fr\/blog\/wp-content\/uploads\/2014\/09\/DSC00173.jpg 1000w, https:\/\/preservons-la-nature.fr\/blog\/wp-content\/uploads\/2014\/09\/DSC00173-300x200.jpg 300w\" sizes=\"auto, (max-width: 1000px) 100vw, 1000px\" \/><\/a><p id=\"caption-attachment-3944\" class=\"wp-caption-text\">Spartina maritima (Curtis) Fernald ( Spartine maritime )<\/p><\/div><\/p>\n<p><strong><span style=\"text-decoration: underline;\">Nom :<\/span><\/strong> <i>Spartina maritima (Curtis) Fernald<\/i> ( Spartine maritime )<\/p>\n<p><strong><span style=\"text-decoration: underline;\">Autre(s) nom(s) :<\/span><\/strong><br \/>\nSpartine maritime.<\/p>\n<p><strong><span style=\"text-decoration: underline;\">Famille :<\/span><\/strong> POACEAE<\/p>\n<p><strong><span style=\"text-decoration: underline;\">Floraison :<\/span><\/strong> Ao\u00fbt &#8211; Octobre<\/p>\n<p><strong><span style=\"text-decoration: underline;\">Protection :<\/span><\/strong><br \/>\n&#8211; Liste des esp\u00e8ces v\u00e9g\u00e9tales prot\u00e9g\u00e9es en r\u00e9gion Basse-Normandie Article 1 (1995)<\/p>\n<p><strong><span style=\"text-decoration: underline;\">Description dans la flore de Coste :<\/span><\/strong><br \/>\nPlante vivace de 20 \u00e0 50 cm, glabre, \u00e0 souche longuement rampante ; tige raide, dress\u00e9e ; feuilles assez courtes, enroul\u00e9es-junciformes, la sup\u00e9rieure plus courte que la panicule ; ligule tr\u00e8s courte, denticul\u00e9e-cili\u00e9e ; \u00e9pis 2, rarement 3-4, longs de 8-12 cm dress\u00e9s-appliques, sessiles ou bri\u00e8vement p\u00e9doncules ; \u00e9pillets distiques, alternes, l\u00e2chement rapproch\u00e9s, longs de 10-15 mm lin\u00e9aires-lanc\u00e9ol\u00e9s, pubescents ; glume sup\u00e9rieure d&rsquo;un tiers plus longue, obtuse ou \u00e9chancr\u00e9e-mucron\u00e9e, \u00e0 1 nervure faible de chaque c\u00f4t\u00e9 de la car\u00e8ne.<\/p>\n<p><strong><span style=\"text-decoration: underline;\">Pr\u00e9sent dans le(s) d\u00e9partement(s) suivant(s) :<\/span><\/strong><br \/>\nCharente-Maritime, C\u00f4tes-d&rsquo;Armor, Finist\u00e8re, Gironde, Loire-Atlantique, Manche, Morbihan, Pyr\u00e9n\u00e9es-Atlantiques, Vend\u00e9e.<\/p>\n<div id=\"attachment_3945\" style=\"width: 610px\" class=\"wp-caption aligncenter\"><a href=\"https:\/\/www.preservons-la-nature.fr\/blog\/wp-content\/uploads\/2014\/09\/carte21.jpg\"><img loading=\"lazy\" decoding=\"async\" aria-describedby=\"caption-attachment-3945\" class=\"size-full wp-image-3945\" src=\"https:\/\/www.preservons-la-nature.fr\/blog\/wp-content\/uploads\/2014\/09\/carte21.jpg\" alt=\"R\u00e9partition de Spartina maritima (Curtis) Fernald ( Spartine maritime )\" width=\"600\" height=\"600\" srcset=\"https:\/\/preservons-la-nature.fr\/blog\/wp-content\/uploads\/2014\/09\/carte21.jpg 600w, https:\/\/preservons-la-nature.fr\/blog\/wp-content\/uploads\/2014\/09\/carte21-150x150.jpg 150w, https:\/\/preservons-la-nature.fr\/blog\/wp-content\/uploads\/2014\/09\/carte21-300x300.jpg 300w\" sizes=\"auto, (max-width: 600px) 100vw, 600px\" \/><\/a><p id=\"caption-attachment-3945\" class=\"wp-caption-text\">R\u00e9partition de Spartina maritima (Curtis) Fernald ( Spartine maritime )<\/p><\/div>\n<p><strong><span style=\"text-decoration: underline;\">Phytosociologie :<\/span><\/strong><i><\/i><\/p>\n<table>\n<tbody>\n<tr>\n<td>Alliance<\/td>\n<td>Ordre<\/td>\n<td>Classe<\/td>\n<\/tr>\n<tr>\n<td><strong>Spartinion anglicae<\/strong><\/td>\n<td><strong>Spartinetalia glabrae<\/strong><\/td>\n<td><strong>Spartinetea glabrae<\/strong><\/td>\n<\/tr>\n<tr>\n<td>Communaut\u00e9s europ\u00e9ennes.<\/td>\n<td><\/td>\n<td>V\u00e9g\u00e9tation pionni\u00e8re vivace des vases molles sal\u00e9es et saum\u00e2tres, longuement inondables, amphiatlantiques.<\/td>\n<\/tr>\n<\/tbody>\n<\/table>\n<p><strong><span style=\"text-decoration: underline;\">Taxonomie :<\/span><\/strong><br \/>\n<i>Spartina maritima (Curtis) Fernald<\/i> a pour synonymes (Informations issues de la BDTFX Version 2.0, <a href=\"http:\/\/www.tela-botanica.org\" target=\"_blank\">Tela Botanica<\/a>) :<i><br \/>\n&#8211; Cynodon pungens Raspail<br \/>\n&#8211; Dactylis cynosuroides Loefl.<br \/>\n&#8211; Dactylis maritima Curtis<br \/>\n&#8211; Dactylis stricta Aiton<br \/>\n&#8211; Limnetis pungens Rich.<br \/>\n&#8211; Paspalum strictum (Aiton) Brot.<br \/>\n&#8211; Spartina maritima subsp. stricta (Aiton) St.-Yves<br \/>\n&#8211; Spartina pungens (Rich.) P.Beauv.<br \/>\n&#8211; Spartina stricta (Aiton) Roth<br \/>\n&#8211; Spartina stricta var. triplex Gray<br \/>\n&#8211; Trachynotia stricta (Aiton) DC.<br \/>\n<\/i><br \/>\n<strong><span style=\"text-decoration: underline;\">Bibliographie :<\/span><\/strong><\/p>\n<ul>\n<li>Atlas floristique de la Loire-Atlantique et de la Vend\u00e9e ; P. Dupont ; Editions Silo\u00eb 2001<\/li>\n<li>Flore de France ; H. Coste ; Librairie des sciences et des Arts 1937<\/li>\n<li>Flore vasculaire de Basse-Normandie ; M. Provost ; Presses universitaires de Caen 1998<\/li>\n<li>La flore des C\u00f4tes d\u2019Armor ; D. Philippon, R. Preli, L. Poux ; Editions Silo\u00eb 2006<\/li>\n<li>La flore du Finist\u00e8re ; E. Qu\u00e9r\u00e9, S. Magnanon, R. Ragot, L. Gager, F. Hardy ; Editions Silo\u00eb 2009<\/li>\n<li>La flore du Morbihan ; G. Rivi\u00e8re ; Editions Silo\u00eb 2007<\/li>\n<li>Les quatre flores de France ; P. Fournier ; Editions Lechevalier 1961<\/li>\n<li>Nouvelle flore de la Belgique, du G.-D. de Luxembourg, du Nord de la France et des r\u00e9gions voisines (5\u00e8me \u00e9dition) ; J. Lambinon, L. Delvosalle, J. Duvigneaud ; Edition du jardin botanique national de Belgique 2008<\/li>\n<\/ul>\n","protected":false},"excerpt":{"rendered":"<p>Une fiche plus r&eacute;cente existe, vous pouvez la consulter ICI Nom : Spartina maritima (Curtis) Fernald ( Spartine maritime ) Autre(s) nom(s) : Spartine maritime. Famille : POACEAE Floraison : Ao\u00fbt &#8211; Octobre Protection : &#8211; Liste des esp\u00e8ces v\u00e9g\u00e9tales &hellip; <a href=\"https:\/\/preservons-la-nature.fr\/blog\/?p=3943\">Continuer la lecture <span class=\"meta-nav\">&rarr;<\/span><\/a><\/p>\n","protected":false},"author":1,"featured_media":0,"comment_status":"open","ping_status":"open","sticky":false,"template":"","format":"standard","meta":{"footnotes":""},"categories":[87],"tags":[80],"class_list":["post-3943","post","type-post","status-publish","format-standard","hentry","category-ficheplante","tag-poacees"],"_links":{"self":[{"href":"https:\/\/preservons-la-nature.fr\/blog\/index.php?rest_route=\/wp\/v2\/posts\/3943","targetHints":{"allow":["GET"]}}],"collection":[{"href":"https:\/\/preservons-la-nature.fr\/blog\/index.php?rest_route=\/wp\/v2\/posts"}],"about":[{"href":"https:\/\/preservons-la-nature.fr\/blog\/index.php?rest_route=\/wp\/v2\/types\/post"}],"author":[{"embeddable":true,"href":"https:\/\/preservons-la-nature.fr\/blog\/index.php?rest_route=\/wp\/v2\/users\/1"}],"replies":[{"embeddable":true,"href":"https:\/\/preservons-la-nature.fr\/blog\/index.php?rest_route=%2Fwp%2Fv2%2Fcomments&post=3943"}],"version-history":[{"count":2,"href":"https:\/\/preservons-la-nature.fr\/blog\/index.php?rest_route=\/wp\/v2\/posts\/3943\/revisions"}],"predecessor-version":[{"id":3947,"href":"https:\/\/preservons-la-nature.fr\/blog\/index.php?rest_route=\/wp\/v2\/posts\/3943\/revisions\/3947"}],"wp:attachment":[{"href":"https:\/\/preservons-la-nature.fr\/blog\/index.php?rest_route=%2Fwp%2Fv2%2Fmedia&parent=3943"}],"wp:term":[{"taxonomy":"category","embeddable":true,"href":"https:\/\/preservons-la-nature.fr\/blog\/index.php?rest_route=%2Fwp%2Fv2%2Fcategories&post=3943"},{"taxonomy":"post_tag","embeddable":true,"href":"https:\/\/preservons-la-nature.fr\/blog\/index.php?rest_route=%2Fwp%2Fv2%2Ftags&post=3943"}],"curies":[{"name":"wp","href":"https:\/\/api.w.org\/{rel}","templated":true}]}}