{"id":3938,"date":"2014-09-26T00:59:13","date_gmt":"2014-09-25T23:59:13","guid":{"rendered":"https:\/\/www.preservons-la-nature.fr\/blog\/?p=3938"},"modified":"2014-09-18T12:01:43","modified_gmt":"2014-09-18T11:01:43","slug":"sesleria-cylindrica-balb-dc-seslerie-cylindrique","status":"publish","type":"post","link":"https:\/\/preservons-la-nature.fr\/blog\/?p=3938","title":{"rendered":"Sesleria cylindrica (Balb.) DC. ( Sesl\u00e9rie cylindrique )"},"content":{"rendered":"<p><STRONG>Une fiche plus r&eacute;cente existe, vous pouvez la consulter <a href=\"https:\/\/www.preservons-la-nature.fr\/flore\/taxon\/3640.html\">ICI<\/a><\/STRONG><div id=\"attachment_3939\" style=\"width: 543px\" class=\"wp-caption aligncenter\"><a href=\"https:\/\/www.preservons-la-nature.fr\/blog\/wp-content\/uploads\/2014\/09\/DSC00136.jpg\" target=\"_blank\"><img loading=\"lazy\" decoding=\"async\" aria-describedby=\"caption-attachment-3939\" class=\"wp-image-3939 size-large\" title=\"Sesleria cylindrica (Balb.) DC. ( Sesl\u00e9rie cylindrique )\" src=\"https:\/\/www.preservons-la-nature.fr\/blog\/wp-content\/uploads\/2014\/09\/DSC00136-533x800.jpg\" alt=\"Sesleria cylindrica (Balb.) DC. ( Sesl\u00e9rie cylindrique )\" width=\"533\" height=\"800\" srcset=\"https:\/\/preservons-la-nature.fr\/blog\/wp-content\/uploads\/2014\/09\/DSC00136-533x800.jpg 533w, https:\/\/preservons-la-nature.fr\/blog\/wp-content\/uploads\/2014\/09\/DSC00136-200x300.jpg 200w, https:\/\/preservons-la-nature.fr\/blog\/wp-content\/uploads\/2014\/09\/DSC00136.jpg 667w\" sizes=\"auto, (max-width: 533px) 100vw, 533px\" \/><\/a><p id=\"caption-attachment-3939\" class=\"wp-caption-text\">Sesleria cylindrica (Balb.) DC. ( Sesl\u00e9rie cylindrique )<\/p><\/div><\/p>\n<p><strong><span style=\"text-decoration: underline;\">Nom :<\/span><\/strong> <i>Sesleria cylindrica (Balb.) DC.<\/i> ( Sesl\u00e9rie cylindrique )<\/p>\n<p><strong><span style=\"text-decoration: underline;\">Autre(s) nom(s) :<\/span><\/strong><br \/>\nSesl\u00e9rie argent\u00e9e, Sesl\u00e9rie cylindrique.<\/p>\n<p><strong><span style=\"text-decoration: underline;\">Famille :<\/span><\/strong> POACEAE<\/p>\n<p><strong><span style=\"text-decoration: underline;\">Floraison :<\/span><\/strong> Mai &#8211; Ao\u00fbt<\/p>\n<p><strong><span style=\"text-decoration: underline;\">Description dans la flore de Coste :<\/span><\/strong><br \/>\nPlante vivace de 30-80 cm, glabre, \u00e0 souche \u00e9paisse rampante stolonif\u00e8re ; tige robuste, dress\u00e9e, feuill\u00e9e, nue au sommet ; feuilles allong\u00e9es, larges de 4 6 mm tr\u00e8s aigu\u00ebs, mucron\u00e9es ; ligule courte, tronqu\u00e9e, lac\u00e9r\u00e9e ; panicule spiciforme cylindrique, longue de 4-7 cm, large de 1 cm environ, dense, blanche ou violac\u00e9e, \u00e0 rameaux portant 3-6 \u00e9pillets longs de 6 mm ; bract\u00e9es larges ; glumes lanc\u00e9ol\u00e9es-arist\u00e9es, \u00e9galant \u00e0 peu pr\u00e8s les fleurs ; glumelle inf\u00e9rieure \u00e0 deux dents et \u00e0 trois ar\u00eates, la m\u00e9diane plus longue ; ovaire velu au sommet.<\/p>\n<div id=\"attachment_3940\" style=\"width: 543px\" class=\"wp-caption aligncenter\"><a href=\"https:\/\/www.preservons-la-nature.fr\/blog\/wp-content\/uploads\/2014\/09\/DSC00137.jpg\" target=\"_blank\"><img loading=\"lazy\" decoding=\"async\" aria-describedby=\"caption-attachment-3940\" class=\"wp-image-3940 size-large\" title=\"Sesleria cylindrica (Balb.) DC. ( Sesl\u00e9rie cylindrique )\" src=\"https:\/\/www.preservons-la-nature.fr\/blog\/wp-content\/uploads\/2014\/09\/DSC00137-533x800.jpg\" alt=\"Sesleria cylindrica (Balb.) DC. ( Sesl\u00e9rie cylindrique )\" width=\"533\" height=\"800\" srcset=\"https:\/\/preservons-la-nature.fr\/blog\/wp-content\/uploads\/2014\/09\/DSC00137-533x800.jpg 533w, https:\/\/preservons-la-nature.fr\/blog\/wp-content\/uploads\/2014\/09\/DSC00137-200x300.jpg 200w, https:\/\/preservons-la-nature.fr\/blog\/wp-content\/uploads\/2014\/09\/DSC00137.jpg 667w\" sizes=\"auto, (max-width: 533px) 100vw, 533px\" \/><\/a><p id=\"caption-attachment-3940\" class=\"wp-caption-text\">Sesleria cylindrica (Balb.) DC. ( Sesl\u00e9rie cylindrique )<\/p><\/div>\n<p><strong><span style=\"text-decoration: underline;\">Pr\u00e9sent dans le(s) d\u00e9partement(s) suivant(s) :<\/span><\/strong><br \/>\nAlpes-de-Haute-Provence, Alpes-Maritimes, Var.<\/p>\n<div id=\"attachment_3941\" style=\"width: 610px\" class=\"wp-caption aligncenter\"><a href=\"https:\/\/www.preservons-la-nature.fr\/blog\/wp-content\/uploads\/2014\/09\/carte20.jpg\"><img loading=\"lazy\" decoding=\"async\" aria-describedby=\"caption-attachment-3941\" class=\"size-full wp-image-3941\" src=\"https:\/\/www.preservons-la-nature.fr\/blog\/wp-content\/uploads\/2014\/09\/carte20.jpg\" alt=\"R\u00e9partition de Sesleria cylindrica (Balb.) DC. ( Sesl\u00e9rie cylindrique )\" width=\"600\" height=\"600\" srcset=\"https:\/\/preservons-la-nature.fr\/blog\/wp-content\/uploads\/2014\/09\/carte20.jpg 600w, https:\/\/preservons-la-nature.fr\/blog\/wp-content\/uploads\/2014\/09\/carte20-150x150.jpg 150w, https:\/\/preservons-la-nature.fr\/blog\/wp-content\/uploads\/2014\/09\/carte20-300x300.jpg 300w\" sizes=\"auto, (max-width: 600px) 100vw, 600px\" \/><\/a><p id=\"caption-attachment-3941\" class=\"wp-caption-text\">R\u00e9partition de Sesleria cylindrica (Balb.) DC. ( Sesl\u00e9rie cylindrique )<\/p><\/div>\n<p><strong><span style=\"text-decoration: underline;\">R\u00e9partition mondiale :<\/span><\/strong><br \/>\nL&rsquo;esp\u00e8ce est pr\u00e9sente dans le sud de l&rsquo;Europe, en Afrique du Nord et en Asie mineure.<\/p>\n<p><strong><span style=\"text-decoration: underline;\">Taxonomie :<\/span><\/strong><br \/>\n<i>Sesleria cylindrica (Balb.) DC.<\/i> a pour synonymes (Informations issues de la BDTFX Version 2.0, <a href=\"http:\/\/www.tela-botanica.org\" target=\"_blank\">Tela Botanica<\/a>) :<i><br \/>\n&#8211; Cynosurus cylindricus Balb.<br \/>\n&#8211; Festuca argentea Savi<br \/>\n&#8211; Phleum autumnale Scop.<br \/>\n&#8211; Sesleria alba Sm.<br \/>\n&#8211; Sesleria argentea (Savi) Savi<br \/>\n&#8211; Sesleria argentea subsp. cylindrica (Balb.) P.Fourn.<br \/>\n<\/i><br \/>\n<strong><span style=\"text-decoration: underline;\">Bibliographie :<\/span><\/strong><\/p>\n<ul>\n<li>Flore de France ; H. Coste ; Librairie des sciences et des Arts 1937<\/li>\n<li>Guide de la flore des Alpes-Maritimes, du Mercantour \u00e0 la M\u00e9diterran\u00e9e ; L. Carles, L. Th\u00e9bault ; Giletta Nice-Matin 2010<\/li>\n<li>Les quatre flores de France ; P. Fournier ; Editions Lechevalier 1961<\/li>\n<\/ul>\n","protected":false},"excerpt":{"rendered":"<p>Une fiche plus r&eacute;cente existe, vous pouvez la consulter ICI Nom : Sesleria cylindrica (Balb.) DC. ( Sesl\u00e9rie cylindrique ) Autre(s) nom(s) : Sesl\u00e9rie argent\u00e9e, Sesl\u00e9rie cylindrique. Famille : POACEAE Floraison : Mai &#8211; Ao\u00fbt Description dans la flore de &hellip; <a href=\"https:\/\/preservons-la-nature.fr\/blog\/?p=3938\">Continuer la lecture <span class=\"meta-nav\">&rarr;<\/span><\/a><\/p>\n","protected":false},"author":1,"featured_media":0,"comment_status":"open","ping_status":"open","sticky":false,"template":"","format":"standard","meta":{"footnotes":""},"categories":[87],"tags":[80],"class_list":["post-3938","post","type-post","status-publish","format-standard","hentry","category-ficheplante","tag-poacees"],"_links":{"self":[{"href":"https:\/\/preservons-la-nature.fr\/blog\/index.php?rest_route=\/wp\/v2\/posts\/3938","targetHints":{"allow":["GET"]}}],"collection":[{"href":"https:\/\/preservons-la-nature.fr\/blog\/index.php?rest_route=\/wp\/v2\/posts"}],"about":[{"href":"https:\/\/preservons-la-nature.fr\/blog\/index.php?rest_route=\/wp\/v2\/types\/post"}],"author":[{"embeddable":true,"href":"https:\/\/preservons-la-nature.fr\/blog\/index.php?rest_route=\/wp\/v2\/users\/1"}],"replies":[{"embeddable":true,"href":"https:\/\/preservons-la-nature.fr\/blog\/index.php?rest_route=%2Fwp%2Fv2%2Fcomments&post=3938"}],"version-history":[{"count":1,"href":"https:\/\/preservons-la-nature.fr\/blog\/index.php?rest_route=\/wp\/v2\/posts\/3938\/revisions"}],"predecessor-version":[{"id":3942,"href":"https:\/\/preservons-la-nature.fr\/blog\/index.php?rest_route=\/wp\/v2\/posts\/3938\/revisions\/3942"}],"wp:attachment":[{"href":"https:\/\/preservons-la-nature.fr\/blog\/index.php?rest_route=%2Fwp%2Fv2%2Fmedia&parent=3938"}],"wp:term":[{"taxonomy":"category","embeddable":true,"href":"https:\/\/preservons-la-nature.fr\/blog\/index.php?rest_route=%2Fwp%2Fv2%2Fcategories&post=3938"},{"taxonomy":"post_tag","embeddable":true,"href":"https:\/\/preservons-la-nature.fr\/blog\/index.php?rest_route=%2Fwp%2Fv2%2Ftags&post=3938"}],"curies":[{"name":"wp","href":"https:\/\/api.w.org\/{rel}","templated":true}]}}