{"id":3934,"date":"2014-09-25T00:55:51","date_gmt":"2014-09-24T23:55:51","guid":{"rendered":"https:\/\/www.preservons-la-nature.fr\/blog\/?p=3934"},"modified":"2014-09-18T11:59:10","modified_gmt":"2014-09-18T10:59:10","slug":"reseda-phyteuma-l-reseda-raiponce","status":"publish","type":"post","link":"https:\/\/preservons-la-nature.fr\/blog\/?p=3934","title":{"rendered":"Reseda phyteuma L. ( R\u00e9s\u00e9da raiponce )"},"content":{"rendered":"<p><STRONG>Une fiche plus r&eacute;cente existe, vous pouvez la consulter <a href=\"https:\/\/www.preservons-la-nature.fr\/flore\/taxon\/978.html\">ICI<\/a><\/STRONG><div id=\"attachment_3935\" style=\"width: 543px\" class=\"wp-caption aligncenter\"><a href=\"https:\/\/www.preservons-la-nature.fr\/blog\/wp-content\/uploads\/2014\/09\/DSC00152.jpg\" target=\"_blank\"><img loading=\"lazy\" decoding=\"async\" aria-describedby=\"caption-attachment-3935\" class=\"wp-image-3935 size-large\" title=\"Reseda phyteuma L. ( R\u00e9s\u00e9da raiponce )\" src=\"https:\/\/www.preservons-la-nature.fr\/blog\/wp-content\/uploads\/2014\/09\/DSC00152-533x800.jpg\" alt=\"Reseda phyteuma L. ( R\u00e9s\u00e9da raiponce )\" width=\"533\" height=\"800\" srcset=\"https:\/\/preservons-la-nature.fr\/blog\/wp-content\/uploads\/2014\/09\/DSC00152-533x800.jpg 533w, https:\/\/preservons-la-nature.fr\/blog\/wp-content\/uploads\/2014\/09\/DSC00152-200x300.jpg 200w, https:\/\/preservons-la-nature.fr\/blog\/wp-content\/uploads\/2014\/09\/DSC00152.jpg 667w\" sizes=\"auto, (max-width: 533px) 100vw, 533px\" \/><\/a><p id=\"caption-attachment-3935\" class=\"wp-caption-text\">Reseda phyteuma L. ( R\u00e9s\u00e9da raiponce )<\/p><\/div><\/p>\n<p><strong><span style=\"text-decoration: underline;\">Nom :<\/span><\/strong> <i>Reseda phyteuma L.<\/i> ( R\u00e9s\u00e9da raiponce )<\/p>\n<p><strong><span style=\"text-decoration: underline;\">Autre(s) nom(s) :<\/span><\/strong><br \/>\nR\u00e9s\u00e9da Raiponce.<\/p>\n<p><strong><span style=\"text-decoration: underline;\">Famille :<\/span><\/strong> RESEDACEAE<\/p>\n<p><strong><span style=\"text-decoration: underline;\">Floraison :<\/span><\/strong> Mai &#8211; Septembre<\/p>\n<p><strong><span style=\"text-decoration: underline;\">Description dans la flore de Coste :<\/span><\/strong><br \/>\nPlante annuelle ou bisannuelle, un peu pubescente, d&rsquo;un vert p\u00e2le ; tiges de 20-30 cm, ascendantes, \u00e0 angles charg\u00e9s d&rsquo;asp\u00e9rit\u00e9s ; feuilles obovales-oblongues, enti\u00e8res ou les moyennes fendues au sommet en 2-3 lobes ; fleurs blanch\u00e2tres, en grappes \u00e0 la fin allong\u00e9es et l\u00e2ches ; p\u00e9dicelles \u00e9galant le calice ; 6 s\u00e9pales oblongs ; obtus, accrescents ; 6 p\u00e9tales, plus courts que le calice ou l&rsquo;\u00e9galant, \u00e0 laciniures nombreuses, allong\u00e9es, lin\u00e9aires ; 16-20 \u00e9tamines, \u00e0 filets dilat\u00e9s au sommet ; capsules pench\u00e9es, grandes, obovales, \u00e0 3 dents acumin\u00e9es ; graines grises, rugueuses.<\/p>\n<p><strong><span style=\"text-decoration: underline;\">Pr\u00e9sent dans le(s) d\u00e9partement(s) suivant(s) :<\/span><\/strong><br \/>\nAin, Aisne, Alpes-de-Haute-Provence, Alpes-Maritimes, Ardennes, Aube, Aude, Aveyron, Bouches-du-Rh\u00f4ne, Charente, C\u00f4te-d&rsquo;Or, Dr\u00f4me, Essonne, Eure-et-Loir, Haute-Garonne, Haute-Marne, Hautes-Alpes, Haute-Sa\u00f4ne, H\u00e9rault, Ille-et-Vilaine, Indre-et-Loire, Is\u00e8re, Jura, Landes, Loire-Atlantique, Loiret, Lot, Maine-et-Loire, Manche, Marne, Mayenne, Morbihan, Pyr\u00e9n\u00e9es-Atlantiques, Pyr\u00e9n\u00e9es-Orientales, Sa\u00f4ne-et-Loire, Seine-et-Marne, Tarn-et-Garonne, Var, Vaucluse, Vienne, Yonne.<\/p>\n<div id=\"attachment_3936\" style=\"width: 610px\" class=\"wp-caption aligncenter\"><a href=\"https:\/\/www.preservons-la-nature.fr\/blog\/wp-content\/uploads\/2014\/09\/carte19.jpg\"><img loading=\"lazy\" decoding=\"async\" aria-describedby=\"caption-attachment-3936\" class=\"size-full wp-image-3936\" src=\"https:\/\/www.preservons-la-nature.fr\/blog\/wp-content\/uploads\/2014\/09\/carte19.jpg\" alt=\"R\u00e9partition de Reseda phyteuma L. ( R\u00e9s\u00e9da raiponce )\" width=\"600\" height=\"600\" srcset=\"https:\/\/preservons-la-nature.fr\/blog\/wp-content\/uploads\/2014\/09\/carte19.jpg 600w, https:\/\/preservons-la-nature.fr\/blog\/wp-content\/uploads\/2014\/09\/carte19-150x150.jpg 150w, https:\/\/preservons-la-nature.fr\/blog\/wp-content\/uploads\/2014\/09\/carte19-300x300.jpg 300w\" sizes=\"auto, (max-width: 600px) 100vw, 600px\" \/><\/a><p id=\"caption-attachment-3936\" class=\"wp-caption-text\">R\u00e9partition de Reseda phyteuma L. ( R\u00e9s\u00e9da raiponce )<\/p><\/div>\n<p><strong><span style=\"text-decoration: underline;\">Phytosociologie :<\/span><\/strong><i><\/i><\/p>\n<table>\n<tbody>\n<tr>\n<td>Alliance<\/td>\n<td>Ordre<\/td>\n<td>Classe<\/td>\n<\/tr>\n<tr>\n<td><strong>Caucalidion lappulae<\/strong><\/td>\n<td><strong>Centaureetalia cyani<\/strong><\/td>\n<td><strong>Stellarietea mediae<\/strong><\/td>\n<\/tr>\n<tr>\n<td>Communaut\u00e9s surtout eurosib\u00e9riennes.<\/td>\n<td>Communaut\u00e9s des cultures et moissons sur sol neutro-alcalin.<\/td>\n<td>V\u00e9g\u00e9tation annuelle, nitrophile, commensale des cultures annuelles ou sarcl\u00e9es.<\/td>\n<\/tr>\n<\/tbody>\n<\/table>\n<table>\n<tbody>\n<tr>\n<td>Ordre<\/td>\n<td>Classe<\/td>\n<\/tr>\n<tr>\n<td><strong>Sisymbrietalia officinalis<\/strong><\/td>\n<td><strong>Sisymbrietea officinalis<\/strong><\/td>\n<\/tr>\n<tr>\n<td>Communaut\u00e9s nitrophiles vernales \u00e0 tardi-vernales, des sols peu \u00e9pais m\u00e9soclines, eurosib\u00e9riennes et m\u00e9diterran\u00e9ennes.<\/td>\n<td>V\u00e9g\u00e9tation anthropog\u00e8ne \u00e0 dominante d\u2019annuelles et de bisannuelles, plus ou moins nitrophile, des stations rud\u00e9ralis\u00e9es et irr\u00e9guli\u00e8rement pertub\u00e9es.<\/td>\n<\/tr>\n<\/tbody>\n<\/table>\n<p><strong><span style=\"text-decoration: underline;\">Taxonomie :<\/span><\/strong><br \/>\n<i>Reseda phyteuma L.<\/i> a pour synonymes (Informations issues de la BDTFX Version 2.0, <a href=\"http:\/\/www.tela-botanica.org\" target=\"_blank\">Tela Botanica<\/a>) :<i><br \/>\n&#8211; Pectanisia phyteuma (L.) Raf.<br \/>\n<\/i><br \/>\n<strong><span style=\"text-decoration: underline;\">Sous-esp\u00e8ces ou vari\u00e9t\u00e9s :<\/span><\/strong><br \/>\n<i>&#8211; Reseda phyteuma L. var. phyteuma<br \/>\n&#8211; Reseda phyteuma var. fragrans Teixidor<br \/>\n<\/i><br \/>\n<strong><span style=\"text-decoration: underline;\">Bibliographie :<\/span><\/strong><\/p>\n<ul>\n<li>Atlas de la flore de sauvage de Seine-et-Marne ; S. Filoche, F. Perriat, J. Moret, F. Hendoux ; Librairie des mus\u00e9es 2010<\/li>\n<li>Atlas de la flore des Hautes-Alpes ; E. Chas ; Conservatoire botanique national alpin de Gap-Charance 1994<\/li>\n<li>Atlas de la flore sauvage de Bourgogne ; O. Bardet, E. F\u00e9doroff, G. Causse, J. Moret ; Editions Biotope 2008<\/li>\n<li>Atlas de la flore sauvage du d\u00e9partement de l&rsquo;Essonne ; G. Arnal, J. Guittet ; Editions Biotope 2004<\/li>\n<li>Atlas de la flore sauvage du d\u00e9partement d&rsquo;Eure-et-Loir ; R. Dupr\u00e9, P. Boudier, P. Delahaye, M. Joly, J. Cordier, J. Moret ; Editions Biotope 2009<\/li>\n<li>Atlas de la flore sauvage du d\u00e9partement du Loiret ; D. Pujol, J. Cordier, J. Moret ; Editions Biotope 2008<\/li>\n<li>Atlas floristique de la Loire-Atlantique et de la Vend\u00e9e ; P. Dupont ; Editions Silo\u00eb 2001<\/li>\n<li>Flora helvetica ; K. Lauber, G. Wagner, A. Gigax, E. Geller ; Editions Belin 2012<\/li>\n<li>Flore de France ; H. Coste ; Librairie des sciences et des Arts 1937<\/li>\n<li>Flore de la Dr\u00f4me, Atlas \u00e9cologique et floristique ; L. Garraud ; Conservatoire botanique national alpin de Gap-Charance 2003<\/li>\n<li>Flore d&rsquo;Ile de France ; P. Jauzein, O. Nawrot ; Editions Quae 2011<\/li>\n<li>Flore d&rsquo;Ile de France &#8211; cl\u00e9s de d\u00e9termination, taxonomie et statuts ; P. Jauzein, O. Nawrot ; Editions Quae 2013<\/li>\n<li>Flore vasculaire de Basse-Normandie ; M. Provost ; Presses universitaires de Caen 1998<\/li>\n<li>Guide de la flore des Alpes-Maritimes, du Mercantour \u00e0 la M\u00e9diterran\u00e9e ; L. Carles, L. Th\u00e9bault ; Giletta Nice-Matin 2010<\/li>\n<li>La flore d\u2019Ille et vilaine ; L. Diard ; Editions Silo\u00eb 2005<\/li>\n<li>La flore de la Mayenne ; C. David, M. G\u00e9rard, H. Hubert, B. Jarri, Y. de Labarre, M. Ravet ; Editions Silo\u00eb 2009<\/li>\n<li>La flore du d\u00e9partement de Vaucluse ; B. Girerd ; Editions Barth\u00e9l\u00e9my 1993<\/li>\n<li>La flore du Morbihan ; G. Rivi\u00e8re ; Editions Silo\u00eb 2007<\/li>\n<li>Nouvelle flore de la Belgique, du G.-D. de Luxembourg, du Nord de la France et des r\u00e9gions voisines (5\u00e8me \u00e9dition) ; J. Lambinon, L. Delvosalle, J. Duvigneaud ; Edition du jardin botanique national de Belgique 2008<\/li>\n<\/ul>\n","protected":false},"excerpt":{"rendered":"<p>Une fiche plus r&eacute;cente existe, vous pouvez la consulter ICI Nom : Reseda phyteuma L. ( R\u00e9s\u00e9da raiponce ) Autre(s) nom(s) : R\u00e9s\u00e9da Raiponce. Famille : RESEDACEAE Floraison : Mai &#8211; Septembre Description dans la flore de Coste : Plante &hellip; <a href=\"https:\/\/preservons-la-nature.fr\/blog\/?p=3934\">Continuer la lecture <span class=\"meta-nav\">&rarr;<\/span><\/a><\/p>\n","protected":false},"author":1,"featured_media":0,"comment_status":"open","ping_status":"open","sticky":false,"template":"","format":"standard","meta":{"footnotes":""},"categories":[87],"tags":[134],"class_list":["post-3934","post","type-post","status-publish","format-standard","hentry","category-ficheplante","tag-resedaceae"],"_links":{"self":[{"href":"https:\/\/preservons-la-nature.fr\/blog\/index.php?rest_route=\/wp\/v2\/posts\/3934","targetHints":{"allow":["GET"]}}],"collection":[{"href":"https:\/\/preservons-la-nature.fr\/blog\/index.php?rest_route=\/wp\/v2\/posts"}],"about":[{"href":"https:\/\/preservons-la-nature.fr\/blog\/index.php?rest_route=\/wp\/v2\/types\/post"}],"author":[{"embeddable":true,"href":"https:\/\/preservons-la-nature.fr\/blog\/index.php?rest_route=\/wp\/v2\/users\/1"}],"replies":[{"embeddable":true,"href":"https:\/\/preservons-la-nature.fr\/blog\/index.php?rest_route=%2Fwp%2Fv2%2Fcomments&post=3934"}],"version-history":[{"count":1,"href":"https:\/\/preservons-la-nature.fr\/blog\/index.php?rest_route=\/wp\/v2\/posts\/3934\/revisions"}],"predecessor-version":[{"id":3937,"href":"https:\/\/preservons-la-nature.fr\/blog\/index.php?rest_route=\/wp\/v2\/posts\/3934\/revisions\/3937"}],"wp:attachment":[{"href":"https:\/\/preservons-la-nature.fr\/blog\/index.php?rest_route=%2Fwp%2Fv2%2Fmedia&parent=3934"}],"wp:term":[{"taxonomy":"category","embeddable":true,"href":"https:\/\/preservons-la-nature.fr\/blog\/index.php?rest_route=%2Fwp%2Fv2%2Fcategories&post=3934"},{"taxonomy":"post_tag","embeddable":true,"href":"https:\/\/preservons-la-nature.fr\/blog\/index.php?rest_route=%2Fwp%2Fv2%2Ftags&post=3934"}],"curies":[{"name":"wp","href":"https:\/\/api.w.org\/{rel}","templated":true}]}}