{"id":3929,"date":"2014-09-24T00:52:46","date_gmt":"2014-09-23T23:52:46","guid":{"rendered":"https:\/\/www.preservons-la-nature.fr\/blog\/?p=3929"},"modified":"2014-09-18T11:55:08","modified_gmt":"2014-09-18T10:55:08","slug":"nymphoides-peltata-s-g-gmel-kuntze-faux-nenuphar","status":"publish","type":"post","link":"https:\/\/preservons-la-nature.fr\/blog\/?p=3929","title":{"rendered":"Nymphoides peltata (S.G.Gmel.) Kuntze ( Faux n\u00e9nuphar )"},"content":{"rendered":"<p><STRONG>Une fiche plus r&eacute;cente existe, vous pouvez la consulter <a href=\"https:\/\/www.preservons-la-nature.fr\/flore\/taxon\/785.html\">ICI<\/a><\/STRONG><div id=\"attachment_3930\" style=\"width: 1010px\" class=\"wp-caption aligncenter\"><a href=\"https:\/\/www.preservons-la-nature.fr\/blog\/wp-content\/uploads\/2014\/09\/DSC7501.jpg\" target=\"_blank\"><img loading=\"lazy\" decoding=\"async\" aria-describedby=\"caption-attachment-3930\" class=\"wp-image-3930 size-full\" title=\"Nymphoides peltata (S.G.Gmel.) Kuntze ( Faux n\u00e9nuphar )\" src=\"https:\/\/www.preservons-la-nature.fr\/blog\/wp-content\/uploads\/2014\/09\/DSC7501.jpg\" alt=\"Nymphoides peltata (S.G.Gmel.) Kuntze ( Faux n\u00e9nuphar )\" width=\"1000\" height=\"667\" srcset=\"https:\/\/preservons-la-nature.fr\/blog\/wp-content\/uploads\/2014\/09\/DSC7501.jpg 1000w, https:\/\/preservons-la-nature.fr\/blog\/wp-content\/uploads\/2014\/09\/DSC7501-300x200.jpg 300w\" sizes=\"auto, (max-width: 1000px) 100vw, 1000px\" \/><\/a><p id=\"caption-attachment-3930\" class=\"wp-caption-text\">Nymphoides peltata (S.G.Gmel.) Kuntze ( Faux n\u00e9nuphar )<\/p><\/div><\/p>\n<p><strong><span style=\"text-decoration: underline;\">Nom :<\/span><\/strong> <i>Nymphoides peltata (S.G.Gmel.) Kuntze<\/i> ( Faux n\u00e9nuphar )<\/p>\n<p><strong><span style=\"text-decoration: underline;\">Autre(s) nom(s) :<\/span><\/strong><br \/>\nFaux n\u00e9nuphar, Limnanth\u00e8me faux n\u00e9nuphar, Petit n\u00e9nuphar pelt\u00e9.<\/p>\n<p><strong><span style=\"text-decoration: underline;\">Famille :<\/span><\/strong> MENYANTHACEAE<\/p>\n<p><strong><span style=\"text-decoration: underline;\">Floraison :<\/span><\/strong> Juillet &#8211; Septembre<\/p>\n<p><strong><span style=\"text-decoration: underline;\">Forme biologique :<\/span><\/strong><br \/>\nHydrog\u00e9ophyte.<\/p>\n<p><strong><span style=\"text-decoration: underline;\">Protection :<\/span><\/strong><br \/>\n&#8211; Liste des esp\u00e8ces v\u00e9g\u00e9tales prot\u00e9g\u00e9es en r\u00e9gion Alsace Article 1 (1993)<br \/>\n&#8211; Liste des esp\u00e8ces v\u00e9g\u00e9tales prot\u00e9g\u00e9es en r\u00e9gion Basse-Normandie Article 1 (1995)<br \/>\n&#8211; Liste des esp\u00e8ces v\u00e9g\u00e9tales prot\u00e9g\u00e9es en r\u00e9gion Bourgogne Article 1 (1992)<br \/>\n&#8211; Liste des esp\u00e8ces v\u00e9g\u00e9tales prot\u00e9g\u00e9es en r\u00e9gion Centre Article 1 (1993)<br \/>\n&#8211; Liste des esp\u00e8ces v\u00e9g\u00e9tales prot\u00e9g\u00e9es en r\u00e9gion Haute-Normandie Article 1 (1990)<br \/>\n&#8211; Liste des esp\u00e8ces v\u00e9g\u00e9tales prot\u00e9g\u00e9es en r\u00e9gion Lorraine Article 1 (1994)<br \/>\n&#8211; Liste des esp\u00e8ces v\u00e9g\u00e9tales prot\u00e9g\u00e9es en r\u00e9gion Pays-de-la-Loire Article 1 (1993)<br \/>\n&#8211; Liste des esp\u00e8ces v\u00e9g\u00e9tales prot\u00e9g\u00e9es en r\u00e9gion Picardie Article 1 (1989)<br \/>\n&#8211; Liste des esp\u00e8ces v\u00e9g\u00e9tales prot\u00e9g\u00e9es en r\u00e9gion Poitou-Charentes Article 1 (1988)<br \/>\n&#8211; Liste des esp\u00e8ces v\u00e9g\u00e9tales prot\u00e9g\u00e9es en r\u00e9gion Provence-Alpes-C\u00f4te-d&rsquo;Azur Article 1 (1994)<br \/>\n&#8211; Liste rouge europ\u00e9enne IUCN 2012 LC<\/p>\n<p><strong><span style=\"text-decoration: underline;\">Description dans la flore de Coste :<\/span><\/strong><br \/>\nPlante vivace aquatique \u00e0 souche allong\u00e9e, rampante et ramifi\u00e9e. Feuilles suborbiculaires en coeur, flottantes, coriaces, luisantes, ponctu\u00e9es de tubercules et pourpr\u00e9es dessous, de 3 \u00e0 10 cm de diam\u00e8tre, \u00e0 nervures palm\u00e9es et ramifi\u00e9es. P\u00e9dicelles longs de 5 \u00e0 10 cm, \u00e9largis en gaine \u00e0 la base. Calice \u00e0 5 lobes profonds, lanc\u00e9ol\u00e9s-lin\u00e9aires. Corolle jaune dor\u00e9, large de 3 \u00e0 5 cm, \u00e0 5 lobes, soud\u00e9s \u00e0 la base, dress\u00e9s-\u00e9tal\u00e9s, frang\u00e9s, barbus \u00e0 la base. Style court, stigmate \u00e0 2 lobes. Capsule ovo\u00efde longue d&rsquo;environ 2 cm.<\/p>\n<div id=\"attachment_3931\" style=\"width: 543px\" class=\"wp-caption aligncenter\"><a href=\"https:\/\/www.preservons-la-nature.fr\/blog\/wp-content\/uploads\/2014\/09\/DSC00324.jpg\" target=\"_blank\"><img loading=\"lazy\" decoding=\"async\" aria-describedby=\"caption-attachment-3931\" class=\"wp-image-3931 size-large\" title=\"Nymphoides peltata (S.G.Gmel.) Kuntze ( Faux n\u00e9nuphar )\" src=\"https:\/\/www.preservons-la-nature.fr\/blog\/wp-content\/uploads\/2014\/09\/DSC00324-533x800.jpg\" alt=\"Nymphoides peltata (S.G.Gmel.) Kuntze ( Faux n\u00e9nuphar )\" width=\"533\" height=\"800\" srcset=\"https:\/\/preservons-la-nature.fr\/blog\/wp-content\/uploads\/2014\/09\/DSC00324-533x800.jpg 533w, https:\/\/preservons-la-nature.fr\/blog\/wp-content\/uploads\/2014\/09\/DSC00324-200x300.jpg 200w, https:\/\/preservons-la-nature.fr\/blog\/wp-content\/uploads\/2014\/09\/DSC00324.jpg 667w\" sizes=\"auto, (max-width: 533px) 100vw, 533px\" \/><\/a><p id=\"caption-attachment-3931\" class=\"wp-caption-text\">Nymphoides peltata (S.G.Gmel.) Kuntze ( Faux n\u00e9nuphar )<\/p><\/div>\n<p><strong><span style=\"text-decoration: underline;\">Pr\u00e9sent dans le(s) d\u00e9partement(s) suivant(s) :<\/span><\/strong><br \/>\nAin, Aisne, Allier, Ard\u00e8che, Aube, Bouches-du-Rh\u00f4ne, Cher, C\u00f4te-d&rsquo;Or, C\u00f4tes-d&rsquo;Armor, Deux-S\u00e8vres, Doubs, Dr\u00f4me, Eure-et-Loir, Gard, Haute-Sa\u00f4ne, H\u00e9rault, Ille-et-Vilaine, Indre, Indre-et-Loire, Jura, Loire, Loire-Atlantique, Loiret, Lot, Maine-et-Loire, Manche, Marne, Mayenne, Meurthe-et-Moselle, Meuse, Morbihan, Moselle, Ni\u00e8vre, Nord, Oise, Orne, Rh\u00f4ne, Sa\u00f4ne-et-Loire, Sarthe, Seine-Maritime, Somme, Territoire-de-Belfort, Var, Vaucluse, Vend\u00e9e, Vosges, Yvelines.<\/p>\n<div id=\"attachment_3932\" style=\"width: 610px\" class=\"wp-caption aligncenter\"><a href=\"https:\/\/www.preservons-la-nature.fr\/blog\/wp-content\/uploads\/2014\/09\/carte18.jpg\"><img loading=\"lazy\" decoding=\"async\" aria-describedby=\"caption-attachment-3932\" class=\"size-full wp-image-3932\" src=\"https:\/\/www.preservons-la-nature.fr\/blog\/wp-content\/uploads\/2014\/09\/carte18.jpg\" alt=\"R\u00e9partition de Nymphoides peltata (S.G.Gmel.) Kuntze ( Faux n\u00e9nuphar )\" width=\"600\" height=\"600\" srcset=\"https:\/\/preservons-la-nature.fr\/blog\/wp-content\/uploads\/2014\/09\/carte18.jpg 600w, https:\/\/preservons-la-nature.fr\/blog\/wp-content\/uploads\/2014\/09\/carte18-150x150.jpg 150w, https:\/\/preservons-la-nature.fr\/blog\/wp-content\/uploads\/2014\/09\/carte18-300x300.jpg 300w\" sizes=\"auto, (max-width: 600px) 100vw, 600px\" \/><\/a><p id=\"caption-attachment-3932\" class=\"wp-caption-text\">R\u00e9partition de Nymphoides peltata (S.G.Gmel.) Kuntze ( Faux n\u00e9nuphar )<\/p><\/div>\n<p><strong><span style=\"text-decoration: underline;\">Phytosociologie :<\/span><\/strong><i><\/i><\/p>\n<table>\n<tbody>\n<tr>\n<td>Alliance<\/td>\n<td>Ordre<\/td>\n<td>Classe<\/td>\n<\/tr>\n<tr>\n<td><strong>Nymphaeion albae<\/strong><\/td>\n<td><strong>Potametalia pectinati<\/strong><\/td>\n<td><strong>Potametea pectinati<\/strong><\/td>\n<\/tr>\n<tr>\n<td>Communaut\u00e9s \u00e0 structure complexe (\u00e9l\u00e9ments flottants et submerg\u00e9s) des eaux calmes, stagnantes \u00e0 faiblement courantes, moyennement profondes (1-4 m), m\u00e9sotrophes \u00e0 eutrophes.<\/td>\n<td><\/td>\n<td>Herbiers enracin\u00e9s, \u00e0 caract\u00e8re vivace, des eaux douces (\u00e9ventuellement subsaum\u00e2tres), m\u00e9sotrophes \u00e0 eutrophes, courantes \u00e0 stagnantes.<\/td>\n<\/tr>\n<\/tbody>\n<\/table>\n<p><strong><span style=\"text-decoration: underline;\">Taxonomie :<\/span><\/strong><br \/>\n<i>Nymphoides peltata (S.G.Gmel.) Kuntze<\/i> a pour synonymes (Informations issues de la BDTFX Version 2.0, <a href=\"http:\/\/www.tela-botanica.org\" target=\"_blank\">Tela Botanica<\/a>) :<i><br \/>\n&#8211; Limnanthemum nymphoides (L.) Hoffmanns. &amp; Link<br \/>\n&#8211; Limnanthemum peltatum S.G.Gmel.<br \/>\n&#8211; Limnanthes nymphoides Stokes<br \/>\n&#8211; Limnanthes peltata (S.G.Gmel.) Gray<br \/>\n&#8211; Menyanthes natans Lam.<br \/>\n&#8211; Menyanthes nymphoides L.<br \/>\n&#8211; Nymphoides flava Druce<br \/>\n&#8211; Nymphoides orbiculata Gilib.<br \/>\n&#8211; Schweyckerta nymphoides (L.) C.C.Gmel.<br \/>\n&#8211; Villarsia nymphoides Vent.<br \/>\n&#8211; Walldschmidia nymphoides (L) F.H.Wigg.<br \/>\n<\/i><br \/>\n<strong><span style=\"text-decoration: underline;\">Bibliographie :<\/span><\/strong><\/p>\n<ul>\n<li>Atlas de la flore d&rsquo;Auvergne ; P. Antonetti, E. Brugel, F. Kessler, J-P. Barbe, M. Tort ; Editions Biotope 2006<\/li>\n<li>Atlas de la flore sauvage de Bourgogne ; O. Bardet, E. F\u00e9doroff, G. Causse, J. Moret ; Editions Biotope 2008<\/li>\n<li>Atlas de la flore sauvage du d\u00e9partement de la Sarthe ; G. Hunault, J. Moret ; Editions Biotope 2009<\/li>\n<li>Atlas de la flore sauvage du d\u00e9partement d&rsquo;Eure-et-Loir ; R. Dupr\u00e9, P. Boudier, P. Delahaye, M. Joly, J. Cordier, J. Moret ; Editions Biotope 2009<\/li>\n<li>Atlas de la flore sauvage du d\u00e9partement du Loiret ; D. Pujol, J. Cordier, J. Moret ; Editions Biotope 2008<\/li>\n<li>Atlas floristique de la Loire-Atlantique et de la Vend\u00e9e ; P. Dupont ; Editions Silo\u00eb 2001<\/li>\n<li>Flora helvetica ; K. Lauber, G. Wagner, A. Gigax, E. Geller ; Editions Belin 2012<\/li>\n<li>Flore de France ; H. Coste ; Librairie des sciences et des Arts 1937<\/li>\n<li>Flore de la Dr\u00f4me, Atlas \u00e9cologique et floristique ; L. Garraud ; Conservatoire botanique national alpin de Gap-Charance 2003<\/li>\n<li>Flore d&rsquo;Ile de France ; P. Jauzein, O. Nawrot ; Editions Quae 2011<\/li>\n<li>Flore d&rsquo;Ile de France &#8211; cl\u00e9s de d\u00e9termination, taxonomie et statuts ; P. Jauzein, O. Nawrot ; Editions Quae 2013<\/li>\n<li>Flore vasculaire de Basse-Normandie ; M. Provost ; Presses universitaires de Caen 1998<\/li>\n<li>La flore d\u2019Ille et vilaine ; L. Diard ; Editions Silo\u00eb 2005<\/li>\n<li>La flore de la Mayenne ; C. David, M. G\u00e9rard, H. Hubert, B. Jarri, Y. de Labarre, M. Ravet ; Editions Silo\u00eb 2009<\/li>\n<li>La flore des C\u00f4tes d\u2019Armor ; D. Philippon, R. Preli, L. Poux ; Editions Silo\u00eb 2006<\/li>\n<li>La flore du d\u00e9partement de Vaucluse ; B. Girerd ; Editions Barth\u00e9l\u00e9my 1993<\/li>\n<li>La flore du Morbihan ; G. Rivi\u00e8re ; Editions Silo\u00eb 2007<\/li>\n<li>Les quatre flores de France ; P. Fournier ; Editions Lechevalier 1961<\/li>\n<li>Nouvelle flore de la Belgique, du G.-D. de Luxembourg, du Nord de la France et des r\u00e9gions voisines (5\u00e8me \u00e9dition) ; J. Lambinon, L. Delvosalle, J. Duvigneaud ; Edition du jardin botanique national de Belgique 2008<\/li>\n<\/ul>\n","protected":false},"excerpt":{"rendered":"<p>Une fiche plus r&eacute;cente existe, vous pouvez la consulter ICI Nom : Nymphoides peltata (S.G.Gmel.) Kuntze ( Faux n\u00e9nuphar ) Autre(s) nom(s) : Faux n\u00e9nuphar, Limnanth\u00e8me faux n\u00e9nuphar, Petit n\u00e9nuphar pelt\u00e9. Famille : MENYANTHACEAE Floraison : Juillet &#8211; Septembre Forme &hellip; <a href=\"https:\/\/preservons-la-nature.fr\/blog\/?p=3929\">Continuer la lecture <span class=\"meta-nav\">&rarr;<\/span><\/a><\/p>\n","protected":false},"author":1,"featured_media":0,"comment_status":"open","ping_status":"open","sticky":false,"template":"","format":"standard","meta":{"footnotes":""},"categories":[87],"tags":[113],"class_list":["post-3929","post","type-post","status-publish","format-standard","hentry","category-ficheplante","tag-menyanthaceae"],"_links":{"self":[{"href":"https:\/\/preservons-la-nature.fr\/blog\/index.php?rest_route=\/wp\/v2\/posts\/3929","targetHints":{"allow":["GET"]}}],"collection":[{"href":"https:\/\/preservons-la-nature.fr\/blog\/index.php?rest_route=\/wp\/v2\/posts"}],"about":[{"href":"https:\/\/preservons-la-nature.fr\/blog\/index.php?rest_route=\/wp\/v2\/types\/post"}],"author":[{"embeddable":true,"href":"https:\/\/preservons-la-nature.fr\/blog\/index.php?rest_route=\/wp\/v2\/users\/1"}],"replies":[{"embeddable":true,"href":"https:\/\/preservons-la-nature.fr\/blog\/index.php?rest_route=%2Fwp%2Fv2%2Fcomments&post=3929"}],"version-history":[{"count":1,"href":"https:\/\/preservons-la-nature.fr\/blog\/index.php?rest_route=\/wp\/v2\/posts\/3929\/revisions"}],"predecessor-version":[{"id":3933,"href":"https:\/\/preservons-la-nature.fr\/blog\/index.php?rest_route=\/wp\/v2\/posts\/3929\/revisions\/3933"}],"wp:attachment":[{"href":"https:\/\/preservons-la-nature.fr\/blog\/index.php?rest_route=%2Fwp%2Fv2%2Fmedia&parent=3929"}],"wp:term":[{"taxonomy":"category","embeddable":true,"href":"https:\/\/preservons-la-nature.fr\/blog\/index.php?rest_route=%2Fwp%2Fv2%2Fcategories&post=3929"},{"taxonomy":"post_tag","embeddable":true,"href":"https:\/\/preservons-la-nature.fr\/blog\/index.php?rest_route=%2Fwp%2Fv2%2Ftags&post=3929"}],"curies":[{"name":"wp","href":"https:\/\/api.w.org\/{rel}","templated":true}]}}