{"id":3923,"date":"2014-09-23T00:48:29","date_gmt":"2014-09-22T23:48:29","guid":{"rendered":"https:\/\/www.preservons-la-nature.fr\/blog\/?p=3923"},"modified":"2014-09-18T11:52:01","modified_gmt":"2014-09-18T10:52:01","slug":"malcolmia-maritima-l-r-br-giroflee-de-mahon","status":"publish","type":"post","link":"https:\/\/preservons-la-nature.fr\/blog\/?p=3923","title":{"rendered":"Malcolmia maritima (L.) R.Br. ( Girofl\u00e9e de Mahon )"},"content":{"rendered":"<p><STRONG>Une fiche plus r&eacute;cente existe, vous pouvez la consulter <a href=\"https:\/\/www.preservons-la-nature.fr\/flore\/taxon\/2892.html\">ICI<\/a><\/STRONG><div id=\"attachment_3924\" style=\"width: 543px\" class=\"wp-caption aligncenter\"><a href=\"https:\/\/www.preservons-la-nature.fr\/blog\/wp-content\/uploads\/2014\/09\/DSC00147.jpg\" target=\"_blank\"><img loading=\"lazy\" decoding=\"async\" aria-describedby=\"caption-attachment-3924\" class=\"wp-image-3924 size-large\" title=\"Malcolmia maritima (L.) R.Br. ( Girofl\u00e9e de Mahon )\" src=\"https:\/\/www.preservons-la-nature.fr\/blog\/wp-content\/uploads\/2014\/09\/DSC00147-533x800.jpg\" alt=\"Malcolmia maritima (L.) R.Br. ( Girofl\u00e9e de Mahon )\" width=\"533\" height=\"800\" srcset=\"https:\/\/preservons-la-nature.fr\/blog\/wp-content\/uploads\/2014\/09\/DSC00147-533x800.jpg 533w, https:\/\/preservons-la-nature.fr\/blog\/wp-content\/uploads\/2014\/09\/DSC00147-200x300.jpg 200w, https:\/\/preservons-la-nature.fr\/blog\/wp-content\/uploads\/2014\/09\/DSC00147.jpg 667w\" sizes=\"auto, (max-width: 533px) 100vw, 533px\" \/><\/a><p id=\"caption-attachment-3924\" class=\"wp-caption-text\">Malcolmia maritima (L.) R.Br. ( Girofl\u00e9e de Mahon )<\/p><\/div><\/p>\n<p><strong><span style=\"text-decoration: underline;\">Nom :<\/span><\/strong> <i>Malcolmia maritima (L.) R.Br.<\/i> ( Girofl\u00e9e de Mahon )<\/p>\n<p><strong><span style=\"text-decoration: underline;\">Autre(s) nom(s) :<\/span><\/strong><br \/>\nGirofl\u00e9e de Mahon.<\/p>\n<p><strong><span style=\"text-decoration: underline;\">Famille :<\/span><\/strong> BRASSICACEAE<\/p>\n<p><strong><span style=\"text-decoration: underline;\">Floraison :<\/span><\/strong> Mai &#8211; Juin<\/p>\n<p><strong><span style=\"text-decoration: underline;\">Description dans la flore de Coste :<\/span><\/strong><br \/>\nPlante annuelle, d&rsquo;un vert cendr\u00e9 ; tige de 10-30 cm, dress\u00e9e, flexueuse, \u00e0 rameaux \u00e9tal\u00e9s-dress\u00e9s ; feuilles obovales ou oblongues, enti\u00e8res ou dentel\u00e9es ; fleurs violettes, grandes ; s\u00e9pales lat\u00e9raux bossus \u00e0 la base, 3-4 fois plus longs que le p\u00e9dicelle ; p\u00e9tales obovales, \u00e0 limbe plus court que l&rsquo;onglet ; style allong\u00e9, persistant, \u00e0 lames du stigmate atteignant presque sa base; grappe fructif\u00e8re l\u00e2che, flexueuse ; siliques gr\u00eales, droites ou arqu\u00e9es, \u00e0 cloison mince, \u00e0 poils en navette.<\/p>\n<div id=\"attachment_3926\" style=\"width: 543px\" class=\"wp-caption aligncenter\"><a href=\"https:\/\/www.preservons-la-nature.fr\/blog\/wp-content\/uploads\/2014\/09\/DSC00149.jpg\" target=\"_blank\"><img loading=\"lazy\" decoding=\"async\" aria-describedby=\"caption-attachment-3926\" class=\"wp-image-3926 size-large\" title=\"Malcolmia maritima (L.) R.Br. ( Girofl\u00e9e de Mahon )\" src=\"https:\/\/www.preservons-la-nature.fr\/blog\/wp-content\/uploads\/2014\/09\/DSC00149-533x800.jpg\" alt=\"Malcolmia maritima (L.) R.Br. ( Girofl\u00e9e de Mahon )\" width=\"533\" height=\"800\" srcset=\"https:\/\/preservons-la-nature.fr\/blog\/wp-content\/uploads\/2014\/09\/DSC00149-533x800.jpg 533w, https:\/\/preservons-la-nature.fr\/blog\/wp-content\/uploads\/2014\/09\/DSC00149-200x300.jpg 200w, https:\/\/preservons-la-nature.fr\/blog\/wp-content\/uploads\/2014\/09\/DSC00149.jpg 667w\" sizes=\"auto, (max-width: 533px) 100vw, 533px\" \/><\/a><p id=\"caption-attachment-3926\" class=\"wp-caption-text\">Malcolmia maritima (L.) R.Br. ( Girofl\u00e9e de Mahon )<\/p><\/div>\n<p><strong><span style=\"text-decoration: underline;\">Pr\u00e9sent dans le(s) d\u00e9partement(s) suivant(s) :<\/span><\/strong><br \/>\nAlpes-Maritimes, Bouches-du-Rh\u00f4ne, Ille-et-Vilaine, Var.<\/p>\n<div id=\"attachment_3927\" style=\"width: 610px\" class=\"wp-caption aligncenter\"><a href=\"https:\/\/www.preservons-la-nature.fr\/blog\/wp-content\/uploads\/2014\/09\/carte17.jpg\"><img loading=\"lazy\" decoding=\"async\" aria-describedby=\"caption-attachment-3927\" class=\"size-full wp-image-3927\" src=\"https:\/\/www.preservons-la-nature.fr\/blog\/wp-content\/uploads\/2014\/09\/carte17.jpg\" alt=\"R\u00e9partition de Malcolmia maritima (L.) R.Br. ( Girofl\u00e9e de Mahon )\" width=\"600\" height=\"600\" srcset=\"https:\/\/preservons-la-nature.fr\/blog\/wp-content\/uploads\/2014\/09\/carte17.jpg 600w, https:\/\/preservons-la-nature.fr\/blog\/wp-content\/uploads\/2014\/09\/carte17-150x150.jpg 150w, https:\/\/preservons-la-nature.fr\/blog\/wp-content\/uploads\/2014\/09\/carte17-300x300.jpg 300w\" sizes=\"auto, (max-width: 600px) 100vw, 600px\" \/><\/a><p id=\"caption-attachment-3927\" class=\"wp-caption-text\">R\u00e9partition de Malcolmia maritima (L.) R.Br. ( Girofl\u00e9e de Mahon )<\/p><\/div>\n<p><strong><span style=\"text-decoration: underline;\">R\u00e9partition mondiale :<\/span><\/strong><br \/>\nOn la retrouve au sud de l&rsquo;Europe.<\/p>\n<p><strong><span style=\"text-decoration: underline;\">Taxonomie :<\/span><\/strong><br \/>\n<i>Malcolmia maritima (L.) R.Br.<\/i> a pour synonymes (Informations issues de la BDTFX Version 2.0, <a href=\"http:\/\/www.tela-botanica.org\" target=\"_blank\">Tela Botanica<\/a>) :<i><br \/>\n&#8211; Cheiranthus maritimus L.<br \/>\n&#8211; Crucifera malcolmia (L.) E.H.L.Krause<br \/>\n&#8211; Hesperis maritima (L.) Desf.<br \/>\n&#8211; Hesperis maritima Lam.<br \/>\n&#8211; Wilckia maritima (L.) Hal\u00e1csy<br \/>\n<\/i><br \/>\n<strong><span style=\"text-decoration: underline;\">Bibliographie :<\/span><\/strong><\/p>\n<ul>\n<li>Flore de France ; H. Coste ; Librairie des sciences et des Arts 1937<\/li>\n<li>Guide de la flore des Alpes-Maritimes, du Mercantour \u00e0 la M\u00e9diterran\u00e9e ; L. Carles, L. Th\u00e9bault ; Giletta Nice-Matin 2010<\/li>\n<li>La flore d\u2019Ille et vilaine ; L. Diard ; Editions Silo\u00eb 2005<\/li>\n<li>Les quatre flores de France ; P. Fournier ; Editions Lechevalier 1961<\/li>\n<li>Nouvelle flore de la Belgique, du G.-D. de Luxembourg, du Nord de la France et des r\u00e9gions voisines (5\u00e8me \u00e9dition) ; J. Lambinon, L. Delvosalle, J. Duvigneaud ; Edition du jardin botanique national de Belgique 2008<\/li>\n<\/ul>\n","protected":false},"excerpt":{"rendered":"<p>Une fiche plus r&eacute;cente existe, vous pouvez la consulter ICI Nom : Malcolmia maritima (L.) R.Br. ( Girofl\u00e9e de Mahon ) Autre(s) nom(s) : Girofl\u00e9e de Mahon. Famille : BRASSICACEAE Floraison : Mai &#8211; Juin Description dans la flore de &hellip; <a href=\"https:\/\/preservons-la-nature.fr\/blog\/?p=3923\">Continuer la lecture <span class=\"meta-nav\">&rarr;<\/span><\/a><\/p>\n","protected":false},"author":1,"featured_media":0,"comment_status":"open","ping_status":"open","sticky":false,"template":"","format":"standard","meta":{"footnotes":""},"categories":[87],"tags":[26],"class_list":["post-3923","post","type-post","status-publish","format-standard","hentry","category-ficheplante","tag-brassicacees"],"_links":{"self":[{"href":"https:\/\/preservons-la-nature.fr\/blog\/index.php?rest_route=\/wp\/v2\/posts\/3923","targetHints":{"allow":["GET"]}}],"collection":[{"href":"https:\/\/preservons-la-nature.fr\/blog\/index.php?rest_route=\/wp\/v2\/posts"}],"about":[{"href":"https:\/\/preservons-la-nature.fr\/blog\/index.php?rest_route=\/wp\/v2\/types\/post"}],"author":[{"embeddable":true,"href":"https:\/\/preservons-la-nature.fr\/blog\/index.php?rest_route=\/wp\/v2\/users\/1"}],"replies":[{"embeddable":true,"href":"https:\/\/preservons-la-nature.fr\/blog\/index.php?rest_route=%2Fwp%2Fv2%2Fcomments&post=3923"}],"version-history":[{"count":1,"href":"https:\/\/preservons-la-nature.fr\/blog\/index.php?rest_route=\/wp\/v2\/posts\/3923\/revisions"}],"predecessor-version":[{"id":3928,"href":"https:\/\/preservons-la-nature.fr\/blog\/index.php?rest_route=\/wp\/v2\/posts\/3923\/revisions\/3928"}],"wp:attachment":[{"href":"https:\/\/preservons-la-nature.fr\/blog\/index.php?rest_route=%2Fwp%2Fv2%2Fmedia&parent=3923"}],"wp:term":[{"taxonomy":"category","embeddable":true,"href":"https:\/\/preservons-la-nature.fr\/blog\/index.php?rest_route=%2Fwp%2Fv2%2Fcategories&post=3923"},{"taxonomy":"post_tag","embeddable":true,"href":"https:\/\/preservons-la-nature.fr\/blog\/index.php?rest_route=%2Fwp%2Fv2%2Ftags&post=3923"}],"curies":[{"name":"wp","href":"https:\/\/api.w.org\/{rel}","templated":true}]}}