{"id":3919,"date":"2014-09-22T00:46:29","date_gmt":"2014-09-21T23:46:29","guid":{"rendered":"https:\/\/www.preservons-la-nature.fr\/blog\/?p=3919"},"modified":"2014-09-18T11:47:31","modified_gmt":"2014-09-18T10:47:31","slug":"lysimachia-maritima-l-galasso-banfi-soldano-herbe-au-lait","status":"publish","type":"post","link":"https:\/\/preservons-la-nature.fr\/blog\/?p=3919","title":{"rendered":"Lysimachia maritima (L.) Galasso, Banfi &#038; Soldano ( Herbe au lait )"},"content":{"rendered":"<p><STRONG>Une fiche plus r&eacute;cente existe, vous pouvez la consulter <a href=\"https:\/\/www.preservons-la-nature.fr\/flore\/taxon\/4373.html\">ICI<\/a><\/STRONG><div id=\"attachment_3920\" style=\"width: 543px\" class=\"wp-caption aligncenter\"><a href=\"https:\/\/www.preservons-la-nature.fr\/blog\/wp-content\/uploads\/2014\/09\/DSC09600.jpg\" target=\"_blank\"><img loading=\"lazy\" decoding=\"async\" aria-describedby=\"caption-attachment-3920\" class=\"wp-image-3920 size-large\" title=\"Lysimachia maritima (L.) Galasso, Banfi &amp; Soldano ( Herbe au lait )\" src=\"https:\/\/www.preservons-la-nature.fr\/blog\/wp-content\/uploads\/2014\/09\/DSC09600-533x800.jpg\" alt=\"Lysimachia maritima (L.) Galasso, Banfi &amp; Soldano ( Herbe au lait )\" width=\"533\" height=\"800\" srcset=\"https:\/\/preservons-la-nature.fr\/blog\/wp-content\/uploads\/2014\/09\/DSC09600-533x800.jpg 533w, https:\/\/preservons-la-nature.fr\/blog\/wp-content\/uploads\/2014\/09\/DSC09600-200x300.jpg 200w, https:\/\/preservons-la-nature.fr\/blog\/wp-content\/uploads\/2014\/09\/DSC09600.jpg 667w\" sizes=\"auto, (max-width: 533px) 100vw, 533px\" \/><\/a><p id=\"caption-attachment-3920\" class=\"wp-caption-text\">Lysimachia maritima (L.) Galasso, Banfi &amp; Soldano ( Herbe au lait )<\/p><\/div><\/p>\n<p><strong><span style=\"text-decoration: underline;\">Nom :<\/span><\/strong> <i>Lysimachia maritima (L.) Galasso, Banfi &amp; Soldano<\/i> ( Herbe au lait )<\/p>\n<p><strong><span style=\"text-decoration: underline;\">Autre(s) nom(s) :<\/span><\/strong><br \/>\nGlaux maritime, Herbe au lait.<\/p>\n<p><strong><span style=\"text-decoration: underline;\">Famille :<\/span><\/strong> PRIMULACEAE<\/p>\n<p><strong><span style=\"text-decoration: underline;\">Floraison :<\/span><\/strong> Mai &#8211; Septembre<\/p>\n<p><strong><span style=\"text-decoration: underline;\">Protection :<\/span><\/strong><br \/>\n&#8211; Liste des esp\u00e8ces v\u00e9g\u00e9tales prot\u00e9g\u00e9es en r\u00e9gion Auvergne Article 1 (1990)<\/p>\n<p><strong><span style=\"text-decoration: underline;\">Description dans la flore de Coste :<\/span><\/strong><br \/>\nPlante de 5-25 cm, un peu charnue, glabre et glauque, \u00e0 souche rouge\u00e2tre, longuement rampante-stolonif\u00e8re ; tiges d\u00e9combantes, rameuses, tr\u00e8s feuill\u00e9es ; feuilles oppos\u00e9es, sessiles, oblongues, enti\u00e8res, d\u00e9passant les entrenoeuds ; fleurs d&rsquo;un blanc ros\u00e9, petites, axillaires, solitaires, sessiles, formant de longs \u00e9pis feuilles ; calice p\u00e9talo\u00efde, en cloche, \u00e0 5 lobes ovales-obtus ; corolle nulle ; 5 \u00e9tamines, ins\u00e9r\u00e9es au fond du calice et alternes avec ses lobes ; style filiforme, stigmate en t\u00eate ; capsule ovo\u00efde-aigu\u00eb, \u00e0 5 valves et \u00e0 environ 5 graines trigones.<\/p>\n<p><strong><span style=\"text-decoration: underline;\">Pr\u00e9sent dans le(s) d\u00e9partement(s) suivant(s) :<\/span><\/strong><br \/>\nAllier, Calvados, Cantal, Charente-Maritime, C\u00f4tes-d&rsquo;Armor, Eure, Finist\u00e8re, Gironde, Haute-Loire, Ille-et-Vilaine, Loire-Atlantique, Manche, Morbihan, Nord, Oise, Pas-de-Calais, Puy-de-D\u00f4me, Pyr\u00e9n\u00e9es-Atlantiques, Seine-Maritime, Somme, Vend\u00e9e.<\/p>\n<div id=\"attachment_3921\" style=\"width: 610px\" class=\"wp-caption aligncenter\"><a href=\"https:\/\/www.preservons-la-nature.fr\/blog\/wp-content\/uploads\/2014\/09\/carte16.jpg\"><img loading=\"lazy\" decoding=\"async\" aria-describedby=\"caption-attachment-3921\" class=\"size-full wp-image-3921\" src=\"https:\/\/www.preservons-la-nature.fr\/blog\/wp-content\/uploads\/2014\/09\/carte16.jpg\" alt=\"R\u00e9partition de Lysimachia maritima (L.) Galasso, Banfi &amp; Soldano ( Herbe au lait )\" width=\"600\" height=\"600\" srcset=\"https:\/\/preservons-la-nature.fr\/blog\/wp-content\/uploads\/2014\/09\/carte16.jpg 600w, https:\/\/preservons-la-nature.fr\/blog\/wp-content\/uploads\/2014\/09\/carte16-150x150.jpg 150w, https:\/\/preservons-la-nature.fr\/blog\/wp-content\/uploads\/2014\/09\/carte16-300x300.jpg 300w\" sizes=\"auto, (max-width: 600px) 100vw, 600px\" \/><\/a><p id=\"caption-attachment-3921\" class=\"wp-caption-text\">R\u00e9partition de Lysimachia maritima (L.) Galasso, Banfi &amp; Soldano ( Herbe au lait )<\/p><\/div>\n<p><strong><span style=\"text-decoration: underline;\">Phytosociologie :<\/span><\/strong><i><\/i><\/p>\n<table>\n<tbody>\n<tr>\n<td>Alliance<\/td>\n<td>Ordre<\/td>\n<td>Classe<\/td>\n<\/tr>\n<tr>\n<td><strong>Armerion maritimae<\/strong><\/td>\n<td><strong>Glauco maritimae-Puccinellietalia maritimae<\/strong><\/td>\n<td><strong>Asteretea tripolii<\/strong><\/td>\n<\/tr>\n<tr>\n<td>Communaut\u00e9s des niveaux sup\u00e9rieurs et hauts de schorre.<\/td>\n<td>Prairies sal\u00e9es des c\u00f4tes atlantiques europ\u00e9ennes (cantabro- \u00e0 bor\u00e9oatlantiques), plus accessoirement des bassins salif\u00e8res subatlantiques.<\/td>\n<td>V\u00e9g\u00e9tation des \u00ab\u00a0pr\u00e9s sal\u00e9s\u00a0\u00bb atlantiques \u00e0 dominance d\u2019h\u00e9micryptophytes et des pelouses a\u00e9rohalines des falaises.<\/td>\n<\/tr>\n<\/tbody>\n<\/table>\n<table>\n<tbody>\n<tr>\n<td>Alliance<\/td>\n<td>Ordre<\/td>\n<td>Classe<\/td>\n<\/tr>\n<tr>\n<td><strong>Glauco maritimae-Juncion maritimi<\/strong><\/td>\n<td><strong>Glauco maritimae-Puccinellietalia maritimae<\/strong><\/td>\n<td><strong>Asteretea tripolii<\/strong><\/td>\n<\/tr>\n<tr>\n<td>Irradiation atlantique en milieu saum\u00e2tre des Juncetalia maritimi.<\/td>\n<td>Prairies sal\u00e9es des c\u00f4tes atlantiques europ\u00e9ennes (cantabro- \u00e0 bor\u00e9oatlantiques), plus accessoirement des bassins salif\u00e8res subatlantiques.<\/td>\n<td>V\u00e9g\u00e9tation des \u00ab\u00a0pr\u00e9s sal\u00e9s\u00a0\u00bb atlantiques \u00e0 dominance d\u2019h\u00e9micryptophytes et des pelouses a\u00e9rohalines des falaises.<\/td>\n<\/tr>\n<\/tbody>\n<\/table>\n<table>\n<tbody>\n<tr>\n<td>Alliance<\/td>\n<td>Ordre<\/td>\n<td>Classe<\/td>\n<\/tr>\n<tr>\n<td><strong>Loto tenuis-Trifolion fragiferi<\/strong><\/td>\n<td><strong>Potentillo anserinae-Polygonetalia avicularis<\/strong><\/td>\n<td><strong>Agrostietea stoloniferae<\/strong><\/td>\n<\/tr>\n<tr>\n<td>Communaut\u00e9s littorales, l\u00e9g\u00e8rement halophiles.<\/td>\n<td>Prairies eurosib\u00e9riennes subissant des inondations de courte dur\u00e9e.<\/td>\n<td>V\u00e9g\u00e9tation prairiale des sols engorg\u00e9s ou inondables, essentiellement min\u00e9raux, m\u00e9sotrophes \u00e0 eutrophes.<\/td>\n<\/tr>\n<\/tbody>\n<\/table>\n<table>\n<tbody>\n<tr>\n<td>Alliance<\/td>\n<td>Ordre<\/td>\n<td>Classe<\/td>\n<\/tr>\n<tr>\n<td><strong>Molinio arundinaceae-Holoschoenion vulgaris<\/strong><\/td>\n<td><strong>Holoschoenetalia vulgaris<\/strong><\/td>\n<td><strong>Molinio caeruleae-Juncetea acutiflori<\/strong><\/td>\n<\/tr>\n<tr>\n<td>Communaut\u00e9s \u00e9lev\u00e9es m\u00e9sohygrophiles m\u00e9ridionales.<\/td>\n<td>Communaut\u00e9s m\u00e9diterran\u00e9ennes.<\/td>\n<td>Prairies hygrophiles \u00e0 m\u00e9sohygrophiles, sur sol oligotrophe \u00e0 m\u00e9sotrophe.<\/td>\n<\/tr>\n<\/tbody>\n<\/table>\n<table>\n<tbody>\n<tr>\n<td>Alliance<\/td>\n<td>Ordre<\/td>\n<td>Classe<\/td>\n<\/tr>\n<tr>\n<td><strong>Puccinellion maritimae<\/strong><\/td>\n<td><strong>Glauco maritimae-Puccinellietalia maritimae<\/strong><\/td>\n<td><strong>Asteretea tripolii<\/strong><\/td>\n<\/tr>\n<tr>\n<td>Communaut\u00e9s sal\u00e9es des schorres inf\u00e9rieurs \u00e0 moyens.<\/td>\n<td>Prairies sal\u00e9es des c\u00f4tes atlantiques europ\u00e9ennes (cantabro- \u00e0 bor\u00e9oatlantiques), plus accessoirement des bassins salif\u00e8res subatlantiques.<\/td>\n<td>V\u00e9g\u00e9tation des \u00ab\u00a0pr\u00e9s sal\u00e9s\u00a0\u00bb atlantiques \u00e0 dominance d\u2019h\u00e9micryptophytes et des pelouses a\u00e9rohalines des falaises.<\/td>\n<\/tr>\n<\/tbody>\n<\/table>\n<p><strong><span style=\"text-decoration: underline;\">Taxonomie :<\/span><\/strong><br \/>\n<i>Lysimachia maritima (L.) Galasso, Banfi &amp; Soldano<\/i> a pour synonymes (Informations issues de la BDTFX Version 2.0, <a href=\"http:\/\/www.tela-botanica.org\" target=\"_blank\">Tela Botanica<\/a>) :<i><br \/>\n&#8211; Glaucoides maritima (L.) Lunell<br \/>\n&#8211; Glaux maritima L.<br \/>\n&#8211; Vroedea maritima (L.) Bubani<br \/>\n<\/i><br \/>\n<strong><span style=\"text-decoration: underline;\">Bibliographie :<\/span><\/strong><\/p>\n<ul>\n<li>Atlas de la flore d&rsquo;Auvergne ; P. Antonetti, E. Brugel, F. Kessler, J-P. Barbe, M. Tort ; Editions Biotope 2006<\/li>\n<li>Atlas floristique de la Loire-Atlantique et de la Vend\u00e9e ; P. Dupont ; Editions Silo\u00eb 2001<\/li>\n<li>Flore de France ; H. Coste ; Librairie des sciences et des Arts 1937<\/li>\n<li>Flore vasculaire de Basse-Normandie ; M. Provost ; Presses universitaires de Caen 1998<\/li>\n<li>Guide de la flore de Haute-Loire Tome 1 et 2 ; M. Tort, P. Antonetti, B. Belin, R. Portal ; Editions Jeanne d&rsquo;Arc 2010<\/li>\n<li>La flore d\u2019Ille et vilaine ; L. Diard ; Editions Silo\u00eb 2005<\/li>\n<li>La flore des C\u00f4tes d\u2019Armor ; D. Philippon, R. Preli, L. Poux ; Editions Silo\u00eb 2006<\/li>\n<li>La flore du Finist\u00e8re ; E. Qu\u00e9r\u00e9, S. Magnanon, R. Ragot, L. Gager, F. Hardy ; Editions Silo\u00eb 2009<\/li>\n<li>La flore du Morbihan ; G. Rivi\u00e8re ; Editions Silo\u00eb 2007<\/li>\n<li>Les quatre flores de France ; P. Fournier ; Editions Lechevalier 1961<\/li>\n<li>Nouvelle flore de la Belgique, du G.-D. de Luxembourg, du Nord de la France et des r\u00e9gions voisines (5\u00e8me \u00e9dition) ; J. Lambinon, L. Delvosalle, J. Duvigneaud ; Edition du jardin botanique national de Belgique 2008<\/li>\n<\/ul>\n","protected":false},"excerpt":{"rendered":"<p>Une fiche plus r&eacute;cente existe, vous pouvez la consulter ICI Nom : Lysimachia maritima (L.) Galasso, Banfi &amp; Soldano ( Herbe au lait ) Autre(s) nom(s) : Glaux maritime, Herbe au lait. Famille : PRIMULACEAE Floraison : Mai &#8211; Septembre &hellip; <a href=\"https:\/\/preservons-la-nature.fr\/blog\/?p=3919\">Continuer la lecture <span class=\"meta-nav\">&rarr;<\/span><\/a><\/p>\n","protected":false},"author":1,"featured_media":0,"comment_status":"open","ping_status":"open","sticky":false,"template":"","format":"standard","meta":{"footnotes":""},"categories":[87],"tags":[86],"class_list":["post-3919","post","type-post","status-publish","format-standard","hentry","category-ficheplante","tag-primulacees"],"_links":{"self":[{"href":"https:\/\/preservons-la-nature.fr\/blog\/index.php?rest_route=\/wp\/v2\/posts\/3919","targetHints":{"allow":["GET"]}}],"collection":[{"href":"https:\/\/preservons-la-nature.fr\/blog\/index.php?rest_route=\/wp\/v2\/posts"}],"about":[{"href":"https:\/\/preservons-la-nature.fr\/blog\/index.php?rest_route=\/wp\/v2\/types\/post"}],"author":[{"embeddable":true,"href":"https:\/\/preservons-la-nature.fr\/blog\/index.php?rest_route=\/wp\/v2\/users\/1"}],"replies":[{"embeddable":true,"href":"https:\/\/preservons-la-nature.fr\/blog\/index.php?rest_route=%2Fwp%2Fv2%2Fcomments&post=3919"}],"version-history":[{"count":1,"href":"https:\/\/preservons-la-nature.fr\/blog\/index.php?rest_route=\/wp\/v2\/posts\/3919\/revisions"}],"predecessor-version":[{"id":3922,"href":"https:\/\/preservons-la-nature.fr\/blog\/index.php?rest_route=\/wp\/v2\/posts\/3919\/revisions\/3922"}],"wp:attachment":[{"href":"https:\/\/preservons-la-nature.fr\/blog\/index.php?rest_route=%2Fwp%2Fv2%2Fmedia&parent=3919"}],"wp:term":[{"taxonomy":"category","embeddable":true,"href":"https:\/\/preservons-la-nature.fr\/blog\/index.php?rest_route=%2Fwp%2Fv2%2Fcategories&post=3919"},{"taxonomy":"post_tag","embeddable":true,"href":"https:\/\/preservons-la-nature.fr\/blog\/index.php?rest_route=%2Fwp%2Fv2%2Ftags&post=3919"}],"curies":[{"name":"wp","href":"https:\/\/api.w.org\/{rel}","templated":true}]}}