{"id":3914,"date":"2014-09-21T00:35:51","date_gmt":"2014-09-20T23:35:51","guid":{"rendered":"https:\/\/www.preservons-la-nature.fr\/blog\/?p=3914"},"modified":"2014-09-18T11:43:09","modified_gmt":"2014-09-18T10:43:09","slug":"galatella-sedifolia-l-greuter-aster-a-feuille-dorpin","status":"publish","type":"post","link":"https:\/\/preservons-la-nature.fr\/blog\/?p=3914","title":{"rendered":"Galatella sedifolia (L.) Greuter ( Aster \u00e0 feuille d&rsquo;orpin )"},"content":{"rendered":"<p><STRONG>Une fiche plus r&eacute;cente existe, vous pouvez la consulter <a href=\"https:\/\/www.preservons-la-nature.fr\/flore\/taxon\/4370.html\">ICI<\/a><\/STRONG><div id=\"attachment_3915\" style=\"width: 543px\" class=\"wp-caption aligncenter\"><a href=\"https:\/\/www.preservons-la-nature.fr\/blog\/wp-content\/uploads\/2014\/09\/DSC00321.jpg\" target=\"_blank\"><img loading=\"lazy\" decoding=\"async\" aria-describedby=\"caption-attachment-3915\" class=\"wp-image-3915 size-large\" title=\"Galatella sedifolia (L.) Greuter ( Aster \u00e0 feuille d'orpin )\" src=\"https:\/\/www.preservons-la-nature.fr\/blog\/wp-content\/uploads\/2014\/09\/DSC00321-533x800.jpg\" alt=\"Galatella sedifolia (L.) Greuter ( Aster \u00e0 feuille d'orpin )\" width=\"533\" height=\"800\" srcset=\"https:\/\/preservons-la-nature.fr\/blog\/wp-content\/uploads\/2014\/09\/DSC00321-533x800.jpg 533w, https:\/\/preservons-la-nature.fr\/blog\/wp-content\/uploads\/2014\/09\/DSC00321-200x300.jpg 200w, https:\/\/preservons-la-nature.fr\/blog\/wp-content\/uploads\/2014\/09\/DSC00321.jpg 667w\" sizes=\"auto, (max-width: 533px) 100vw, 533px\" \/><\/a><p id=\"caption-attachment-3915\" class=\"wp-caption-text\">Galatella sedifolia (L.) Greuter ( Aster \u00e0 feuille d&rsquo;orpin )<\/p><\/div><\/p>\n<p><strong><span style=\"text-decoration: underline;\">Nom :<\/span><\/strong> <i>Galatella sedifolia (L.) Greuter<\/i> ( Aster \u00e0 feuille d&rsquo;orpin )<\/p>\n<p><strong><span style=\"text-decoration: underline;\">Autre(s) nom(s) :<\/span><\/strong><br \/>\nAster \u00e0 feuille d&rsquo;orpin, Aster \u00e2cre.<\/p>\n<p><strong><span style=\"text-decoration: underline;\">Famille :<\/span><\/strong> ASTERACEAE<\/p>\n<p><strong><span style=\"text-decoration: underline;\">Floraison :<\/span><\/strong> Septembre &#8211; Octobre<\/p>\n<p><strong><span style=\"text-decoration: underline;\">Forme biologique :<\/span><\/strong><br \/>\nH\u00e9micryptophyte.<\/p>\n<p><strong><span style=\"text-decoration: underline;\">Description dans la flore de Coste :<\/span><\/strong><br \/>\nPlante vivace de 2-5 dm, \u00e0 tige dress\u00e9e, raide, stri\u00e9e, glabre ou presque glabre, rameuse au sommet, tr\u00e8s feuill\u00e9e ; feuilles pourvues de ramuscules \u00e0 leur aisselle, fortement ponctu\u00e9es, un peu rudes, aigu\u00ebs, presque lin\u00e9aires, att\u00e9nu\u00e9es aux 2 extr\u00e9mit\u00e9s, les inf\u00e9rieures trinerv\u00e9es, les sup\u00e9rieures uninerv\u00e9es ; involucre \u00e0 folioles apprim\u00e9es, les ext\u00e9rieures lanc\u00e9ol\u00e9es, les int\u00e9rieures obtuses ; aigrette rouss\u00e2tre ; capitules tr\u00e8s nombreux en corymbe compact dont les rameaux sont charg\u00e9s de bract\u00e9oles ; ligules d&rsquo;un bleu lilas, fleurs du centre tubuleuses, jaunes.<\/p>\n<div id=\"attachment_3916\" style=\"width: 1010px\" class=\"wp-caption aligncenter\"><a href=\"https:\/\/www.preservons-la-nature.fr\/blog\/wp-content\/uploads\/2014\/09\/DSC00321-2.jpg\" target=\"_blank\"><img loading=\"lazy\" decoding=\"async\" aria-describedby=\"caption-attachment-3916\" class=\"wp-image-3916 size-full\" title=\"Galatella sedifolia (L.) Greuter ( Aster \u00e0 feuille d'orpin )\" src=\"https:\/\/www.preservons-la-nature.fr\/blog\/wp-content\/uploads\/2014\/09\/DSC00321-2.jpg\" alt=\"Galatella sedifolia (L.) Greuter ( Aster \u00e0 feuille d'orpin )\" width=\"1000\" height=\"667\" srcset=\"https:\/\/preservons-la-nature.fr\/blog\/wp-content\/uploads\/2014\/09\/DSC00321-2.jpg 1000w, https:\/\/preservons-la-nature.fr\/blog\/wp-content\/uploads\/2014\/09\/DSC00321-2-300x200.jpg 300w\" sizes=\"auto, (max-width: 1000px) 100vw, 1000px\" \/><\/a><p id=\"caption-attachment-3916\" class=\"wp-caption-text\">Galatella sedifolia (L.) Greuter ( Aster \u00e0 feuille d&rsquo;orpin )<\/p><\/div>\n<p><strong><span style=\"text-decoration: underline;\">Pr\u00e9sent dans le(s) d\u00e9partement(s) suivant(s) :<\/span><\/strong><br \/>\nAlpes-de-Haute-Provence, Alpes-Maritimes, Aude, Aveyron, Bouches-du-Rh\u00f4ne, Gard, Hautes-Alpes, H\u00e9rault, Loz\u00e8re, Pyr\u00e9n\u00e9es-Orientales, Var, Vaucluse.<\/p>\n<div id=\"attachment_3917\" style=\"width: 610px\" class=\"wp-caption aligncenter\"><a href=\"https:\/\/www.preservons-la-nature.fr\/blog\/wp-content\/uploads\/2014\/09\/carte15.jpg\"><img loading=\"lazy\" decoding=\"async\" aria-describedby=\"caption-attachment-3917\" class=\"size-full wp-image-3917\" src=\"https:\/\/www.preservons-la-nature.fr\/blog\/wp-content\/uploads\/2014\/09\/carte15.jpg\" alt=\"R\u00e9partition de Galatella sedifolia (L.) Greuter ( Aster \u00e0 feuille d'orpin )\" width=\"600\" height=\"600\" srcset=\"https:\/\/preservons-la-nature.fr\/blog\/wp-content\/uploads\/2014\/09\/carte15.jpg 600w, https:\/\/preservons-la-nature.fr\/blog\/wp-content\/uploads\/2014\/09\/carte15-150x150.jpg 150w, https:\/\/preservons-la-nature.fr\/blog\/wp-content\/uploads\/2014\/09\/carte15-300x300.jpg 300w\" sizes=\"auto, (max-width: 600px) 100vw, 600px\" \/><\/a><p id=\"caption-attachment-3917\" class=\"wp-caption-text\">R\u00e9partition de Galatella sedifolia (L.) Greuter ( Aster \u00e0 feuille d&rsquo;orpin )<\/p><\/div>\n<p><strong><span style=\"text-decoration: underline;\">Phytosociologie :<\/span><\/strong><i><\/i><\/p>\n<table>\n<tbody>\n<tr>\n<td>Classe<\/td>\n<\/tr>\n<tr>\n<td><strong>Cisto ladaniferi-Lavanduletea stoechadis<\/strong><\/td>\n<\/tr>\n<tr>\n<td>Landes thermophiles sur substrat acide, domin\u00e9es par les cham\u00e9phytes, des \u00e9tages thermo- \u00e0 supram\u00e9diterran\u00e9en.<\/td>\n<\/tr>\n<\/tbody>\n<\/table>\n<table>\n<tbody>\n<tr>\n<td>Alliance<\/td>\n<td>Ordre<\/td>\n<td>Classe<\/td>\n<\/tr>\n<tr>\n<td><strong>Helianthemo italici-Aphyllanthion monspeliensis<\/strong><\/td>\n<td><strong>Rosmarinetalia officinalis<\/strong><\/td>\n<td><strong>Rosmarinetea officinalis<\/strong><\/td>\n<\/tr>\n<tr>\n<td>Communaut\u00e9s m\u00e9so- \u00e0 supram\u00e9diterran\u00e9ennes, riches en h\u00e9micryptophytes, essentiellement languedociennes et de Provence occidentale.<\/td>\n<td>Communaut\u00e9s m\u00e9diterran\u00e9ennes sur sol neutre \u00e0 basique.<\/td>\n<td>Garrigues et formations cham\u00e9phytiques m\u00e9diterran\u00e9ennes \u00e0 m\u00e9diterran\u00e9o-atlantiques.<\/td>\n<\/tr>\n<\/tbody>\n<\/table>\n<table>\n<tbody>\n<tr>\n<td>Alliance<\/td>\n<td>Ordre<\/td>\n<td>Classe<\/td>\n<\/tr>\n<tr>\n<td><strong>Lavandulo angustifoliae-Genistion cinereae<\/strong><\/td>\n<td><strong>Ononidetalia striatae<\/strong><\/td>\n<td><strong>Festuco valesiacae-Brometea erecti<\/strong><\/td>\n<\/tr>\n<tr>\n<td>Communaut\u00e9s de garrigues et de landes supra- \u00e0 orom\u00e9diterran\u00e9ennes des Alpes m\u00e9ridionales et de Provence.<\/td>\n<td>Communaut\u00e9s x\u00e9rophiles \u00e0 m\u00e9sox\u00e9rophiles, subm\u00e9diterran\u00e9ennes, et supra- \u00e0 orom\u00e9diterran\u00e9ennes.<\/td>\n<td>Pelouses \u00e0 dominance d\u2019h\u00e9micryptophytes, parfois landines et garrigues sous climat subm\u00e9diterran\u00e9en, x\u00e9rophiles \u00e0 m\u00e9sox\u00e9rophiles, collin\u00e9ennes \u00e0 montagnardes, europ\u00e9ennes et ouest-sib\u00e9riennes, surtout sur substrats carbonat\u00e9s ou basiques.<\/td>\n<\/tr>\n<\/tbody>\n<\/table>\n<table>\n<tbody>\n<tr>\n<td>Alliance<\/td>\n<td>Ordre<\/td>\n<td>Classe<\/td>\n<\/tr>\n<tr>\n<td><strong>Quercion ilicis<\/strong><\/td>\n<td><strong>Quercetalia ilicis<\/strong><\/td>\n<td><strong>Quercetea ilicis<\/strong><\/td>\n<\/tr>\n<tr>\n<td>Communaut\u00e9s du m\u00e9diterran\u00e9en subhumide (avec irradiation thermo-atlantique).<\/td>\n<td>Communaut\u00e9s arbor\u00e9es ferm\u00e9es.<\/td>\n<td>V\u00e9g\u00e9tation arbor\u00e9e ou arbustive m\u00e9diterran\u00e9enne, souvent sempervirente et scl\u00e9rophylle.<\/td>\n<\/tr>\n<\/tbody>\n<\/table>\n<table>\n<tbody>\n<tr>\n<td>Alliance<\/td>\n<td>Ordre<\/td>\n<td>Classe<\/td>\n<\/tr>\n<tr>\n<td><strong>Quercion pubescenti-sessiliflorae<\/strong><\/td>\n<td><strong>Quercetalia pubescenti-sessiliflorae<\/strong><\/td>\n<td><strong>Querco roboris-Fagetea sylvaticae<\/strong><\/td>\n<\/tr>\n<tr>\n<td>Communaut\u00e9s supram\u00e9diterran\u00e9ennes avec irradiations septentrionales.<\/td>\n<td>Communaut\u00e9s thermophiles sous influence m\u00e9diterran\u00e9enne \u00e0 thermo-continentale.<\/td>\n<td>For\u00eats temp\u00e9r\u00e9es caducifoli\u00e9es ou mixtes, collin\u00e9ennes et montagnardes (plus rarement subalpines), ainsi que supram\u00e9diterran\u00e9ennes.<\/td>\n<\/tr>\n<\/tbody>\n<\/table>\n<table>\n<tbody>\n<tr>\n<td>Classe<\/td>\n<\/tr>\n<tr>\n<td><strong>Rosmarinetea officinalis<\/strong><\/td>\n<\/tr>\n<tr>\n<td>Garrigues et formations cham\u00e9phytiques m\u00e9diterran\u00e9ennes \u00e0 m\u00e9diterran\u00e9o-atlantiques.<\/td>\n<\/tr>\n<\/tbody>\n<\/table>\n<p><strong><span style=\"text-decoration: underline;\">Taxonomie :<\/span><\/strong><br \/>\n<i>Galatella sedifolia (L.) Greuter<\/i> a pour synonymes (Informations issues de la BDTFX Version 2.0, <a href=\"http:\/\/www.tela-botanica.org\" target=\"_blank\">Tela Botanica<\/a>) :<i><br \/>\n&#8211; Aster acris L.<br \/>\n&#8211; Aster punctatus Waldst. &amp; Kit.<br \/>\n&#8211; Aster sedifolius L.<br \/>\n<\/i><br \/>\n<strong><span style=\"text-decoration: underline;\">Sous-esp\u00e8ces ou vari\u00e9t\u00e9s :<\/span><\/strong><br \/>\n<i>&#8211; Galatella sedifolia (L.) Greuter subsp. sedifolia<br \/>\n&#8211; Galatella sedifolia subsp. dracunculoides (Lam.) Greuter<br \/>\n&#8211; Galatella sedifolia subsp. rigida (DC.) Greuter<br \/>\n<\/i><br \/>\n<strong><span style=\"text-decoration: underline;\">Bibliographie :<\/span><\/strong><\/p>\n<ul>\n<li>Atlas de la flore des Hautes-Alpes ; E. Chas ; Conservatoire botanique national alpin de Gap-Charance 1994<\/li>\n<li>Flore de France ; H. Coste ; Librairie des sciences et des Arts 1937<\/li>\n<li>Flore foresti\u00e8re fran\u00e7aise Tome 3 R\u00e9gion m\u00e9diterran\u00e9enne ; J-C. Rameau, D. Mansion, G. Dum\u00e9, C. Gauberville ; Institut pour le d\u00e9veloppement forestier 2008<\/li>\n<li>Guide de la flore des Alpes-Maritimes, du Mercantour \u00e0 la M\u00e9diterran\u00e9e ; L. Carles, L. Th\u00e9bault ; Giletta Nice-Matin 2010<\/li>\n<li>La flore du d\u00e9partement de Vaucluse ; B. Girerd ; Editions Barth\u00e9l\u00e9my 1993<\/li>\n<li>Les quatre flores de France ; P. Fournier ; Editions Lechevalier 1961<\/li>\n<\/ul>\n","protected":false},"excerpt":{"rendered":"<p>Une fiche plus r&eacute;cente existe, vous pouvez la consulter ICI Nom : Galatella sedifolia (L.) Greuter ( Aster \u00e0 feuille d&rsquo;orpin ) Autre(s) nom(s) : Aster \u00e0 feuille d&rsquo;orpin, Aster \u00e2cre. Famille : ASTERACEAE Floraison : Septembre &#8211; Octobre Forme &hellip; <a href=\"https:\/\/preservons-la-nature.fr\/blog\/?p=3914\">Continuer la lecture <span class=\"meta-nav\">&rarr;<\/span><\/a><\/p>\n","protected":false},"author":1,"featured_media":0,"comment_status":"open","ping_status":"open","sticky":false,"template":"","format":"standard","meta":{"footnotes":""},"categories":[87],"tags":[48],"class_list":["post-3914","post","type-post","status-publish","format-standard","hentry","category-ficheplante","tag-asteracees"],"_links":{"self":[{"href":"https:\/\/preservons-la-nature.fr\/blog\/index.php?rest_route=\/wp\/v2\/posts\/3914","targetHints":{"allow":["GET"]}}],"collection":[{"href":"https:\/\/preservons-la-nature.fr\/blog\/index.php?rest_route=\/wp\/v2\/posts"}],"about":[{"href":"https:\/\/preservons-la-nature.fr\/blog\/index.php?rest_route=\/wp\/v2\/types\/post"}],"author":[{"embeddable":true,"href":"https:\/\/preservons-la-nature.fr\/blog\/index.php?rest_route=\/wp\/v2\/users\/1"}],"replies":[{"embeddable":true,"href":"https:\/\/preservons-la-nature.fr\/blog\/index.php?rest_route=%2Fwp%2Fv2%2Fcomments&post=3914"}],"version-history":[{"count":1,"href":"https:\/\/preservons-la-nature.fr\/blog\/index.php?rest_route=\/wp\/v2\/posts\/3914\/revisions"}],"predecessor-version":[{"id":3918,"href":"https:\/\/preservons-la-nature.fr\/blog\/index.php?rest_route=\/wp\/v2\/posts\/3914\/revisions\/3918"}],"wp:attachment":[{"href":"https:\/\/preservons-la-nature.fr\/blog\/index.php?rest_route=%2Fwp%2Fv2%2Fmedia&parent=3914"}],"wp:term":[{"taxonomy":"category","embeddable":true,"href":"https:\/\/preservons-la-nature.fr\/blog\/index.php?rest_route=%2Fwp%2Fv2%2Fcategories&post=3914"},{"taxonomy":"post_tag","embeddable":true,"href":"https:\/\/preservons-la-nature.fr\/blog\/index.php?rest_route=%2Fwp%2Fv2%2Ftags&post=3914"}],"curies":[{"name":"wp","href":"https:\/\/api.w.org\/{rel}","templated":true}]}}