{"id":3909,"date":"2014-09-20T00:29:08","date_gmt":"2014-09-19T23:29:08","guid":{"rendered":"https:\/\/www.preservons-la-nature.fr\/blog\/?p=3909"},"modified":"2014-09-18T11:35:47","modified_gmt":"2014-09-18T10:35:47","slug":"galatella-linosyris-l-rchb-f-aster-linosyris","status":"publish","type":"post","link":"https:\/\/preservons-la-nature.fr\/blog\/?p=3909","title":{"rendered":"Galatella linosyris (L.) Rchb.f. ( Aster linosyris )"},"content":{"rendered":"<p><STRONG>Une fiche plus r&eacute;cente existe, vous pouvez la consulter <a href=\"https:\/\/www.preservons-la-nature.fr\/flore\/taxon\/478.html\">ICI<\/a><\/STRONG><div id=\"attachment_3910\" style=\"width: 1010px\" class=\"wp-caption aligncenter\"><a href=\"https:\/\/www.preservons-la-nature.fr\/blog\/wp-content\/uploads\/2014\/09\/DSC00306.jpg\" target=\"_blank\"><img loading=\"lazy\" decoding=\"async\" aria-describedby=\"caption-attachment-3910\" class=\"wp-image-3910 size-full\" title=\"Galatella linosyris (L.) Rchb.f. ( Aster linosyris )\" src=\"https:\/\/www.preservons-la-nature.fr\/blog\/wp-content\/uploads\/2014\/09\/DSC00306.jpg\" alt=\"Galatella linosyris (L.) Rchb.f. ( Aster linosyris )\" width=\"1000\" height=\"667\" srcset=\"https:\/\/preservons-la-nature.fr\/blog\/wp-content\/uploads\/2014\/09\/DSC00306.jpg 1000w, https:\/\/preservons-la-nature.fr\/blog\/wp-content\/uploads\/2014\/09\/DSC00306-300x200.jpg 300w\" sizes=\"auto, (max-width: 1000px) 100vw, 1000px\" \/><\/a><p id=\"caption-attachment-3910\" class=\"wp-caption-text\">Galatella linosyris (L.) Rchb.f. ( Aster linosyris )<\/p><\/div><\/p>\n<p><strong><span style=\"text-decoration: underline;\">Nom :<\/span><\/strong> <i>Galatella linosyris (L.) Rchb.f.<\/i> ( Aster linosyris )<\/p>\n<p><strong><span style=\"text-decoration: underline;\">Autre(s) nom(s) :<\/span><\/strong><br \/>\nAster \u00e0 feuilles d&rsquo;Osyris, Aster linosyris.<\/p>\n<p><strong><span style=\"text-decoration: underline;\">Famille :<\/span><\/strong> ASTERACEAE<\/p>\n<p><strong><span style=\"text-decoration: underline;\">Floraison :<\/span><\/strong> Septembre &#8211; Octobre<\/p>\n<p><strong><span style=\"text-decoration: underline;\">Protection :<\/span><\/strong><br \/>\n&#8211; Liste des esp\u00e8ces v\u00e9g\u00e9tales prot\u00e9g\u00e9es en r\u00e9gion Bourgogne Article 1 (1992)<br \/>\n&#8211; Liste des esp\u00e8ces v\u00e9g\u00e9tales prot\u00e9g\u00e9es en r\u00e9gion Champagne-Ardenne Article 1 (1988)<br \/>\n&#8211; Liste des esp\u00e8ces v\u00e9g\u00e9tales prot\u00e9g\u00e9es en r\u00e9gion Haute-Normandie Article 1 (1990)<br \/>\n&#8211; Liste des esp\u00e8ces v\u00e9g\u00e9tales prot\u00e9g\u00e9es en r\u00e9gion Pays-de-la-Loire Article 1 (1993)<\/p>\n<p><strong><span style=\"text-decoration: underline;\">Description dans la flore de Coste :<\/span><\/strong><br \/>\nPlante vivace ; souche un peu ligneuse \u00e0 longues fibres ; plante enti\u00e8rement glabre ; tige de 3-7 dm, simple, dress\u00e9e, gr\u00eale ; feuilles tr\u00e8s nombreuses et tr\u00e8s rapproch\u00e9es, \u00e9parses, \u00e9troitement lin\u00e9aires ; involucre \u00e0 folioles l\u00e2ches, les int\u00e9rieures oblongues, les ext\u00e9rieures lin\u00e9aires, aigu\u00ebs ; ak\u00e8nes velus, \u00e9galant la longueur des soies rouss\u00e2tres ; capitules en corymbe terminal feuille ; p\u00e9dicelles gr\u00eales, garnis de bract\u00e9oles ; fleurs d&rsquo;un beau jaune \u00e0 corolle profond\u00e9ment quinqu\u00e9fide.<\/p>\n<div id=\"attachment_3911\" style=\"width: 543px\" class=\"wp-caption aligncenter\"><a href=\"https:\/\/www.preservons-la-nature.fr\/blog\/wp-content\/uploads\/2014\/09\/DSC00314.jpg\" target=\"_blank\"><img loading=\"lazy\" decoding=\"async\" aria-describedby=\"caption-attachment-3911\" class=\"wp-image-3911 size-large\" title=\"Galatella linosyris (L.) Rchb.f. ( Aster linosyris )\" src=\"https:\/\/www.preservons-la-nature.fr\/blog\/wp-content\/uploads\/2014\/09\/DSC00314-533x800.jpg\" alt=\"Galatella linosyris (L.) Rchb.f. ( Aster linosyris )\" width=\"533\" height=\"800\" srcset=\"https:\/\/preservons-la-nature.fr\/blog\/wp-content\/uploads\/2014\/09\/DSC00314-533x800.jpg 533w, https:\/\/preservons-la-nature.fr\/blog\/wp-content\/uploads\/2014\/09\/DSC00314-200x300.jpg 200w, https:\/\/preservons-la-nature.fr\/blog\/wp-content\/uploads\/2014\/09\/DSC00314.jpg 667w\" sizes=\"auto, (max-width: 533px) 100vw, 533px\" \/><\/a><p id=\"caption-attachment-3911\" class=\"wp-caption-text\">Galatella linosyris (L.) Rchb.f. ( Aster linosyris )<\/p><\/div>\n<p><strong><span style=\"text-decoration: underline;\">Pr\u00e9sent dans le(s) d\u00e9partement(s) suivant(s) :<\/span><\/strong><br \/>\nAin, Alpes-de-Haute-Provence, Alpes-Maritimes, Ardennes, Aube, Aveyron, Bouches-du-Rh\u00f4ne, Cantal, Charente, Charente-Maritime, Cher, C\u00f4te-d&rsquo;Or, Deux-S\u00e8vres, Dordogne, Eure, Gironde, Hautes-Alpes, Haut-Rhin, Indre, Indre-et-Loire, Is\u00e8re, Loiret, Lot, Lot-et-Garonne, Maine-et-Loire, Meurthe-et-Moselle, Morbihan, Oise, Pyr\u00e9n\u00e9es-Atlantiques, Sa\u00f4ne-et-Loire, Seine-et-Marne, Seine-Maritime, Tarn, Tarn-et-Garonne, Val-d&rsquo;Oise, Var, Vaucluse, Vend\u00e9e, Yonne, Yvelines.<\/p>\n<div id=\"attachment_3912\" style=\"width: 610px\" class=\"wp-caption aligncenter\"><a href=\"https:\/\/www.preservons-la-nature.fr\/blog\/wp-content\/uploads\/2014\/09\/carte14.jpg\"><img loading=\"lazy\" decoding=\"async\" aria-describedby=\"caption-attachment-3912\" class=\"size-full wp-image-3912\" src=\"https:\/\/www.preservons-la-nature.fr\/blog\/wp-content\/uploads\/2014\/09\/carte14.jpg\" alt=\"R\u00e9partition de Galatella linosyris (L.) Rchb.f. ( Aster linosyris )\" width=\"600\" height=\"600\" srcset=\"https:\/\/preservons-la-nature.fr\/blog\/wp-content\/uploads\/2014\/09\/carte14.jpg 600w, https:\/\/preservons-la-nature.fr\/blog\/wp-content\/uploads\/2014\/09\/carte14-150x150.jpg 150w, https:\/\/preservons-la-nature.fr\/blog\/wp-content\/uploads\/2014\/09\/carte14-300x300.jpg 300w\" sizes=\"auto, (max-width: 600px) 100vw, 600px\" \/><\/a><p id=\"caption-attachment-3912\" class=\"wp-caption-text\">R\u00e9partition de Galatella linosyris (L.) Rchb.f. ( Aster linosyris )<\/p><\/div>\n<p><strong><span style=\"text-decoration: underline;\">Taxonomie :<\/span><\/strong><br \/>\n<i>Galatella linosyris (L.) Rchb.f.<\/i> a pour synonymes (Informations issues de la BDTFX Version 2.0, <a href=\"http:\/\/www.tela-botanica.org\" target=\"_blank\">Tela Botanica<\/a>) :<i><br \/>\n&#8211; Aster linosyris (L.) Bernh.<br \/>\n&#8211; Aster savii Arcang.<br \/>\n&#8211; Chrysocoma inaequata Kit. ex J\u00e1v.<br \/>\n&#8211; Chrysocoma linosyris L.<br \/>\n&#8211; Chrysocoma nuperum Gray<br \/>\n&#8211; Chrysocoma tenuifolia Salisb.<br \/>\n&#8211; Crinitaria linosyris (L.) Less.<br \/>\n&#8211; Crinitina linosyris (L.) Soj\u00e1k<br \/>\n&#8211; Erigeron linosyris (L.) Clairv.<br \/>\n&#8211; Linosyris vulgaris Cass. ex Less.<br \/>\n&#8211; Linosyris vulgaris var. minor Rouy<br \/>\n&#8211; Linosyris vulgaris var. patulus Rouy<br \/>\n<\/i><br \/>\n<strong><span style=\"text-decoration: underline;\">Sous-esp\u00e8ces ou vari\u00e9t\u00e9s :<\/span><\/strong><br \/>\n<i>&#8211; Galatella linosyris (L.) Rchb.f. var. linosyris<br \/>\n&#8211; Galatella linosyris var. armoricana (Rouy) B.Bock &amp; J.M.Tison<br \/>\n<\/i><br \/>\n<strong><span style=\"text-decoration: underline;\">Bibliographie :<\/span><\/strong><\/p>\n<ul>\n<li>Atlas de la flore d&rsquo;Auvergne ; P. Antonetti, E. Brugel, F. Kessler, J-P. Barbe, M. Tort ; Editions Biotope 2006<\/li>\n<li>Atlas de la flore de sauvage de Seine-et-Marne ; S. Filoche, F. Perriat, J. Moret, F. Hendoux ; Librairie des mus\u00e9es 2010<\/li>\n<li>Atlas de la flore des Hautes-Alpes ; E. Chas ; Conservatoire botanique national alpin de Gap-Charance 1994<\/li>\n<li>Atlas de la flore sauvage de Bourgogne ; O. Bardet, E. F\u00e9doroff, G. Causse, J. Moret ; Editions Biotope 2008<\/li>\n<li>Atlas de la flore sauvage du d\u00e9partement du Loiret ; D. Pujol, J. Cordier, J. Moret ; Editions Biotope 2008<\/li>\n<li>Atlas floristique de la Loire-Atlantique et de la Vend\u00e9e ; P. Dupont ; Editions Silo\u00eb 2001<\/li>\n<li>Flora helvetica ; K. Lauber, G. Wagner, A. Gigax, E. Geller ; Editions Belin 2012<\/li>\n<li>Flore de Dordogne ; B. B\u00e9d\u00e9 ; Soci\u00e9t\u00e9 botanique du P\u00e9rigord 2011<\/li>\n<li>Flore de France ; H. Coste ; Librairie des sciences et des Arts 1937<\/li>\n<li>Flore d&rsquo;Ile de France ; P. Jauzein, O. Nawrot ; Editions Quae 2011<\/li>\n<li>Flore d&rsquo;Ile de France &#8211; cl\u00e9s de d\u00e9termination, taxonomie et statuts ; P. Jauzein, O. Nawrot ; Editions Quae 2013<\/li>\n<li>Guide de la flore des Alpes-Maritimes, du Mercantour \u00e0 la M\u00e9diterran\u00e9e ; L. Carles, L. Th\u00e9bault ; Giletta Nice-Matin 2010<\/li>\n<li>La flore du d\u00e9partement de Vaucluse ; B. Girerd ; Editions Barth\u00e9l\u00e9my 1993<\/li>\n<li>La flore du Morbihan ; G. Rivi\u00e8re ; Editions Silo\u00eb 2007<\/li>\n<li>Les quatre flores de France ; P. Fournier ; Editions Lechevalier 1961<\/li>\n<li>Nouvelle flore de la Belgique, du G.-D. de Luxembourg, du Nord de la France et des r\u00e9gions voisines (5\u00e8me \u00e9dition) ; J. Lambinon, L. Delvosalle, J. Duvigneaud ; Edition du jardin botanique national de Belgique 2008<\/li>\n<\/ul>\n","protected":false},"excerpt":{"rendered":"<p>Une fiche plus r&eacute;cente existe, vous pouvez la consulter ICI Nom : Galatella linosyris (L.) Rchb.f. ( Aster linosyris ) Autre(s) nom(s) : Aster \u00e0 feuilles d&rsquo;Osyris, Aster linosyris. Famille : ASTERACEAE Floraison : Septembre &#8211; Octobre Protection : &#8211; &hellip; <a href=\"https:\/\/preservons-la-nature.fr\/blog\/?p=3909\">Continuer la lecture <span class=\"meta-nav\">&rarr;<\/span><\/a><\/p>\n","protected":false},"author":1,"featured_media":0,"comment_status":"open","ping_status":"open","sticky":false,"template":"","format":"standard","meta":{"footnotes":""},"categories":[87],"tags":[48],"class_list":["post-3909","post","type-post","status-publish","format-standard","hentry","category-ficheplante","tag-asteracees"],"_links":{"self":[{"href":"https:\/\/preservons-la-nature.fr\/blog\/index.php?rest_route=\/wp\/v2\/posts\/3909","targetHints":{"allow":["GET"]}}],"collection":[{"href":"https:\/\/preservons-la-nature.fr\/blog\/index.php?rest_route=\/wp\/v2\/posts"}],"about":[{"href":"https:\/\/preservons-la-nature.fr\/blog\/index.php?rest_route=\/wp\/v2\/types\/post"}],"author":[{"embeddable":true,"href":"https:\/\/preservons-la-nature.fr\/blog\/index.php?rest_route=\/wp\/v2\/users\/1"}],"replies":[{"embeddable":true,"href":"https:\/\/preservons-la-nature.fr\/blog\/index.php?rest_route=%2Fwp%2Fv2%2Fcomments&post=3909"}],"version-history":[{"count":1,"href":"https:\/\/preservons-la-nature.fr\/blog\/index.php?rest_route=\/wp\/v2\/posts\/3909\/revisions"}],"predecessor-version":[{"id":3913,"href":"https:\/\/preservons-la-nature.fr\/blog\/index.php?rest_route=\/wp\/v2\/posts\/3909\/revisions\/3913"}],"wp:attachment":[{"href":"https:\/\/preservons-la-nature.fr\/blog\/index.php?rest_route=%2Fwp%2Fv2%2Fmedia&parent=3909"}],"wp:term":[{"taxonomy":"category","embeddable":true,"href":"https:\/\/preservons-la-nature.fr\/blog\/index.php?rest_route=%2Fwp%2Fv2%2Fcategories&post=3909"},{"taxonomy":"post_tag","embeddable":true,"href":"https:\/\/preservons-la-nature.fr\/blog\/index.php?rest_route=%2Fwp%2Fv2%2Ftags&post=3909"}],"curies":[{"name":"wp","href":"https:\/\/api.w.org\/{rel}","templated":true}]}}