{"id":3898,"date":"2014-09-18T07:42:05","date_gmt":"2014-09-18T06:42:05","guid":{"rendered":"https:\/\/www.preservons-la-nature.fr\/blog\/?p=3898"},"modified":"2014-09-18T07:44:52","modified_gmt":"2014-09-18T06:44:52","slug":"artemisia-alba-turra-armoise-blanche","status":"publish","type":"post","link":"https:\/\/preservons-la-nature.fr\/blog\/?p=3898","title":{"rendered":"Artemisia alba Turra ( Armoise blanche )"},"content":{"rendered":"<p><STRONG>Une fiche plus r&eacute;cente existe, vous pouvez la consulter <a href=\"https:\/\/www.preservons-la-nature.fr\/flore\/taxon\/1690.html\">ICI<\/a><\/STRONG><div id=\"attachment_3899\" style=\"width: 543px\" class=\"wp-caption aligncenter\"><a href=\"https:\/\/www.preservons-la-nature.fr\/blog\/wp-content\/uploads\/2014\/09\/DSC00154.jpg\" target=\"_blank\"><img loading=\"lazy\" decoding=\"async\" aria-describedby=\"caption-attachment-3899\" class=\"wp-image-3899 size-large\" title=\"Artemisia alba Turra ( Armoise blanche )\" src=\"https:\/\/www.preservons-la-nature.fr\/blog\/wp-content\/uploads\/2014\/09\/DSC00154-533x800.jpg\" alt=\"Artemisia alba Turra ( Armoise blanche )\" width=\"533\" height=\"800\" srcset=\"https:\/\/preservons-la-nature.fr\/blog\/wp-content\/uploads\/2014\/09\/DSC00154-533x800.jpg 533w, https:\/\/preservons-la-nature.fr\/blog\/wp-content\/uploads\/2014\/09\/DSC00154-200x300.jpg 200w, https:\/\/preservons-la-nature.fr\/blog\/wp-content\/uploads\/2014\/09\/DSC00154.jpg 667w\" sizes=\"auto, (max-width: 533px) 100vw, 533px\" \/><\/a><p id=\"caption-attachment-3899\" class=\"wp-caption-text\">Artemisia alba Turra ( Armoise blanche )<\/p><\/div><br \/>\n<strong><span style=\"text-decoration: underline;\">Nom :<\/span><\/strong> <i>Artemisia alba Turra<\/i> ( Armoise blanche )<\/p>\n<p><strong><span style=\"text-decoration: underline;\">Autre(s) nom(s) :<\/span><\/strong><br \/>\nArmoise blanche, Armoise camphr\u00e9e.<\/p>\n<p><strong><span style=\"text-decoration: underline;\">Famille :<\/span><\/strong> ASTERACEAE<\/p>\n<p><strong><span style=\"text-decoration: underline;\">Floraison :<\/span><\/strong> Ao\u00fbt &#8211; Septembre<\/p>\n<p><strong><span style=\"text-decoration: underline;\">Forme biologique :<\/span><\/strong><br \/>\nCham\u00e9phyte.<\/p>\n<p><strong><span style=\"text-decoration: underline;\">Protection :<\/span><\/strong><br \/>\n&#8211; Liste des esp\u00e8ces v\u00e9g\u00e9tales prot\u00e9g\u00e9es en r\u00e9gion Alsace Article 1 (1993)<br \/>\n&#8211; Liste des esp\u00e8ces v\u00e9g\u00e9tales prot\u00e9g\u00e9es en r\u00e9gion Bourgogne Article 1 (1992)<br \/>\n&#8211; Liste des esp\u00e8ces v\u00e9g\u00e9tales prot\u00e9g\u00e9es en r\u00e9gion Champagne-Ardenne Article 1 (1988)<\/p>\n<p><strong><span style=\"text-decoration: underline;\">Description dans la flore de Coste :<\/span><\/strong><br \/>\nPlante vivace de 30 \u00e0 60 cm. En touffe, ligneuse \u00e0 la base, ascendante, glabre ou presque ; feuilles vertes, ponctu\u00e9es, glabres ou un peu pubescentes, ovales, \u00e0 p\u00e9tiole auricul\u00e9 \u00e0 la base, les caulinaires pennati ou bipennatis\u00e9qu\u00e9es, \u00e0 divisions lin\u00e9aires, tr\u00e8s \u00e9troites, souvent subfiliformes ; involucre pubescent, blanch\u00e2tre, \u00e0 folioles ovales, largement scarieuses ; r\u00e9ceptacle \u00e0 poils assez courts ; capitules globuleux, p\u00e9dicell\u00e9s, pench\u00e9s, d\u00e9pass\u00e9s par la bract\u00e9e. Plante \u00e0 odeur de camphre.<br \/>\n<div id=\"attachment_3900\" style=\"width: 543px\" class=\"wp-caption aligncenter\"><a href=\"https:\/\/www.preservons-la-nature.fr\/blog\/wp-content\/uploads\/2014\/09\/DSC00154-2.jpg\" target=\"_blank\"><img loading=\"lazy\" decoding=\"async\" aria-describedby=\"caption-attachment-3900\" class=\"wp-image-3900 size-large\" title=\"Artemisia alba Turra ( Armoise blanche )\" src=\"https:\/\/www.preservons-la-nature.fr\/blog\/wp-content\/uploads\/2014\/09\/DSC00154-2-533x800.jpg\" alt=\"Artemisia alba Turra ( Armoise blanche )\" width=\"533\" height=\"800\" srcset=\"https:\/\/preservons-la-nature.fr\/blog\/wp-content\/uploads\/2014\/09\/DSC00154-2-533x800.jpg 533w, https:\/\/preservons-la-nature.fr\/blog\/wp-content\/uploads\/2014\/09\/DSC00154-2-200x300.jpg 200w, https:\/\/preservons-la-nature.fr\/blog\/wp-content\/uploads\/2014\/09\/DSC00154-2.jpg 667w\" sizes=\"auto, (max-width: 533px) 100vw, 533px\" \/><\/a><p id=\"caption-attachment-3900\" class=\"wp-caption-text\">Artemisia alba Turra ( Armoise blanche )<\/p><\/div><br \/>\n<strong><span style=\"text-decoration: underline;\">Pr\u00e9sent dans le(s) d\u00e9partement(s) suivant(s) :<\/span><\/strong><br \/>\nAin, Aisne, Allier, Alpes-de-Haute-Provence, Alpes-Maritimes, Ardennes, Bouches-du-Rh\u00f4ne, Cantal, Charente, Charente-Maritime, Cher, Dordogne, Dr\u00f4me, Haute-Loire, Hautes-Alpes, Haute-Savoie, Haut-Rhin, Is\u00e8re, Lot, Lot-et-Garonne, Loz\u00e8re, Puy-de-D\u00f4me, Savoie, Tarn-et-Garonne, Var, Vaucluse, Yonne.<br \/>\n<div id=\"attachment_3903\" style=\"width: 610px\" class=\"wp-caption aligncenter\"><a href=\"https:\/\/www.preservons-la-nature.fr\/blog\/wp-content\/uploads\/2014\/09\/carte12.jpg\"><img loading=\"lazy\" decoding=\"async\" aria-describedby=\"caption-attachment-3903\" src=\"https:\/\/www.preservons-la-nature.fr\/blog\/wp-content\/uploads\/2014\/09\/carte12.jpg\" alt=\"R\u00e9partition de Artemisia alba Turra ( Armoise blanche )\" width=\"600\" height=\"600\" class=\"size-full wp-image-3903\" srcset=\"https:\/\/preservons-la-nature.fr\/blog\/wp-content\/uploads\/2014\/09\/carte12.jpg 600w, https:\/\/preservons-la-nature.fr\/blog\/wp-content\/uploads\/2014\/09\/carte12-150x150.jpg 150w, https:\/\/preservons-la-nature.fr\/blog\/wp-content\/uploads\/2014\/09\/carte12-300x300.jpg 300w\" sizes=\"auto, (max-width: 600px) 100vw, 600px\" \/><\/a><p id=\"caption-attachment-3903\" class=\"wp-caption-text\">R\u00e9partition de Artemisia alba Turra ( Armoise blanche )<\/p><\/div><br \/>\n<strong><span style=\"text-decoration: underline;\">Phytosociologie :<\/span><\/strong><i><\/i><\/p>\n<table>\n<tbody>\n<tr>\n<td>Alliance<\/td>\n<td>Ordre<\/td>\n<td>Classe<\/td>\n<\/tr>\n<tr>\n<td><strong>Ononidion striatae<\/strong><\/td>\n<td><strong>Ononidetalia striatae<\/strong><\/td>\n<td><strong>Festuco valesiacae-Brometea erecti<\/strong><\/td>\n<\/tr>\n<tr>\n<td>Communaut\u00e9s x\u00e9rophiles ; tr\u00e8s r\u00e9pandues dans les Causses, les Corbi\u00e8res et en Haute-Provence.<\/td>\n<td>Communaut\u00e9s x\u00e9rophiles \u00e0 m\u00e9sox\u00e9rophiles, subm\u00e9diterran\u00e9ennes, et supra- \u00e0 orom\u00e9diterran\u00e9ennes.<\/td>\n<td>Pelouses \u00e0 dominance d\u2019h\u00e9micryptophytes, parfois landines et garrigues sous climat subm\u00e9diterran\u00e9en, x\u00e9rophiles \u00e0 m\u00e9sox\u00e9rophiles, collin\u00e9ennes \u00e0 montagnardes, europ\u00e9ennes et ouest-sib\u00e9riennes, surtout sur substrats carbonat\u00e9s ou basiques.<\/td>\n<\/tr>\n<\/tbody>\n<\/table>\n<table>\n<tbody>\n<tr>\n<td>Alliance<\/td>\n<td>Ordre<\/td>\n<td>Classe<\/td>\n<\/tr>\n<tr>\n<td><strong>Xerobromion erecti<\/strong><\/td>\n<td><strong>Brometalia erecti<\/strong><\/td>\n<td><strong>Festuco valesiacae-Brometea erecti<\/strong><\/td>\n<\/tr>\n<tr>\n<td>Communaut\u00e9s x\u00e9rophiles plus ou moins ouvertes, de caract\u00e8re subm\u00e9diterran\u00e9en.<\/td>\n<td>Communaut\u00e9s atlantiques \u00e0 subatlantiques.<\/td>\n<td>Pelouses \u00e0 dominance d\u2019h\u00e9micryptophytes, parfois landines et garrigues sous climat subm\u00e9diterran\u00e9en, x\u00e9rophiles \u00e0 m\u00e9sox\u00e9rophiles, collin\u00e9ennes \u00e0 montagnardes, europ\u00e9ennes et ouest-sib\u00e9riennes, surtout sur substrats carbonat\u00e9s ou basiques.<\/td>\n<\/tr>\n<\/tbody>\n<\/table>\n<p><strong><span style=\"text-decoration: underline;\">Taxonomie :<\/span><\/strong><br \/>\n<i>Artemisia alba Turra<\/i> a pour synonymes (Informations issues de la BDTFX Version 2.0, <a href=\"http:\/\/www.tela-botanica.org\" target=\"_blank\">Tela Botanica<\/a>) :<i><br \/>\n&#8211; Abrotanum alpestre Jord. &amp; Fourr.<br \/>\n&#8211; Abrotanum ambiguum Jord. &amp; Fourr.<br \/>\n&#8211; Abrotanum brachylobum Jord. &amp; Fourr.<br \/>\n&#8211; Abrotanum congestum Jord. &amp; Fourr.<br \/>\n&#8211; Abrotanum pauciflorum Jord. &amp; Fourr.<br \/>\n&#8211; Abrotanum pedunculare Jord. &amp; Fourr.<br \/>\n&#8211; Abrotanum platylobum Jord. &amp; Fourr.<br \/>\n&#8211; Abrotanum pulverulentum Jord. &amp; Fourr.<br \/>\n&#8211; Abrotanum rhodanicum Jord. &amp; Fourr.<br \/>\n&#8211; Abrotanum virgatum Jord. &amp; Fourr.<br \/>\n&#8211; Abrotanum viridulum Jord. &amp; Fourr.<br \/>\n&#8211; Abrotanum xerophilum Jord. &amp; Fourr.<br \/>\n&#8211; Absinthium camphoratum (Vill.) Besser<br \/>\n&#8211; Artemisia alba subsp. camphorata P.Fourn.<br \/>\n&#8211; Artemisia alba subsp. canescens (DC.) Priszter &amp; So\u00f3<br \/>\n&#8211; Artemisia alba subsp. lobelii (All.) Gams<br \/>\n&#8211; Artemisia alba subsp. saxatilis (Waldst. &amp; Kit. ex Willd.) P.Fourn.<br \/>\n&#8211; Artemisia alba subsp. suavis (Jord.) P.Fourn.<br \/>\n&#8211; Artemisia camphorata proles saxatilis (Waldst. &amp; Kit. ex Willd.) Rouy<br \/>\n&#8211; Artemisia camphorata proles suavis (Jord.) Rouy<br \/>\n&#8211; Artemisia camphorata subsp. canescens (DC.) Arcang.<br \/>\n&#8211; Artemisia camphorata var. alpestris (Jord. &amp; Fourr.) Cariot &amp; St.-Lag.<br \/>\n&#8211; Artemisia camphorata var. brachyloba (Jord. &amp; Fourr.) Rouy<br \/>\n&#8211; Artemisia camphorata var. canescens DC.<br \/>\n&#8211; Artemisia camphorata var. pauciflora (Jord. &amp; Fourr.) Cariot &amp; St.-Lag.<br \/>\n&#8211; Artemisia camphorata var. peduncularis (Jord. &amp; Fourr.) Cariot &amp; St.-Lag.<br \/>\n&#8211; Artemisia camphorata var. platyloba (Jord. &amp; Fourr.) Cariot &amp; St.-Lag.<br \/>\n&#8211; Artemisia camphorata var. rhodanica (Jord. &amp; Fourr.) Rouy<br \/>\n&#8211; Artemisia camphorata var. saxatilis (Waldst. &amp; Kit. ex Willd.) DC.<br \/>\n&#8211; Artemisia camphorata var. xerophila (Jord. &amp; Fourr.) Rouy<br \/>\n&#8211; Artemisia camphorata Vill.<br \/>\n&#8211; Artemisia humilis Wulfen<br \/>\n&#8211; Artemisia incanescens Jord. ex Godr.<br \/>\n&#8211; Artemisia intermedia Host<br \/>\n&#8211; Artemisia lobelii All.<br \/>\n&#8211; Artemisia lobelii var. canescens (DC.) Briq. &amp; Cavill.<br \/>\n&#8211; Artemisia lobelii var. humilis Briq. &amp; Cavill.<br \/>\n&#8211; Artemisia saxatilis Waldst. &amp; Kit. ex Willd.<br \/>\n&#8211; Artemisia suavis Jord.<br \/>\n&#8211; Artemisia xerophila (Jord. &amp; Fourr.) Magnier<br \/>\n<\/i><br \/>\n<strong><span style=\"text-decoration: underline;\">Bibliographie :<\/span><\/strong><\/p>\n<ul>\n<li>Flore de France ; H. Coste ; Librairie des sciences et des Arts 1937<\/li>\n<\/ul>\n","protected":false},"excerpt":{"rendered":"<p>Une fiche plus r&eacute;cente existe, vous pouvez la consulter ICI Nom : Artemisia alba Turra ( Armoise blanche ) Autre(s) nom(s) : Armoise blanche, Armoise camphr\u00e9e. Famille : ASTERACEAE Floraison : Ao\u00fbt &#8211; Septembre Forme biologique : Cham\u00e9phyte. Protection : &hellip; <a href=\"https:\/\/preservons-la-nature.fr\/blog\/?p=3898\">Continuer la lecture <span class=\"meta-nav\">&rarr;<\/span><\/a><\/p>\n","protected":false},"author":1,"featured_media":0,"comment_status":"open","ping_status":"open","sticky":false,"template":"","format":"standard","meta":{"footnotes":""},"categories":[87],"tags":[48],"class_list":["post-3898","post","type-post","status-publish","format-standard","hentry","category-ficheplante","tag-asteracees"],"_links":{"self":[{"href":"https:\/\/preservons-la-nature.fr\/blog\/index.php?rest_route=\/wp\/v2\/posts\/3898","targetHints":{"allow":["GET"]}}],"collection":[{"href":"https:\/\/preservons-la-nature.fr\/blog\/index.php?rest_route=\/wp\/v2\/posts"}],"about":[{"href":"https:\/\/preservons-la-nature.fr\/blog\/index.php?rest_route=\/wp\/v2\/types\/post"}],"author":[{"embeddable":true,"href":"https:\/\/preservons-la-nature.fr\/blog\/index.php?rest_route=\/wp\/v2\/users\/1"}],"replies":[{"embeddable":true,"href":"https:\/\/preservons-la-nature.fr\/blog\/index.php?rest_route=%2Fwp%2Fv2%2Fcomments&post=3898"}],"version-history":[{"count":3,"href":"https:\/\/preservons-la-nature.fr\/blog\/index.php?rest_route=\/wp\/v2\/posts\/3898\/revisions"}],"predecessor-version":[{"id":3904,"href":"https:\/\/preservons-la-nature.fr\/blog\/index.php?rest_route=\/wp\/v2\/posts\/3898\/revisions\/3904"}],"wp:attachment":[{"href":"https:\/\/preservons-la-nature.fr\/blog\/index.php?rest_route=%2Fwp%2Fv2%2Fmedia&parent=3898"}],"wp:term":[{"taxonomy":"category","embeddable":true,"href":"https:\/\/preservons-la-nature.fr\/blog\/index.php?rest_route=%2Fwp%2Fv2%2Fcategories&post=3898"},{"taxonomy":"post_tag","embeddable":true,"href":"https:\/\/preservons-la-nature.fr\/blog\/index.php?rest_route=%2Fwp%2Fv2%2Ftags&post=3898"}],"curies":[{"name":"wp","href":"https:\/\/api.w.org\/{rel}","templated":true}]}}